{"id":10018,"date":"2022-05-02T08:23:24","date_gmt":"2022-05-02T06:23:24","guid":{"rendered":"https:\/\/ckcpr.fr\/?p=10018"},"modified":"2022-05-03T08:13:09","modified_gmt":"2022-05-03T06:13:09","slug":"apa-sans-les-monos-dans-le-pollen-en-folie","status":"publish","type":"post","link":"https:\/\/ckcpr.fr\/index.php\/2022\/05\/02\/apa-sans-les-monos-dans-le-pollen-en-folie\/","title":{"rendered":"APA sans les monos, dans le pollen en folie ;-)"},"content":{"rendered":"\t\t<div data-elementor-type=\"wp-post\" data-elementor-id=\"10018\" class=\"elementor elementor-10018\">\n\t\t\t\t\t\t<section class=\"elementor-section elementor-top-section elementor-element elementor-element-c964b0e elementor-section-boxed elementor-section-height-default elementor-section-height-default\" data-id=\"c964b0e\" data-element_type=\"section\" data-e-type=\"section\">\n\t\t\t\t\t\t<div class=\"elementor-container elementor-column-gap-default\">\n\t\t\t\t\t<div class=\"elementor-column elementor-col-100 elementor-top-column elementor-element elementor-element-31c44a5\" data-id=\"31c44a5\" data-element_type=\"column\" data-e-type=\"column\">\n\t\t\t<div class=\"elementor-widget-wrap elementor-element-populated\">\n\t\t\t\t\t\t<div class=\"elementor-element elementor-element-d1a6e5f elementor-widget elementor-widget-text-editor\" data-id=\"d1a6e5f\" data-element_type=\"widget\" data-e-type=\"widget\" data-widget_type=\"text-editor.default\">\n\t\t\t\t<div class=\"elementor-widget-container\">\n\t\t\t\t\t\t\t\t\t<p>Avec les vacances tout juste termin\u00e9es derri\u00e8re nous, on avait qu\u2019une h\u00e2te irr\u00e9pressible : se retrouver et s\u2019asseoir sur l\u2019eau. Quant, 5 jours avant, la cale r\u00e9alise que notre Maxence de cadre pr\u00e9f\u00e9r\u00e9 sera en mission au loin ce jour l\u00e0, exceptionnellement. Tandis que notre Mick pr\u00e9f\u00e9r\u00e9 aussi botte en touche. Il ne peut sous aucun pr\u00e9texte remplacer Maxence, une classe enti\u00e8re l\u2019attendant comme le gourou de ses r\u00eaves. Heureusement, un nouvel homme fort fait son entr\u00e9e, notre futur directeur fra\u00eechement d\u00e9barqu\u00e9. Mais au dernier moment, le sort s\u2019acharne, notre Johan se l\u00e8ve patraque, pense \u00e0 se triturer la narine avec un coton tige aussi agr\u00e9able qu\u2019un \u00e9couvillon dans le nez. Et le couperet tombe: Covid.<\/p>\n<p>On est en fin d\u2019ann\u00e9e, le soleil brille, les clapotis clapotent, martins-p\u00eacheurs et libellules font des loopings en rase-mottes sur les n\u00e9nuphars. Il est hors de question que Covid d\u00e9truise Goliath.<\/p>\n<p>D\u2019ailleurs Michel a une tendinite qui tend \u00e0 se r\u00e9veiller s\u00e9rieusement. Mais l\u00e0 aussi, son sort est jou\u00e9, il sera gouvernail \u00e0 une main. Notre cours technique de la man\u0153uvre directionnelle \u00e0 op\u00e9rer pour diriger un cano\u00eb prend tout son sens. Devant, ce sera Nathalie qui ramera joyeusement en faisant la chouette.&nbsp;<\/p>\n<p>\u00c0 ce propos, avant les vacances Mick et Nath avaient pagay\u00e9 c\u00f4te \u00e0 c\u00f4te, Mick s\u2019effor\u00e7ant tr\u00e8s s\u00e9rieusement de faire des vocalises pour ressembler \u00e0 une chouette foresti\u00e8re. Apr\u00e8s les vacances, nous a confi\u00e9 que ses hululements de loup caverneux n\u2019avaient tromp\u00e9 aucun de ses copains. N\u2019est pas Edwige, la chouette blanche d\u2019Harry Potter qui veut ! Nath, elle, oui. C\u2019en est troublant, vraiment.<\/p>\n<p>Bref, tout \u00e7a pour dire, que sans prof, il \u00e9tait hors de question d\u2019abandonner. La joyeuse troupe de moussaillons APA entra\u00een\u00e9e toute l\u2019ann\u00e9e n\u2019allait pas se d\u00e9biner. Nath et Michel dans le m\u00eame cano\u00eb en symbiose. Evelyne, C\u00e2ndida et moi \u00e0 bord de nos petits bateaux. Le tout direction Le Bo\u00ebl. Le moulin \u00e0 eau. Cette merveille enchanteresse parfaitement immerg\u00e9e dans le paysage de notre canyon local avec ses falaises de schiste violet, son barrage et son \u00e9cluse. Evelyne, notre championne Handi-kayak de ligne, venue du grand Est, ne l\u2019avait jamais vu encore.<\/p>\n<p>L\u2019aller s\u2019est fait tranquillement, peut-\u00eatre un peu trop zen. Des papooses sur une eau calme et paisible. Ni m\u00eame de promeneurs ou joggeurs sur les berges, ni de copains canid\u00e9s accompagnants. Que les rayons du soleil pour nous h\u00e2ler le bronzage progressivement. Sifflotement des oiseaux, vols plan\u00e9s des migrateurs de belle envergure, libellules \u00e0 4 ailes qui comme des drones ravissaient nos pupilles de grandes herbes en n\u00e9nuphars. Les tritons faisaient des courses sur l\u2019eau. Leurs dossards invisibles \u00e0 l\u2019\u0153il nu, hu\u00e9s par des centaines de bestioles gris\u00e9es par l\u2019\u00e9v\u00e9nement sur l\u2019hippodrome aquatique de la f\u00eate de la vitesse. Et le pollen par milliers jonchait la surface immacul\u00e9e de l\u2019eau.&nbsp;<\/p>\n<p>Nous au milieu, slalomant pour ne pas entraver de nos sillages les nappes immenses de moutons blancs. Comme un paysage de neige qu\u2019on ne voudrait pas ab\u00eemer de nos empreintes de pas. Il neigeait. Une pluie de petites f\u00e9es blanches balayait le ciel au-dessus de nous, se balan\u00e7ant d\u2019arbres en arbres. \u00c7a on peut en \u00eatre s\u00fbr, la nature reprend toujours ses droits au printemps. Elle se r\u00e9g\u00e9n\u00e8re sous nos yeux \u00e9bahis. Heureusement, aucun de nous n\u2019a \u00e9ternu\u00e9.&nbsp;<\/p>\n<p>Puis, soudain, magie de cette poudre de perlimpinpin en douce apesanteur autour et au-dessus ? Peut-\u00eatre. C\u00e2ndida canalise nos \u00e9merveillements en nous montrant les premiers canetons qu\u2019elle aper\u00e7oit au loin.<\/p>\n<p>\u00ab&nbsp;Mais si, regardez !&nbsp;\u00bb<\/p>\n<p>Nous. Oui, bon monsieur Colvert et sa douce en balade amoureuse. Canetons ?<\/p>\n<p>C\u00e2ndida insiste. On se concentre. Se rapproche. Les petites boules de duvets blancs tours petits et tout mignons se trouvent \u00eatre de simples boules de pollen =))<\/p>\n<p>Premier fou-rire.&nbsp;<\/p>\n<p>Pollen hallucinog\u00e8ne sur C\u00e2ndida notre po\u00e9tesse. C\u2019est s\u00fbr !<\/p>\n<p>Au retour, changement d\u2019ambiance. Puisque le ponton du Bo\u00ebl \u00e9tait trop haut pour qu\u2019Evelyne puisse se hisser et changer d\u2019embarcation pour \u00e9changer avec Nath, celle-ci a troqu\u00e9 le magique hululement d\u2019Edwige pour le g\u00e9n\u00e9rique des Dents de la mer&nbsp;<img decoding=\"async\" class=\"an1\" src=\"https:\/\/fonts.gstatic.com\/s\/e\/notoemoji\/14.0\/1f30a\/32.png\" alt=\"\ud83c\udf0a\" data-emoji=\"\ud83c\udf0a\" aria-label=\"\ud83c\udf0a\">&nbsp;&nbsp;<img decoding=\"async\" class=\"an1\" src=\"https:\/\/fonts.gstatic.com\/s\/e\/notoemoji\/14.0\/1f3f4_200d_2620_fe0f\/32.png\" alt=\"\ud83c\udff4\u200d\u2620\ufe0f\" data-emoji=\"\ud83c\udff4\u200d\u2620\ufe0f\" aria-label=\"\ud83c\udff4\u200d\u2620\ufe0f\">.&nbsp;<\/p>\n<p>D\u2019ailleurs \u00e7a devait \u00eatre d\u00fb \u00e0 l\u2019absence de piste blanche et de vol\u00e9e de pollen sur les premi\u00e8res longues encablures de remont\u00e9e. Comme s\u2019il avait fallu que la magie n\u2019op\u00e8re plus pour l\u00e2cher les fauves.<\/p>\n<p>Nous pauvres petits kayaks tout petits et tous mignons, nous faisions pourchasser par Nath et Michel \u00e0 bord de leur baleinier, au son de \u00ab&nbsp;POPOPOPOPOPO&nbsp;<img decoding=\"async\" class=\"an1\" src=\"https:\/\/fonts.gstatic.com\/s\/e\/notoemoji\/14.0\/1f631\/32.png\" alt=\"\ud83d\ude31\" data-emoji=\"\ud83d\ude31\" aria-label=\"\ud83d\ude31\"><img decoding=\"async\" class=\"an1\" src=\"https:\/\/fonts.gstatic.com\/s\/e\/notoemoji\/14.0\/1f3b5\/32.png\" alt=\"\ud83c\udfb5\" data-emoji=\"\ud83c\udfb5\" aria-label=\"\ud83c\udfb5\">&nbsp;\u00bb \u00e0 nos trousses. Quelques bonnes pellet\u00e9es de flotte et bonnes joutes aquatiques nous ont fait d\u2019un coup d\u2019un seul oubli\u00e9 l\u00e0 une tendinite, ici une parapl\u00e9gie.&nbsp;<\/p>\n<p>Evelyne et moi avons pourtant essay\u00e9 de prendre notre revanche et avancer en strat\u00e9gie militaire. Notre objectif \u00e9tait simple : les prendre en \u00e9tau. Evelyne devait filer leur droite, moi, glisser entre la berge et leur flanc gauche. Mais les rats zigzaguaient et longeaient de trop pr\u00e8s les roseaux. Pagayer discr\u00e8tement et efficacement devenait difficile. \u00c0 chaque coup de pale, elle rencontrait un caillou. Alors Evelyne a lanc\u00e9 l\u2019assaut. J\u2019en ai profit\u00e9 pour les assaillir sur leur gauche, tout du moins j\u2019ai essay\u00e9 de les d\u00e9stabiliser de ma franche offensive. Un instant, \u00e7a a march\u00e9, Michel ne savait plus o\u00f9 donner de la t\u00eate. Mais rapidement les bougres ont repris le dessus, le sabordage \u00e9clair et tambour-battant battait l\u2019eau et cr\u00e9ait un mascaret. Bonnes pellet\u00e9es de flotte rafra\u00eechissantes, bien tout mouill\u00e9s de partout, mais toujours \u00e0 l\u2019endroit dans nos jouets, la bataille a \u00e9t\u00e9 rude et rondement men\u00e9e. Mais les plus fort c\u2019\u00e9tait eux, l\u2019\u00e9quipage r\u00f4d\u00e9 du baleinier, fort du poignet et bien au-dessus de la surface de l\u2019eau.<\/p>\n<p>Apr\u00e8s nous avoir bien arros\u00e9 et cri\u00e9 victoire, un 3\u00e8me petit kayak \u00e9tait \u00e0 abattre. Evelyne et moi avons cri\u00e9 \u00e0 C\u00e2ndida de s\u2019\u00e9chapper loin devant.<\/p>\n<p>La course poursuite \u00e9tait pourtant peu \u00e9quilibr\u00e9e, C\u00e2ndida ne s\u2019est jamais arr\u00eat\u00e9 de remonter la rivi\u00e8re. Et c\u2019est elle qui a gagn\u00e9. Jusqu\u2019au dernier moment, au ponton, le suspense \u00e9tait \u00e0 son comble.<\/p>\n<p>Formidable \u00e9pop\u00e9e. 8 ans sur l\u2019eau, on remet \u00e7a d\u00e8s que possible.<\/p>\n<p>Vivement l\u2019APA, vendredi prochain !<\/p>\n<p dir=\"auto\">Magali<\/p>\t\t\t\t\t\t\t\t<\/div>\n\t\t\t\t<\/div>\n\t\t\t\t\t<\/div>\n\t\t<\/div>\n\t\t\t\t\t<\/div>\n\t\t<\/section>\n\t\t\t\t<\/div>\n\t\t","protected":false},"excerpt":{"rendered":"<p>Avec les vacances tout juste termin\u00e9es derri\u00e8re nous, on avait qu\u2019une h\u00e2te irr\u00e9pressible : se retrouver et s\u2019asseoir sur l\u2019eau. Quant, 5 jours avant, la cale r\u00e9alise que notre Maxence de cadre pr\u00e9f\u00e9r\u00e9 sera en mission au loin ce jour l\u00e0, exceptionnellement. Tandis que notre Mick pr\u00e9f\u00e9r\u00e9 aussi botte en touche. Il ne peut sous [&hellip;]<\/p>\n","protected":false},"author":11,"featured_media":10019,"comment_status":"open","ping_status":"open","sticky":false,"template":"","format":"standard","meta":{"site-sidebar-layout":"default","site-content-layout":"","ast-site-content-layout":"default","site-content-style":"default","site-sidebar-style":"default","ast-global-header-display":"","ast-banner-title-visibility":"","ast-main-header-display":"","ast-hfb-above-header-display":"","ast-hfb-below-header-display":"","ast-hfb-mobile-header-display":"","site-post-title":"","ast-breadcrumbs-content":"","ast-featured-img":"","footer-sml-layout":"","ast-disable-related-posts":"","theme-transparent-header-meta":"","adv-header-id-meta":"","stick-header-meta":"","header-above-stick-meta":"","header-main-stick-meta":"","header-below-stick-meta":"","astra-migrate-meta-layouts":"default","ast-page-background-enabled":"default","ast-page-background-meta":{"desktop":{"background-color":"","background-image":"","background-repeat":"repeat","background-position":"center center","background-size":"auto","background-attachment":"scroll","background-type":"","background-media":"","overlay-type":"","overlay-color":"","overlay-opacity":"","overlay-gradient":""},"tablet":{"background-color":"","background-image":"","background-repeat":"repeat","background-position":"center center","background-size":"auto","background-attachment":"scroll","background-type":"","background-media":"","overlay-type":"","overlay-color":"","overlay-opacity":"","overlay-gradient":""},"mobile":{"background-color":"","background-image":"","background-repeat":"repeat","background-position":"center center","background-size":"auto","background-attachment":"scroll","background-type":"","background-media":"","overlay-type":"","overlay-color":"","overlay-opacity":"","overlay-gradient":""}},"ast-content-background-meta":{"desktop":{"background-color":"var(--ast-global-color-5)","background-image":"","background-repeat":"repeat","background-position":"center center","background-size":"auto","background-attachment":"scroll","background-type":"","background-media":"","overlay-type":"","overlay-color":"","overlay-opacity":"","overlay-gradient":""},"tablet":{"background-color":"var(--ast-global-color-5)","background-image":"","background-repeat":"repeat","background-position":"center center","background-size":"auto","background-attachment":"scroll","background-type":"","background-media":"","overlay-type":"","overlay-color":"","overlay-opacity":"","overlay-gradient":""},"mobile":{"background-color":"var(--ast-global-color-5)","background-image":"","background-repeat":"repeat","background-position":"center center","background-size":"auto","background-attachment":"scroll","background-type":"","background-media":"","overlay-type":"","overlay-color":"","overlay-opacity":"","overlay-gradient":""}},"footnotes":""},"categories":[114],"tags":[],"class_list":["post-10018","post","type-post","status-publish","format-standard","has-post-thumbnail","hentry","category-apa"],"yoast_head":"<!-- This site is optimized with the Yoast SEO plugin v27.5 - https:\/\/yoast.com\/product\/yoast-seo-wordpress\/ -->\n<title>APA sans les monos, dans le pollen en folie ;-) - Cano\u00eb-Kayak Club de Pont-R\u00e9an<\/title>\n<meta name=\"robots\" content=\"index, follow, max-snippet:-1, max-image-preview:large, max-video-preview:-1\" \/>\n<link rel=\"canonical\" href=\"https:\/\/ckcpr.fr\/index.php\/2022\/05\/02\/apa-sans-les-monos-dans-le-pollen-en-folie\/\" \/>\n<meta property=\"og:locale\" content=\"fr_FR\" \/>\n<meta property=\"og:type\" content=\"article\" \/>\n<meta property=\"og:title\" content=\"APA sans les monos, dans le pollen en folie ;-) - Cano\u00eb-Kayak Club de Pont-R\u00e9an\" \/>\n<meta property=\"og:description\" content=\"Avec les vacances tout juste termin\u00e9es derri\u00e8re nous, on avait qu\u2019une h\u00e2te irr\u00e9pressible : se retrouver et s\u2019asseoir sur l\u2019eau. Quant, 5 jours avant, la cale r\u00e9alise que notre Maxence de cadre pr\u00e9f\u00e9r\u00e9 sera en mission au loin ce jour l\u00e0, exceptionnellement. Tandis que notre Mick pr\u00e9f\u00e9r\u00e9 aussi botte en touche. Il ne peut sous [&hellip;]\" \/>\n<meta property=\"og:url\" content=\"https:\/\/ckcpr.fr\/index.php\/2022\/05\/02\/apa-sans-les-monos-dans-le-pollen-en-folie\/\" \/>\n<meta property=\"og:site_name\" content=\"Cano\u00eb-Kayak Club de Pont-R\u00e9an\" \/>\n<meta property=\"article:published_time\" content=\"2022-05-02T06:23:24+00:00\" \/>\n<meta property=\"article:modified_time\" content=\"2022-05-03T06:13:09+00:00\" \/>\n<meta property=\"og:image\" content=\"https:\/\/ckcpr.fr\/wp-content\/uploads\/2022\/05\/IMG_20220204_153054-small.jpg\" \/>\n\t<meta property=\"og:image:width\" content=\"1024\" \/>\n\t<meta property=\"og:image:height\" content=\"461\" \/>\n\t<meta property=\"og:image:type\" content=\"image\/jpeg\" \/>\n<meta name=\"author\" content=\"Fabien SPINDLER\" \/>\n<meta name=\"twitter:label1\" content=\"\u00c9crit par\" \/>\n\t<meta name=\"twitter:data1\" content=\"Fabien SPINDLER\" \/>\n\t<meta name=\"twitter:label2\" content=\"Dur\u00e9e de lecture estim\u00e9e\" \/>\n\t<meta name=\"twitter:data2\" content=\"6 minutes\" \/>\n<script type=\"application\/ld+json\" class=\"yoast-schema-graph\">{\"@context\":\"https:\\\/\\\/schema.org\",\"@graph\":[{\"@type\":\"Article\",\"@id\":\"https:\\\/\\\/ckcpr.fr\\\/index.php\\\/2022\\\/05\\\/02\\\/apa-sans-les-monos-dans-le-pollen-en-folie\\\/#article\",\"isPartOf\":{\"@id\":\"https:\\\/\\\/ckcpr.fr\\\/index.php\\\/2022\\\/05\\\/02\\\/apa-sans-les-monos-dans-le-pollen-en-folie\\\/\"},\"author\":{\"name\":\"Fabien SPINDLER\",\"@id\":\"https:\\\/\\\/ckcpr.fr\\\/#\\\/schema\\\/person\\\/77702215a818dc209589f38d0ef2a4ee\"},\"headline\":\"APA sans les monos, dans le pollen en folie ;-)\",\"datePublished\":\"2022-05-02T06:23:24+00:00\",\"dateModified\":\"2022-05-03T06:13:09+00:00\",\"mainEntityOfPage\":{\"@id\":\"https:\\\/\\\/ckcpr.fr\\\/index.php\\\/2022\\\/05\\\/02\\\/apa-sans-les-monos-dans-le-pollen-en-folie\\\/\"},\"wordCount\":1141,\"commentCount\":0,\"publisher\":{\"@id\":\"https:\\\/\\\/ckcpr.fr\\\/#organization\"},\"image\":{\"@id\":\"https:\\\/\\\/ckcpr.fr\\\/index.php\\\/2022\\\/05\\\/02\\\/apa-sans-les-monos-dans-le-pollen-en-folie\\\/#primaryimage\"},\"thumbnailUrl\":\"https:\\\/\\\/ckcpr.fr\\\/wp-content\\\/uploads\\\/2022\\\/05\\\/IMG_20220204_153054-small.jpg\",\"articleSection\":[\"APA\"],\"inLanguage\":\"fr-FR\",\"potentialAction\":[{\"@type\":\"CommentAction\",\"name\":\"Comment\",\"target\":[\"https:\\\/\\\/ckcpr.fr\\\/index.php\\\/2022\\\/05\\\/02\\\/apa-sans-les-monos-dans-le-pollen-en-folie\\\/#respond\"]}]},{\"@type\":\"WebPage\",\"@id\":\"https:\\\/\\\/ckcpr.fr\\\/index.php\\\/2022\\\/05\\\/02\\\/apa-sans-les-monos-dans-le-pollen-en-folie\\\/\",\"url\":\"https:\\\/\\\/ckcpr.fr\\\/index.php\\\/2022\\\/05\\\/02\\\/apa-sans-les-monos-dans-le-pollen-en-folie\\\/\",\"name\":\"APA sans les monos, dans le pollen en folie ;-) - Cano\u00eb-Kayak Club de Pont-R\u00e9an\",\"isPartOf\":{\"@id\":\"https:\\\/\\\/ckcpr.fr\\\/#website\"},\"primaryImageOfPage\":{\"@id\":\"https:\\\/\\\/ckcpr.fr\\\/index.php\\\/2022\\\/05\\\/02\\\/apa-sans-les-monos-dans-le-pollen-en-folie\\\/#primaryimage\"},\"image\":{\"@id\":\"https:\\\/\\\/ckcpr.fr\\\/index.php\\\/2022\\\/05\\\/02\\\/apa-sans-les-monos-dans-le-pollen-en-folie\\\/#primaryimage\"},\"thumbnailUrl\":\"https:\\\/\\\/ckcpr.fr\\\/wp-content\\\/uploads\\\/2022\\\/05\\\/IMG_20220204_153054-small.jpg\",\"datePublished\":\"2022-05-02T06:23:24+00:00\",\"dateModified\":\"2022-05-03T06:13:09+00:00\",\"breadcrumb\":{\"@id\":\"https:\\\/\\\/ckcpr.fr\\\/index.php\\\/2022\\\/05\\\/02\\\/apa-sans-les-monos-dans-le-pollen-en-folie\\\/#breadcrumb\"},\"inLanguage\":\"fr-FR\",\"potentialAction\":[{\"@type\":\"ReadAction\",\"target\":[\"https:\\\/\\\/ckcpr.fr\\\/index.php\\\/2022\\\/05\\\/02\\\/apa-sans-les-monos-dans-le-pollen-en-folie\\\/\"]}]},{\"@type\":\"ImageObject\",\"inLanguage\":\"fr-FR\",\"@id\":\"https:\\\/\\\/ckcpr.fr\\\/index.php\\\/2022\\\/05\\\/02\\\/apa-sans-les-monos-dans-le-pollen-en-folie\\\/#primaryimage\",\"url\":\"https:\\\/\\\/ckcpr.fr\\\/wp-content\\\/uploads\\\/2022\\\/05\\\/IMG_20220204_153054-small.jpg\",\"contentUrl\":\"https:\\\/\\\/ckcpr.fr\\\/wp-content\\\/uploads\\\/2022\\\/05\\\/IMG_20220204_153054-small.jpg\",\"width\":1024,\"height\":461},{\"@type\":\"BreadcrumbList\",\"@id\":\"https:\\\/\\\/ckcpr.fr\\\/index.php\\\/2022\\\/05\\\/02\\\/apa-sans-les-monos-dans-le-pollen-en-folie\\\/#breadcrumb\",\"itemListElement\":[{\"@type\":\"ListItem\",\"position\":1,\"name\":\"Accueil\",\"item\":\"https:\\\/\\\/ckcpr.fr\\\/\"},{\"@type\":\"ListItem\",\"position\":2,\"name\":\"APA sans les monos, dans le pollen en folie ;-)\"}]},{\"@type\":\"WebSite\",\"@id\":\"https:\\\/\\\/ckcpr.fr\\\/#website\",\"url\":\"https:\\\/\\\/ckcpr.fr\\\/\",\"name\":\"Cano\u00eb-Kayak Club de Pont-R\u00e9an\",\"description\":\"\",\"publisher\":{\"@id\":\"https:\\\/\\\/ckcpr.fr\\\/#organization\"},\"potentialAction\":[{\"@type\":\"SearchAction\",\"target\":{\"@type\":\"EntryPoint\",\"urlTemplate\":\"https:\\\/\\\/ckcpr.fr\\\/?s={search_term_string}\"},\"query-input\":{\"@type\":\"PropertyValueSpecification\",\"valueRequired\":true,\"valueName\":\"search_term_string\"}}],\"inLanguage\":\"fr-FR\"},{\"@type\":\"Organization\",\"@id\":\"https:\\\/\\\/ckcpr.fr\\\/#organization\",\"name\":\"Cano\u00eb-Kayak Club de Pont-R\u00e9an\",\"url\":\"https:\\\/\\\/ckcpr.fr\\\/\",\"logo\":{\"@type\":\"ImageObject\",\"inLanguage\":\"fr-FR\",\"@id\":\"https:\\\/\\\/ckcpr.fr\\\/#\\\/schema\\\/logo\\\/image\\\/\",\"url\":\"https:\\\/\\\/ckcpr.fr\\\/wp-content\\\/uploads\\\/2022\\\/03\\\/cropped-cropped-Logo_ckcpr_horizontal.jpg\",\"contentUrl\":\"https:\\\/\\\/ckcpr.fr\\\/wp-content\\\/uploads\\\/2022\\\/03\\\/cropped-cropped-Logo_ckcpr_horizontal.jpg\",\"width\":468,\"height\":156,\"caption\":\"Cano\u00eb-Kayak Club de Pont-R\u00e9an\"},\"image\":{\"@id\":\"https:\\\/\\\/ckcpr.fr\\\/#\\\/schema\\\/logo\\\/image\\\/\"}},{\"@type\":\"Person\",\"@id\":\"https:\\\/\\\/ckcpr.fr\\\/#\\\/schema\\\/person\\\/77702215a818dc209589f38d0ef2a4ee\",\"name\":\"Fabien SPINDLER\",\"image\":{\"@type\":\"ImageObject\",\"inLanguage\":\"fr-FR\",\"@id\":\"https:\\\/\\\/secure.gravatar.com\\\/avatar\\\/39bef6716eae516dda73823f2c63c704b712b863069634c8687b14a1230ea606?s=96&d=mm&r=g\",\"url\":\"https:\\\/\\\/secure.gravatar.com\\\/avatar\\\/39bef6716eae516dda73823f2c63c704b712b863069634c8687b14a1230ea606?s=96&d=mm&r=g\",\"contentUrl\":\"https:\\\/\\\/secure.gravatar.com\\\/avatar\\\/39bef6716eae516dda73823f2c63c704b712b863069634c8687b14a1230ea606?s=96&d=mm&r=g\",\"caption\":\"Fabien SPINDLER\"},\"url\":\"https:\\\/\\\/ckcpr.fr\\\/index.php\\\/author\\\/fabien-spindler35gmail-com\\\/\"}]}<\/script>\n<!-- \/ Yoast SEO plugin. -->","yoast_head_json":{"title":"APA sans les monos, dans le pollen en folie ;-) - Cano\u00eb-Kayak Club de Pont-R\u00e9an","robots":{"index":"index","follow":"follow","max-snippet":"max-snippet:-1","max-image-preview":"max-image-preview:large","max-video-preview":"max-video-preview:-1"},"canonical":"https:\/\/ckcpr.fr\/index.php\/2022\/05\/02\/apa-sans-les-monos-dans-le-pollen-en-folie\/","og_locale":"fr_FR","og_type":"article","og_title":"APA sans les monos, dans le pollen en folie ;-) - Cano\u00eb-Kayak Club de Pont-R\u00e9an","og_description":"Avec les vacances tout juste termin\u00e9es derri\u00e8re nous, on avait qu\u2019une h\u00e2te irr\u00e9pressible : se retrouver et s\u2019asseoir sur l\u2019eau. Quant, 5 jours avant, la cale r\u00e9alise que notre Maxence de cadre pr\u00e9f\u00e9r\u00e9 sera en mission au loin ce jour l\u00e0, exceptionnellement. Tandis que notre Mick pr\u00e9f\u00e9r\u00e9 aussi botte en touche. Il ne peut sous [&hellip;]","og_url":"https:\/\/ckcpr.fr\/index.php\/2022\/05\/02\/apa-sans-les-monos-dans-le-pollen-en-folie\/","og_site_name":"Cano\u00eb-Kayak Club de Pont-R\u00e9an","article_published_time":"2022-05-02T06:23:24+00:00","article_modified_time":"2022-05-03T06:13:09+00:00","og_image":[{"width":1024,"height":461,"url":"https:\/\/ckcpr.fr\/wp-content\/uploads\/2022\/05\/IMG_20220204_153054-small.jpg","type":"image\/jpeg"}],"author":"Fabien SPINDLER","twitter_misc":{"\u00c9crit par":"Fabien SPINDLER","Dur\u00e9e de lecture estim\u00e9e":"6 minutes"},"schema":{"@context":"https:\/\/schema.org","@graph":[{"@type":"Article","@id":"https:\/\/ckcpr.fr\/index.php\/2022\/05\/02\/apa-sans-les-monos-dans-le-pollen-en-folie\/#article","isPartOf":{"@id":"https:\/\/ckcpr.fr\/index.php\/2022\/05\/02\/apa-sans-les-monos-dans-le-pollen-en-folie\/"},"author":{"name":"Fabien SPINDLER","@id":"https:\/\/ckcpr.fr\/#\/schema\/person\/77702215a818dc209589f38d0ef2a4ee"},"headline":"APA sans les monos, dans le pollen en folie ;-)","datePublished":"2022-05-02T06:23:24+00:00","dateModified":"2022-05-03T06:13:09+00:00","mainEntityOfPage":{"@id":"https:\/\/ckcpr.fr\/index.php\/2022\/05\/02\/apa-sans-les-monos-dans-le-pollen-en-folie\/"},"wordCount":1141,"commentCount":0,"publisher":{"@id":"https:\/\/ckcpr.fr\/#organization"},"image":{"@id":"https:\/\/ckcpr.fr\/index.php\/2022\/05\/02\/apa-sans-les-monos-dans-le-pollen-en-folie\/#primaryimage"},"thumbnailUrl":"https:\/\/ckcpr.fr\/wp-content\/uploads\/2022\/05\/IMG_20220204_153054-small.jpg","articleSection":["APA"],"inLanguage":"fr-FR","potentialAction":[{"@type":"CommentAction","name":"Comment","target":["https:\/\/ckcpr.fr\/index.php\/2022\/05\/02\/apa-sans-les-monos-dans-le-pollen-en-folie\/#respond"]}]},{"@type":"WebPage","@id":"https:\/\/ckcpr.fr\/index.php\/2022\/05\/02\/apa-sans-les-monos-dans-le-pollen-en-folie\/","url":"https:\/\/ckcpr.fr\/index.php\/2022\/05\/02\/apa-sans-les-monos-dans-le-pollen-en-folie\/","name":"APA sans les monos, dans le pollen en folie ;-) - Cano\u00eb-Kayak Club de Pont-R\u00e9an","isPartOf":{"@id":"https:\/\/ckcpr.fr\/#website"},"primaryImageOfPage":{"@id":"https:\/\/ckcpr.fr\/index.php\/2022\/05\/02\/apa-sans-les-monos-dans-le-pollen-en-folie\/#primaryimage"},"image":{"@id":"https:\/\/ckcpr.fr\/index.php\/2022\/05\/02\/apa-sans-les-monos-dans-le-pollen-en-folie\/#primaryimage"},"thumbnailUrl":"https:\/\/ckcpr.fr\/wp-content\/uploads\/2022\/05\/IMG_20220204_153054-small.jpg","datePublished":"2022-05-02T06:23:24+00:00","dateModified":"2022-05-03T06:13:09+00:00","breadcrumb":{"@id":"https:\/\/ckcpr.fr\/index.php\/2022\/05\/02\/apa-sans-les-monos-dans-le-pollen-en-folie\/#breadcrumb"},"inLanguage":"fr-FR","potentialAction":[{"@type":"ReadAction","target":["https:\/\/ckcpr.fr\/index.php\/2022\/05\/02\/apa-sans-les-monos-dans-le-pollen-en-folie\/"]}]},{"@type":"ImageObject","inLanguage":"fr-FR","@id":"https:\/\/ckcpr.fr\/index.php\/2022\/05\/02\/apa-sans-les-monos-dans-le-pollen-en-folie\/#primaryimage","url":"https:\/\/ckcpr.fr\/wp-content\/uploads\/2022\/05\/IMG_20220204_153054-small.jpg","contentUrl":"https:\/\/ckcpr.fr\/wp-content\/uploads\/2022\/05\/IMG_20220204_153054-small.jpg","width":1024,"height":461},{"@type":"BreadcrumbList","@id":"https:\/\/ckcpr.fr\/index.php\/2022\/05\/02\/apa-sans-les-monos-dans-le-pollen-en-folie\/#breadcrumb","itemListElement":[{"@type":"ListItem","position":1,"name":"Accueil","item":"https:\/\/ckcpr.fr\/"},{"@type":"ListItem","position":2,"name":"APA sans les monos, dans le pollen en folie ;-)"}]},{"@type":"WebSite","@id":"https:\/\/ckcpr.fr\/#website","url":"https:\/\/ckcpr.fr\/","name":"Cano\u00eb-Kayak Club de Pont-R\u00e9an","description":"","publisher":{"@id":"https:\/\/ckcpr.fr\/#organization"},"potentialAction":[{"@type":"SearchAction","target":{"@type":"EntryPoint","urlTemplate":"https:\/\/ckcpr.fr\/?s={search_term_string}"},"query-input":{"@type":"PropertyValueSpecification","valueRequired":true,"valueName":"search_term_string"}}],"inLanguage":"fr-FR"},{"@type":"Organization","@id":"https:\/\/ckcpr.fr\/#organization","name":"Cano\u00eb-Kayak Club de Pont-R\u00e9an","url":"https:\/\/ckcpr.fr\/","logo":{"@type":"ImageObject","inLanguage":"fr-FR","@id":"https:\/\/ckcpr.fr\/#\/schema\/logo\/image\/","url":"https:\/\/ckcpr.fr\/wp-content\/uploads\/2022\/03\/cropped-cropped-Logo_ckcpr_horizontal.jpg","contentUrl":"https:\/\/ckcpr.fr\/wp-content\/uploads\/2022\/03\/cropped-cropped-Logo_ckcpr_horizontal.jpg","width":468,"height":156,"caption":"Cano\u00eb-Kayak Club de Pont-R\u00e9an"},"image":{"@id":"https:\/\/ckcpr.fr\/#\/schema\/logo\/image\/"}},{"@type":"Person","@id":"https:\/\/ckcpr.fr\/#\/schema\/person\/77702215a818dc209589f38d0ef2a4ee","name":"Fabien SPINDLER","image":{"@type":"ImageObject","inLanguage":"fr-FR","@id":"https:\/\/secure.gravatar.com\/avatar\/39bef6716eae516dda73823f2c63c704b712b863069634c8687b14a1230ea606?s=96&d=mm&r=g","url":"https:\/\/secure.gravatar.com\/avatar\/39bef6716eae516dda73823f2c63c704b712b863069634c8687b14a1230ea606?s=96&d=mm&r=g","contentUrl":"https:\/\/secure.gravatar.com\/avatar\/39bef6716eae516dda73823f2c63c704b712b863069634c8687b14a1230ea606?s=96&d=mm&r=g","caption":"Fabien SPINDLER"},"url":"https:\/\/ckcpr.fr\/index.php\/author\/fabien-spindler35gmail-com\/"}]}},"_links":{"self":[{"href":"https:\/\/ckcpr.fr\/index.php\/wp-json\/wp\/v2\/posts\/10018","targetHints":{"allow":["GET"]}}],"collection":[{"href":"https:\/\/ckcpr.fr\/index.php\/wp-json\/wp\/v2\/posts"}],"about":[{"href":"https:\/\/ckcpr.fr\/index.php\/wp-json\/wp\/v2\/types\/post"}],"author":[{"embeddable":true,"href":"https:\/\/ckcpr.fr\/index.php\/wp-json\/wp\/v2\/users\/11"}],"replies":[{"embeddable":true,"href":"https:\/\/ckcpr.fr\/index.php\/wp-json\/wp\/v2\/comments?post=10018"}],"version-history":[{"count":0,"href":"https:\/\/ckcpr.fr\/index.php\/wp-json\/wp\/v2\/posts\/10018\/revisions"}],"wp:featuredmedia":[{"embeddable":true,"href":"https:\/\/ckcpr.fr\/index.php\/wp-json\/wp\/v2\/media\/10019"}],"wp:attachment":[{"href":"https:\/\/ckcpr.fr\/index.php\/wp-json\/wp\/v2\/media?parent=10018"}],"wp:term":[{"taxonomy":"category","embeddable":true,"href":"https:\/\/ckcpr.fr\/index.php\/wp-json\/wp\/v2\/categories?post=10018"},{"taxonomy":"post_tag","embeddable":true,"href":"https:\/\/ckcpr.fr\/index.php\/wp-json\/wp\/v2\/tags?post=10018"}],"curies":[{"name":"wp","href":"https:\/\/api.w.org\/{rel}","templated":true}]}}