{"id":10025,"date":"2022-05-02T13:43:01","date_gmt":"2022-05-02T11:43:01","guid":{"rendered":"https:\/\/ckcpr.fr\/?p=10025"},"modified":"2022-05-03T08:12:50","modified_gmt":"2022-05-03T06:12:50","slug":"le-kayakiste-l-forgeard-integre-lequipe-de-france","status":"publish","type":"post","link":"https:\/\/ckcpr.fr\/index.php\/2022\/05\/02\/le-kayakiste-l-forgeard-integre-lequipe-de-france\/","title":{"rendered":"Ouest-France : Le kayakiste Louis Forgeard int\u00e8gre l&rsquo;\u00e9quipe de France"},"content":{"rendered":"\t\t<div data-elementor-type=\"wp-post\" data-elementor-id=\"10025\" class=\"elementor elementor-10025\">\n\t\t\t\t\t\t<section class=\"elementor-section elementor-top-section elementor-element elementor-element-0e95b89 elementor-section-boxed elementor-section-height-default elementor-section-height-default\" data-id=\"0e95b89\" data-element_type=\"section\" data-e-type=\"section\">\n\t\t\t\t\t\t<div class=\"elementor-container elementor-column-gap-default\">\n\t\t\t\t\t<div class=\"elementor-column elementor-col-100 elementor-top-column elementor-element elementor-element-d89cb51\" data-id=\"d89cb51\" data-element_type=\"column\" data-e-type=\"column\">\n\t\t\t<div class=\"elementor-widget-wrap elementor-element-populated\">\n\t\t\t\t\t\t<div class=\"elementor-element elementor-element-1a4ca96 elementor-widget elementor-widget-text-editor\" data-id=\"1a4ca96\" data-element_type=\"widget\" data-e-type=\"widget\" data-widget_type=\"text-editor.default\">\n\t\t\t\t<div class=\"elementor-widget-container\">\n\t\t\t\t\t\t\t\t\t<p>Apr\u00e8s son \u00e9norme performance, Louis licenci\u00e9 au CKCPR a \u00e9t\u00e9 interview\u00e9 par Ouest-France. Retrouvez l&rsquo;article paru le 27 avril 2022.<\/p>\t\t\t\t\t\t\t\t<\/div>\n\t\t\t\t<\/div>\n\t\t\t\t\t<\/div>\n\t\t<\/div>\n\t\t\t\t\t<\/div>\n\t\t<\/section>\n\t\t\t\t<section class=\"elementor-section elementor-top-section elementor-element elementor-element-3efb01e elementor-section-boxed elementor-section-height-default elementor-section-height-default\" data-id=\"3efb01e\" data-element_type=\"section\" data-e-type=\"section\">\n\t\t\t\t\t\t<div class=\"elementor-container elementor-column-gap-default\">\n\t\t\t\t\t<div class=\"elementor-column elementor-col-100 elementor-top-column elementor-element elementor-element-5f96c0c\" data-id=\"5f96c0c\" data-element_type=\"column\" data-e-type=\"column\">\n\t\t\t<div class=\"elementor-widget-wrap elementor-element-populated\">\n\t\t\t\t\t\t<div class=\"elementor-element elementor-element-6dae9e9 elementor-widget elementor-widget-image\" data-id=\"6dae9e9\" data-element_type=\"widget\" data-e-type=\"widget\" data-widget_type=\"image.default\">\n\t\t\t\t<div class=\"elementor-widget-container\">\n\t\t\t\t\t\t\t\t\t\t\t\t\t\t\t<img fetchpriority=\"high\" decoding=\"async\" width=\"868\" height=\"669\" src=\"https:\/\/ckcpr.fr\/wp-content\/uploads\/2022\/05\/2022.04.27-Louis.Forgeard.Equipe.France.jpeg\" class=\"attachment-large size-large wp-image-10029\" alt=\"\" srcset=\"https:\/\/ckcpr.fr\/wp-content\/uploads\/2022\/05\/2022.04.27-Louis.Forgeard.Equipe.France.jpeg 868w, https:\/\/ckcpr.fr\/wp-content\/uploads\/2022\/05\/2022.04.27-Louis.Forgeard.Equipe.France-300x231.jpeg 300w, https:\/\/ckcpr.fr\/wp-content\/uploads\/2022\/05\/2022.04.27-Louis.Forgeard.Equipe.France-768x592.jpeg 768w, https:\/\/ckcpr.fr\/wp-content\/uploads\/2022\/05\/2022.04.27-Louis.Forgeard.Equipe.France-600x462.jpeg 600w\" sizes=\"(max-width: 868px) 100vw, 868px\" \/>\t\t\t\t\t\t\t\t\t\t\t\t\t\t\t<\/div>\n\t\t\t\t<\/div>\n\t\t\t\t\t<\/div>\n\t\t<\/div>\n\t\t\t\t\t<\/div>\n\t\t<\/section>\n\t\t\t\t<\/div>\n\t\t","protected":false},"excerpt":{"rendered":"<p>Apr\u00e8s son \u00e9norme performance, Louis licenci\u00e9 au CKCPR a \u00e9t\u00e9 interview\u00e9 par Ouest-France. Retrouvez l&rsquo;article paru le 27 avril 2022.<\/p>\n","protected":false},"author":11,"featured_media":10026,"comment_status":"open","ping_status":"open","sticky":false,"template":"","format":"standard","meta":{"site-sidebar-layout":"default","site-content-layout":"","ast-site-content-layout":"default","site-content-style":"default","site-sidebar-style":"default","ast-global-header-display":"","ast-banner-title-visibility":"","ast-main-header-display":"","ast-hfb-above-header-display":"","ast-hfb-below-header-display":"","ast-hfb-mobile-header-display":"","site-post-title":"","ast-breadcrumbs-content":"","ast-featured-img":"","footer-sml-layout":"","ast-disable-related-posts":"","theme-transparent-header-meta":"","adv-header-id-meta":"","stick-header-meta":"","header-above-stick-meta":"","header-main-stick-meta":"","header-below-stick-meta":"","astra-migrate-meta-layouts":"default","ast-page-background-enabled":"default","ast-page-background-meta":{"desktop":{"background-color":"","background-image":"","background-repeat":"repeat","background-position":"center center","background-size":"auto","background-attachment":"scroll","background-type":"","background-media":"","overlay-type":"","overlay-color":"","overlay-opacity":"","overlay-gradient":""},"tablet":{"background-color":"","background-image":"","background-repeat":"repeat","background-position":"center center","background-size":"auto","background-attachment":"scroll","background-type":"","background-media":"","overlay-type":"","overlay-color":"","overlay-opacity":"","overlay-gradient":""},"mobile":{"background-color":"","background-image":"","background-repeat":"repeat","background-position":"center center","background-size":"auto","background-attachment":"scroll","background-type":"","background-media":"","overlay-type":"","overlay-color":"","overlay-opacity":"","overlay-gradient":""}},"ast-content-background-meta":{"desktop":{"background-color":"var(--ast-global-color-5)","background-image":"","background-repeat":"repeat","background-position":"center center","background-size":"auto","background-attachment":"scroll","background-type":"","background-media":"","overlay-type":"","overlay-color":"","overlay-opacity":"","overlay-gradient":""},"tablet":{"background-color":"var(--ast-global-color-5)","background-image":"","background-repeat":"repeat","background-position":"center center","background-size":"auto","background-attachment":"scroll","background-type":"","background-media":"","overlay-type":"","overlay-color":"","overlay-opacity":"","overlay-gradient":""},"mobile":{"background-color":"var(--ast-global-color-5)","background-image":"","background-repeat":"repeat","background-position":"center center","background-size":"auto","background-attachment":"scroll","background-type":"","background-media":"","overlay-type":"","overlay-color":"","overlay-opacity":"","overlay-gradient":""}},"footnotes":""},"categories":[102],"tags":[],"class_list":["post-10025","post","type-post","status-publish","format-standard","has-post-thumbnail","hentry","category-competitions"],"yoast_head":"<!-- This site is optimized with the Yoast SEO plugin v27.5 - https:\/\/yoast.com\/product\/yoast-seo-wordpress\/ -->\n<title>Ouest-France : Le kayakiste Louis Forgeard int\u00e8gre l&#039;\u00e9quipe de France - Cano\u00eb-Kayak Club de Pont-R\u00e9an<\/title>\n<meta name=\"robots\" content=\"index, follow, max-snippet:-1, max-image-preview:large, max-video-preview:-1\" \/>\n<link rel=\"canonical\" href=\"https:\/\/ckcpr.fr\/index.php\/2022\/05\/02\/le-kayakiste-l-forgeard-integre-lequipe-de-france\/\" \/>\n<meta property=\"og:locale\" content=\"fr_FR\" \/>\n<meta property=\"og:type\" content=\"article\" \/>\n<meta property=\"og:title\" content=\"Ouest-France : Le kayakiste Louis Forgeard int\u00e8gre l&#039;\u00e9quipe de France - Cano\u00eb-Kayak Club de Pont-R\u00e9an\" \/>\n<meta property=\"og:description\" content=\"Apr\u00e8s son \u00e9norme performance, Louis licenci\u00e9 au CKCPR a \u00e9t\u00e9 interview\u00e9 par Ouest-France. Retrouvez l&rsquo;article paru le 27 avril 2022.\" \/>\n<meta property=\"og:url\" content=\"https:\/\/ckcpr.fr\/index.php\/2022\/05\/02\/le-kayakiste-l-forgeard-integre-lequipe-de-france\/\" \/>\n<meta property=\"og:site_name\" content=\"Cano\u00eb-Kayak Club de Pont-R\u00e9an\" \/>\n<meta property=\"article:published_time\" content=\"2022-05-02T11:43:01+00:00\" \/>\n<meta property=\"article:modified_time\" content=\"2022-05-03T06:12:50+00:00\" \/>\n<meta property=\"og:image\" content=\"https:\/\/ckcpr.fr\/wp-content\/uploads\/2022\/05\/2022.04.27.Louis_.Ouest_.France.jpg\" \/>\n\t<meta property=\"og:image:width\" content=\"1260\" \/>\n\t<meta property=\"og:image:height\" content=\"1890\" \/>\n\t<meta property=\"og:image:type\" content=\"image\/jpeg\" \/>\n<meta name=\"author\" content=\"Fabien SPINDLER\" \/>\n<meta name=\"twitter:label1\" content=\"\u00c9crit par\" \/>\n\t<meta name=\"twitter:data1\" content=\"Fabien SPINDLER\" \/>\n\t<meta name=\"twitter:label2\" content=\"Dur\u00e9e de lecture estim\u00e9e\" \/>\n\t<meta name=\"twitter:data2\" content=\"1 minute\" \/>\n<script type=\"application\/ld+json\" class=\"yoast-schema-graph\">{\"@context\":\"https:\\\/\\\/schema.org\",\"@graph\":[{\"@type\":\"Article\",\"@id\":\"https:\\\/\\\/ckcpr.fr\\\/index.php\\\/2022\\\/05\\\/02\\\/le-kayakiste-l-forgeard-integre-lequipe-de-france\\\/#article\",\"isPartOf\":{\"@id\":\"https:\\\/\\\/ckcpr.fr\\\/index.php\\\/2022\\\/05\\\/02\\\/le-kayakiste-l-forgeard-integre-lequipe-de-france\\\/\"},\"author\":{\"name\":\"Fabien SPINDLER\",\"@id\":\"https:\\\/\\\/ckcpr.fr\\\/#\\\/schema\\\/person\\\/77702215a818dc209589f38d0ef2a4ee\"},\"headline\":\"Ouest-France : Le kayakiste Louis Forgeard int\u00e8gre l&rsquo;\u00e9quipe de France\",\"datePublished\":\"2022-05-02T11:43:01+00:00\",\"dateModified\":\"2022-05-03T06:12:50+00:00\",\"mainEntityOfPage\":{\"@id\":\"https:\\\/\\\/ckcpr.fr\\\/index.php\\\/2022\\\/05\\\/02\\\/le-kayakiste-l-forgeard-integre-lequipe-de-france\\\/\"},\"wordCount\":31,\"commentCount\":0,\"publisher\":{\"@id\":\"https:\\\/\\\/ckcpr.fr\\\/#organization\"},\"image\":{\"@id\":\"https:\\\/\\\/ckcpr.fr\\\/index.php\\\/2022\\\/05\\\/02\\\/le-kayakiste-l-forgeard-integre-lequipe-de-france\\\/#primaryimage\"},\"thumbnailUrl\":\"https:\\\/\\\/ckcpr.fr\\\/wp-content\\\/uploads\\\/2022\\\/05\\\/2022.04.27.Louis_.Ouest_.France.jpg\",\"articleSection\":[\"Comp\u00e9titions\"],\"inLanguage\":\"fr-FR\",\"potentialAction\":[{\"@type\":\"CommentAction\",\"name\":\"Comment\",\"target\":[\"https:\\\/\\\/ckcpr.fr\\\/index.php\\\/2022\\\/05\\\/02\\\/le-kayakiste-l-forgeard-integre-lequipe-de-france\\\/#respond\"]}]},{\"@type\":\"WebPage\",\"@id\":\"https:\\\/\\\/ckcpr.fr\\\/index.php\\\/2022\\\/05\\\/02\\\/le-kayakiste-l-forgeard-integre-lequipe-de-france\\\/\",\"url\":\"https:\\\/\\\/ckcpr.fr\\\/index.php\\\/2022\\\/05\\\/02\\\/le-kayakiste-l-forgeard-integre-lequipe-de-france\\\/\",\"name\":\"Ouest-France : Le kayakiste Louis Forgeard int\u00e8gre l'\u00e9quipe de France - Cano\u00eb-Kayak Club de Pont-R\u00e9an\",\"isPartOf\":{\"@id\":\"https:\\\/\\\/ckcpr.fr\\\/#website\"},\"primaryImageOfPage\":{\"@id\":\"https:\\\/\\\/ckcpr.fr\\\/index.php\\\/2022\\\/05\\\/02\\\/le-kayakiste-l-forgeard-integre-lequipe-de-france\\\/#primaryimage\"},\"image\":{\"@id\":\"https:\\\/\\\/ckcpr.fr\\\/index.php\\\/2022\\\/05\\\/02\\\/le-kayakiste-l-forgeard-integre-lequipe-de-france\\\/#primaryimage\"},\"thumbnailUrl\":\"https:\\\/\\\/ckcpr.fr\\\/wp-content\\\/uploads\\\/2022\\\/05\\\/2022.04.27.Louis_.Ouest_.France.jpg\",\"datePublished\":\"2022-05-02T11:43:01+00:00\",\"dateModified\":\"2022-05-03T06:12:50+00:00\",\"breadcrumb\":{\"@id\":\"https:\\\/\\\/ckcpr.fr\\\/index.php\\\/2022\\\/05\\\/02\\\/le-kayakiste-l-forgeard-integre-lequipe-de-france\\\/#breadcrumb\"},\"inLanguage\":\"fr-FR\",\"potentialAction\":[{\"@type\":\"ReadAction\",\"target\":[\"https:\\\/\\\/ckcpr.fr\\\/index.php\\\/2022\\\/05\\\/02\\\/le-kayakiste-l-forgeard-integre-lequipe-de-france\\\/\"]}]},{\"@type\":\"ImageObject\",\"inLanguage\":\"fr-FR\",\"@id\":\"https:\\\/\\\/ckcpr.fr\\\/index.php\\\/2022\\\/05\\\/02\\\/le-kayakiste-l-forgeard-integre-lequipe-de-france\\\/#primaryimage\",\"url\":\"https:\\\/\\\/ckcpr.fr\\\/wp-content\\\/uploads\\\/2022\\\/05\\\/2022.04.27.Louis_.Ouest_.France.jpg\",\"contentUrl\":\"https:\\\/\\\/ckcpr.fr\\\/wp-content\\\/uploads\\\/2022\\\/05\\\/2022.04.27.Louis_.Ouest_.France.jpg\",\"width\":1260,\"height\":1890},{\"@type\":\"BreadcrumbList\",\"@id\":\"https:\\\/\\\/ckcpr.fr\\\/index.php\\\/2022\\\/05\\\/02\\\/le-kayakiste-l-forgeard-integre-lequipe-de-france\\\/#breadcrumb\",\"itemListElement\":[{\"@type\":\"ListItem\",\"position\":1,\"name\":\"Accueil\",\"item\":\"https:\\\/\\\/ckcpr.fr\\\/\"},{\"@type\":\"ListItem\",\"position\":2,\"name\":\"Ouest-France : Le kayakiste Louis Forgeard int\u00e8gre l&#8217;\u00e9quipe de France\"}]},{\"@type\":\"WebSite\",\"@id\":\"https:\\\/\\\/ckcpr.fr\\\/#website\",\"url\":\"https:\\\/\\\/ckcpr.fr\\\/\",\"name\":\"Cano\u00eb-Kayak Club de Pont-R\u00e9an\",\"description\":\"\",\"publisher\":{\"@id\":\"https:\\\/\\\/ckcpr.fr\\\/#organization\"},\"potentialAction\":[{\"@type\":\"SearchAction\",\"target\":{\"@type\":\"EntryPoint\",\"urlTemplate\":\"https:\\\/\\\/ckcpr.fr\\\/?s={search_term_string}\"},\"query-input\":{\"@type\":\"PropertyValueSpecification\",\"valueRequired\":true,\"valueName\":\"search_term_string\"}}],\"inLanguage\":\"fr-FR\"},{\"@type\":\"Organization\",\"@id\":\"https:\\\/\\\/ckcpr.fr\\\/#organization\",\"name\":\"Cano\u00eb-Kayak Club de Pont-R\u00e9an\",\"url\":\"https:\\\/\\\/ckcpr.fr\\\/\",\"logo\":{\"@type\":\"ImageObject\",\"inLanguage\":\"fr-FR\",\"@id\":\"https:\\\/\\\/ckcpr.fr\\\/#\\\/schema\\\/logo\\\/image\\\/\",\"url\":\"https:\\\/\\\/ckcpr.fr\\\/wp-content\\\/uploads\\\/2022\\\/03\\\/cropped-cropped-Logo_ckcpr_horizontal.jpg\",\"contentUrl\":\"https:\\\/\\\/ckcpr.fr\\\/wp-content\\\/uploads\\\/2022\\\/03\\\/cropped-cropped-Logo_ckcpr_horizontal.jpg\",\"width\":468,\"height\":156,\"caption\":\"Cano\u00eb-Kayak Club de Pont-R\u00e9an\"},\"image\":{\"@id\":\"https:\\\/\\\/ckcpr.fr\\\/#\\\/schema\\\/logo\\\/image\\\/\"}},{\"@type\":\"Person\",\"@id\":\"https:\\\/\\\/ckcpr.fr\\\/#\\\/schema\\\/person\\\/77702215a818dc209589f38d0ef2a4ee\",\"name\":\"Fabien SPINDLER\",\"image\":{\"@type\":\"ImageObject\",\"inLanguage\":\"fr-FR\",\"@id\":\"https:\\\/\\\/secure.gravatar.com\\\/avatar\\\/39bef6716eae516dda73823f2c63c704b712b863069634c8687b14a1230ea606?s=96&d=mm&r=g\",\"url\":\"https:\\\/\\\/secure.gravatar.com\\\/avatar\\\/39bef6716eae516dda73823f2c63c704b712b863069634c8687b14a1230ea606?s=96&d=mm&r=g\",\"contentUrl\":\"https:\\\/\\\/secure.gravatar.com\\\/avatar\\\/39bef6716eae516dda73823f2c63c704b712b863069634c8687b14a1230ea606?s=96&d=mm&r=g\",\"caption\":\"Fabien SPINDLER\"},\"url\":\"https:\\\/\\\/ckcpr.fr\\\/index.php\\\/author\\\/fabien-spindler35gmail-com\\\/\"}]}<\/script>\n<!-- \/ Yoast SEO plugin. -->","yoast_head_json":{"title":"Ouest-France : Le kayakiste Louis Forgeard int\u00e8gre l'\u00e9quipe de France - Cano\u00eb-Kayak Club de Pont-R\u00e9an","robots":{"index":"index","follow":"follow","max-snippet":"max-snippet:-1","max-image-preview":"max-image-preview:large","max-video-preview":"max-video-preview:-1"},"canonical":"https:\/\/ckcpr.fr\/index.php\/2022\/05\/02\/le-kayakiste-l-forgeard-integre-lequipe-de-france\/","og_locale":"fr_FR","og_type":"article","og_title":"Ouest-France : Le kayakiste Louis Forgeard int\u00e8gre l'\u00e9quipe de France - Cano\u00eb-Kayak Club de Pont-R\u00e9an","og_description":"Apr\u00e8s son \u00e9norme performance, Louis licenci\u00e9 au CKCPR a \u00e9t\u00e9 interview\u00e9 par Ouest-France. Retrouvez l&rsquo;article paru le 27 avril 2022.","og_url":"https:\/\/ckcpr.fr\/index.php\/2022\/05\/02\/le-kayakiste-l-forgeard-integre-lequipe-de-france\/","og_site_name":"Cano\u00eb-Kayak Club de Pont-R\u00e9an","article_published_time":"2022-05-02T11:43:01+00:00","article_modified_time":"2022-05-03T06:12:50+00:00","og_image":[{"width":1260,"height":1890,"url":"https:\/\/ckcpr.fr\/wp-content\/uploads\/2022\/05\/2022.04.27.Louis_.Ouest_.France.jpg","type":"image\/jpeg"}],"author":"Fabien SPINDLER","twitter_misc":{"\u00c9crit par":"Fabien SPINDLER","Dur\u00e9e de lecture estim\u00e9e":"1 minute"},"schema":{"@context":"https:\/\/schema.org","@graph":[{"@type":"Article","@id":"https:\/\/ckcpr.fr\/index.php\/2022\/05\/02\/le-kayakiste-l-forgeard-integre-lequipe-de-france\/#article","isPartOf":{"@id":"https:\/\/ckcpr.fr\/index.php\/2022\/05\/02\/le-kayakiste-l-forgeard-integre-lequipe-de-france\/"},"author":{"name":"Fabien SPINDLER","@id":"https:\/\/ckcpr.fr\/#\/schema\/person\/77702215a818dc209589f38d0ef2a4ee"},"headline":"Ouest-France : Le kayakiste Louis Forgeard int\u00e8gre l&rsquo;\u00e9quipe de France","datePublished":"2022-05-02T11:43:01+00:00","dateModified":"2022-05-03T06:12:50+00:00","mainEntityOfPage":{"@id":"https:\/\/ckcpr.fr\/index.php\/2022\/05\/02\/le-kayakiste-l-forgeard-integre-lequipe-de-france\/"},"wordCount":31,"commentCount":0,"publisher":{"@id":"https:\/\/ckcpr.fr\/#organization"},"image":{"@id":"https:\/\/ckcpr.fr\/index.php\/2022\/05\/02\/le-kayakiste-l-forgeard-integre-lequipe-de-france\/#primaryimage"},"thumbnailUrl":"https:\/\/ckcpr.fr\/wp-content\/uploads\/2022\/05\/2022.04.27.Louis_.Ouest_.France.jpg","articleSection":["Comp\u00e9titions"],"inLanguage":"fr-FR","potentialAction":[{"@type":"CommentAction","name":"Comment","target":["https:\/\/ckcpr.fr\/index.php\/2022\/05\/02\/le-kayakiste-l-forgeard-integre-lequipe-de-france\/#respond"]}]},{"@type":"WebPage","@id":"https:\/\/ckcpr.fr\/index.php\/2022\/05\/02\/le-kayakiste-l-forgeard-integre-lequipe-de-france\/","url":"https:\/\/ckcpr.fr\/index.php\/2022\/05\/02\/le-kayakiste-l-forgeard-integre-lequipe-de-france\/","name":"Ouest-France : Le kayakiste Louis Forgeard int\u00e8gre l'\u00e9quipe de France - Cano\u00eb-Kayak Club de Pont-R\u00e9an","isPartOf":{"@id":"https:\/\/ckcpr.fr\/#website"},"primaryImageOfPage":{"@id":"https:\/\/ckcpr.fr\/index.php\/2022\/05\/02\/le-kayakiste-l-forgeard-integre-lequipe-de-france\/#primaryimage"},"image":{"@id":"https:\/\/ckcpr.fr\/index.php\/2022\/05\/02\/le-kayakiste-l-forgeard-integre-lequipe-de-france\/#primaryimage"},"thumbnailUrl":"https:\/\/ckcpr.fr\/wp-content\/uploads\/2022\/05\/2022.04.27.Louis_.Ouest_.France.jpg","datePublished":"2022-05-02T11:43:01+00:00","dateModified":"2022-05-03T06:12:50+00:00","breadcrumb":{"@id":"https:\/\/ckcpr.fr\/index.php\/2022\/05\/02\/le-kayakiste-l-forgeard-integre-lequipe-de-france\/#breadcrumb"},"inLanguage":"fr-FR","potentialAction":[{"@type":"ReadAction","target":["https:\/\/ckcpr.fr\/index.php\/2022\/05\/02\/le-kayakiste-l-forgeard-integre-lequipe-de-france\/"]}]},{"@type":"ImageObject","inLanguage":"fr-FR","@id":"https:\/\/ckcpr.fr\/index.php\/2022\/05\/02\/le-kayakiste-l-forgeard-integre-lequipe-de-france\/#primaryimage","url":"https:\/\/ckcpr.fr\/wp-content\/uploads\/2022\/05\/2022.04.27.Louis_.Ouest_.France.jpg","contentUrl":"https:\/\/ckcpr.fr\/wp-content\/uploads\/2022\/05\/2022.04.27.Louis_.Ouest_.France.jpg","width":1260,"height":1890},{"@type":"BreadcrumbList","@id":"https:\/\/ckcpr.fr\/index.php\/2022\/05\/02\/le-kayakiste-l-forgeard-integre-lequipe-de-france\/#breadcrumb","itemListElement":[{"@type":"ListItem","position":1,"name":"Accueil","item":"https:\/\/ckcpr.fr\/"},{"@type":"ListItem","position":2,"name":"Ouest-France : Le kayakiste Louis Forgeard int\u00e8gre l&#8217;\u00e9quipe de France"}]},{"@type":"WebSite","@id":"https:\/\/ckcpr.fr\/#website","url":"https:\/\/ckcpr.fr\/","name":"Cano\u00eb-Kayak Club de Pont-R\u00e9an","description":"","publisher":{"@id":"https:\/\/ckcpr.fr\/#organization"},"potentialAction":[{"@type":"SearchAction","target":{"@type":"EntryPoint","urlTemplate":"https:\/\/ckcpr.fr\/?s={search_term_string}"},"query-input":{"@type":"PropertyValueSpecification","valueRequired":true,"valueName":"search_term_string"}}],"inLanguage":"fr-FR"},{"@type":"Organization","@id":"https:\/\/ckcpr.fr\/#organization","name":"Cano\u00eb-Kayak Club de Pont-R\u00e9an","url":"https:\/\/ckcpr.fr\/","logo":{"@type":"ImageObject","inLanguage":"fr-FR","@id":"https:\/\/ckcpr.fr\/#\/schema\/logo\/image\/","url":"https:\/\/ckcpr.fr\/wp-content\/uploads\/2022\/03\/cropped-cropped-Logo_ckcpr_horizontal.jpg","contentUrl":"https:\/\/ckcpr.fr\/wp-content\/uploads\/2022\/03\/cropped-cropped-Logo_ckcpr_horizontal.jpg","width":468,"height":156,"caption":"Cano\u00eb-Kayak Club de Pont-R\u00e9an"},"image":{"@id":"https:\/\/ckcpr.fr\/#\/schema\/logo\/image\/"}},{"@type":"Person","@id":"https:\/\/ckcpr.fr\/#\/schema\/person\/77702215a818dc209589f38d0ef2a4ee","name":"Fabien SPINDLER","image":{"@type":"ImageObject","inLanguage":"fr-FR","@id":"https:\/\/secure.gravatar.com\/avatar\/39bef6716eae516dda73823f2c63c704b712b863069634c8687b14a1230ea606?s=96&d=mm&r=g","url":"https:\/\/secure.gravatar.com\/avatar\/39bef6716eae516dda73823f2c63c704b712b863069634c8687b14a1230ea606?s=96&d=mm&r=g","contentUrl":"https:\/\/secure.gravatar.com\/avatar\/39bef6716eae516dda73823f2c63c704b712b863069634c8687b14a1230ea606?s=96&d=mm&r=g","caption":"Fabien SPINDLER"},"url":"https:\/\/ckcpr.fr\/index.php\/author\/fabien-spindler35gmail-com\/"}]}},"_links":{"self":[{"href":"https:\/\/ckcpr.fr\/index.php\/wp-json\/wp\/v2\/posts\/10025","targetHints":{"allow":["GET"]}}],"collection":[{"href":"https:\/\/ckcpr.fr\/index.php\/wp-json\/wp\/v2\/posts"}],"about":[{"href":"https:\/\/ckcpr.fr\/index.php\/wp-json\/wp\/v2\/types\/post"}],"author":[{"embeddable":true,"href":"https:\/\/ckcpr.fr\/index.php\/wp-json\/wp\/v2\/users\/11"}],"replies":[{"embeddable":true,"href":"https:\/\/ckcpr.fr\/index.php\/wp-json\/wp\/v2\/comments?post=10025"}],"version-history":[{"count":0,"href":"https:\/\/ckcpr.fr\/index.php\/wp-json\/wp\/v2\/posts\/10025\/revisions"}],"wp:featuredmedia":[{"embeddable":true,"href":"https:\/\/ckcpr.fr\/index.php\/wp-json\/wp\/v2\/media\/10026"}],"wp:attachment":[{"href":"https:\/\/ckcpr.fr\/index.php\/wp-json\/wp\/v2\/media?parent=10025"}],"wp:term":[{"taxonomy":"category","embeddable":true,"href":"https:\/\/ckcpr.fr\/index.php\/wp-json\/wp\/v2\/categories?post=10025"},{"taxonomy":"post_tag","embeddable":true,"href":"https:\/\/ckcpr.fr\/index.php\/wp-json\/wp\/v2\/tags?post=10025"}],"curies":[{"name":"wp","href":"https:\/\/api.w.org\/{rel}","templated":true}]}}