{"id":11835,"date":"2022-11-03T16:27:15","date_gmt":"2022-11-03T15:27:15","guid":{"rendered":"https:\/\/ckcpr.fr\/?p=11835"},"modified":"2022-11-03T16:36:54","modified_gmt":"2022-11-03T15:36:54","slug":"dimanche-4-decembre-2022-selectif-regional-descente","status":"publish","type":"post","link":"https:\/\/ckcpr.fr\/index.php\/2022\/11\/03\/dimanche-4-decembre-2022-selectif-regional-descente\/","title":{"rendered":"Dimanche 4 D\u00e9cembre 2022 \/ S\u00e9lectif R\u00e9gional Descente"},"content":{"rendered":"\t\t<div data-elementor-type=\"wp-post\" data-elementor-id=\"11835\" class=\"elementor elementor-11835\">\n\t\t\t\t\t\t<section class=\"elementor-section elementor-top-section elementor-element elementor-element-6b19ae6 elementor-section-boxed elementor-section-height-default elementor-section-height-default\" data-id=\"6b19ae6\" data-element_type=\"section\" data-e-type=\"section\">\n\t\t\t\t\t\t<div class=\"elementor-container elementor-column-gap-default\">\n\t\t\t\t\t<div class=\"elementor-column elementor-col-100 elementor-top-column elementor-element elementor-element-89f981d\" data-id=\"89f981d\" data-element_type=\"column\" data-e-type=\"column\">\n\t\t\t<div class=\"elementor-widget-wrap elementor-element-populated\">\n\t\t\t\t\t\t<div class=\"elementor-element elementor-element-a112732 elementor-widget elementor-widget-html\" data-id=\"a112732\" data-element_type=\"widget\" data-e-type=\"widget\" data-widget_type=\"html.default\">\n\t\t\t\t<div class=\"elementor-widget-container\">\n\t\t\t\t\t<iframe id=\"iframe_assoconnect\" src=\"https:\/\/canoe-kayak-club-pont-rean.assoconnect.com\/collect\/description\/275010-w-selectif-regional-descente-plancoet-dim-4-decembre-2022?iframe=1\" width=\"100%\" style=\"overflow: hidden; border: 0; max-height: none;\" scrolling=\"no\" onload=\"window.location.href='#iframe_assoconnect'\"><\/iframe><script>window.addEventListener(\"message\", function(event) {if(event.data.action === \"iframe.height\" && event.origin === \"https:\/\/canoe-kayak-club-pont-rean.assoconnect.com\"){document.getElementById(\"iframe_assoconnect\").height = event.data.height;}});<\/script><style>#iframe_assoconnect{border: 0}<\/style>\t\t\t\t<\/div>\n\t\t\t\t<\/div>\n\t\t\t\t\t<\/div>\n\t\t<\/div>\n\t\t\t\t\t<\/div>\n\t\t<\/section>\n\t\t\t\t<\/div>\n\t\t","protected":false},"excerpt":{"rendered":"<p>Lieu : PLANCOET <br \/>\nNiveau : +15 ans &#038; pagaie verte <br \/>\nTarif  : 15 \u20ac \/\/ 25 places <br \/>\nInscription avant le 25\/11<\/p>\n","protected":false},"author":1,"featured_media":11754,"comment_status":"open","ping_status":"open","sticky":false,"template":"","format":"standard","meta":{"site-sidebar-layout":"default","site-content-layout":"","ast-site-content-layout":"default","site-content-style":"default","site-sidebar-style":"default","ast-global-header-display":"","ast-banner-title-visibility":"","ast-main-header-display":"","ast-hfb-above-header-display":"","ast-hfb-below-header-display":"","ast-hfb-mobile-header-display":"","site-post-title":"","ast-breadcrumbs-content":"","ast-featured-img":"","footer-sml-layout":"","ast-disable-related-posts":"","theme-transparent-header-meta":"","adv-header-id-meta":"","stick-header-meta":"","header-above-stick-meta":"","header-main-stick-meta":"","header-below-stick-meta":"","astra-migrate-meta-layouts":"default","ast-page-background-enabled":"default","ast-page-background-meta":{"desktop":{"background-color":"","background-image":"","background-repeat":"repeat","background-position":"center center","background-size":"auto","background-attachment":"scroll","background-type":"","background-media":"","overlay-type":"","overlay-color":"","overlay-opacity":"","overlay-gradient":""},"tablet":{"background-color":"","background-image":"","background-repeat":"repeat","background-position":"center center","background-size":"auto","background-attachment":"scroll","background-type":"","background-media":"","overlay-type":"","overlay-color":"","overlay-opacity":"","overlay-gradient":""},"mobile":{"background-color":"","background-image":"","background-repeat":"repeat","background-position":"center center","background-size":"auto","background-attachment":"scroll","background-type":"","background-media":"","overlay-type":"","overlay-color":"","overlay-opacity":"","overlay-gradient":""}},"ast-content-background-meta":{"desktop":{"background-color":"var(--ast-global-color-5)","background-image":"","background-repeat":"repeat","background-position":"center center","background-size":"auto","background-attachment":"scroll","background-type":"","background-media":"","overlay-type":"","overlay-color":"","overlay-opacity":"","overlay-gradient":""},"tablet":{"background-color":"var(--ast-global-color-5)","background-image":"","background-repeat":"repeat","background-position":"center center","background-size":"auto","background-attachment":"scroll","background-type":"","background-media":"","overlay-type":"","overlay-color":"","overlay-opacity":"","overlay-gradient":""},"mobile":{"background-color":"var(--ast-global-color-5)","background-image":"","background-repeat":"repeat","background-position":"center center","background-size":"auto","background-attachment":"scroll","background-type":"","background-media":"","overlay-type":"","overlay-color":"","overlay-opacity":"","overlay-gradient":""}},"footnotes":""},"categories":[122,123,1],"tags":[],"class_list":["post-11835","post","type-post","status-publish","format-standard","has-post-thumbnail","hentry","category-_competiteur-asso-connect","category-_ecole-de-sport-section-sportive-asso-connect","category-non-classe"],"yoast_head":"<!-- This site is optimized with the Yoast SEO plugin v27.5 - https:\/\/yoast.com\/product\/yoast-seo-wordpress\/ -->\n<title>Dimanche 4 D\u00e9cembre 2022 \/ S\u00e9lectif R\u00e9gional Descente - Cano\u00eb-Kayak Club de Pont-R\u00e9an<\/title>\n<meta name=\"robots\" content=\"index, follow, max-snippet:-1, max-image-preview:large, max-video-preview:-1\" \/>\n<link rel=\"canonical\" href=\"https:\/\/ckcpr.fr\/index.php\/2022\/11\/03\/dimanche-4-decembre-2022-selectif-regional-descente\/\" \/>\n<meta property=\"og:locale\" content=\"fr_FR\" \/>\n<meta property=\"og:type\" content=\"article\" \/>\n<meta property=\"og:title\" content=\"Dimanche 4 D\u00e9cembre 2022 \/ S\u00e9lectif R\u00e9gional Descente - Cano\u00eb-Kayak Club de Pont-R\u00e9an\" \/>\n<meta property=\"og:description\" content=\"Lieu : PLANCOET Niveau : +15 ans &amp; pagaie verte Tarif : 15 \u20ac \/\/ 25 places Inscription avant le 25\/11\" \/>\n<meta property=\"og:url\" content=\"https:\/\/ckcpr.fr\/index.php\/2022\/11\/03\/dimanche-4-decembre-2022-selectif-regional-descente\/\" \/>\n<meta property=\"og:site_name\" content=\"Cano\u00eb-Kayak Club de Pont-R\u00e9an\" \/>\n<meta property=\"article:published_time\" content=\"2022-11-03T15:27:15+00:00\" \/>\n<meta property=\"article:modified_time\" content=\"2022-11-03T15:36:54+00:00\" \/>\n<meta property=\"og:image\" content=\"https:\/\/ckcpr.fr\/wp-content\/uploads\/2022\/11\/IMG_7572.jpg\" \/>\n\t<meta property=\"og:image:width\" content=\"1773\" \/>\n\t<meta property=\"og:image:height\" content=\"1182\" \/>\n\t<meta property=\"og:image:type\" content=\"image\/jpeg\" \/>\n<meta name=\"author\" content=\"KINTS Maxime\" \/>\n<meta name=\"twitter:label1\" content=\"\u00c9crit par\" \/>\n\t<meta name=\"twitter:data1\" content=\"KINTS Maxime\" \/>\n\t<meta name=\"twitter:label2\" content=\"Dur\u00e9e de lecture estim\u00e9e\" \/>\n\t<meta name=\"twitter:data2\" content=\"1 minute\" \/>\n<script type=\"application\/ld+json\" class=\"yoast-schema-graph\">{\"@context\":\"https:\\\/\\\/schema.org\",\"@graph\":[{\"@type\":\"Article\",\"@id\":\"https:\\\/\\\/ckcpr.fr\\\/index.php\\\/2022\\\/11\\\/03\\\/dimanche-4-decembre-2022-selectif-regional-descente\\\/#article\",\"isPartOf\":{\"@id\":\"https:\\\/\\\/ckcpr.fr\\\/index.php\\\/2022\\\/11\\\/03\\\/dimanche-4-decembre-2022-selectif-regional-descente\\\/\"},\"author\":{\"name\":\"KINTS Maxime\",\"@id\":\"https:\\\/\\\/ckcpr.fr\\\/#\\\/schema\\\/person\\\/d03dd8160a3de8ea69992ec6810dd313\"},\"headline\":\"Dimanche 4 D\u00e9cembre 2022 \\\/ S\u00e9lectif R\u00e9gional Descente\",\"datePublished\":\"2022-11-03T15:27:15+00:00\",\"dateModified\":\"2022-11-03T15:36:54+00:00\",\"mainEntityOfPage\":{\"@id\":\"https:\\\/\\\/ckcpr.fr\\\/index.php\\\/2022\\\/11\\\/03\\\/dimanche-4-decembre-2022-selectif-regional-descente\\\/\"},\"wordCount\":8,\"commentCount\":0,\"publisher\":{\"@id\":\"https:\\\/\\\/ckcpr.fr\\\/#organization\"},\"image\":{\"@id\":\"https:\\\/\\\/ckcpr.fr\\\/index.php\\\/2022\\\/11\\\/03\\\/dimanche-4-decembre-2022-selectif-regional-descente\\\/#primaryimage\"},\"thumbnailUrl\":\"https:\\\/\\\/ckcpr.fr\\\/wp-content\\\/uploads\\\/2022\\\/11\\\/IMG_7572.jpg\",\"articleSection\":[\"_Comp\u00e9titeur-Asso-connect\",\"_\u00c9cole de sport\\\/Section sportive-Asso-connect\"],\"inLanguage\":\"fr-FR\",\"potentialAction\":[{\"@type\":\"CommentAction\",\"name\":\"Comment\",\"target\":[\"https:\\\/\\\/ckcpr.fr\\\/index.php\\\/2022\\\/11\\\/03\\\/dimanche-4-decembre-2022-selectif-regional-descente\\\/#respond\"]}]},{\"@type\":\"WebPage\",\"@id\":\"https:\\\/\\\/ckcpr.fr\\\/index.php\\\/2022\\\/11\\\/03\\\/dimanche-4-decembre-2022-selectif-regional-descente\\\/\",\"url\":\"https:\\\/\\\/ckcpr.fr\\\/index.php\\\/2022\\\/11\\\/03\\\/dimanche-4-decembre-2022-selectif-regional-descente\\\/\",\"name\":\"Dimanche 4 D\u00e9cembre 2022 \\\/ S\u00e9lectif R\u00e9gional Descente - Cano\u00eb-Kayak Club de Pont-R\u00e9an\",\"isPartOf\":{\"@id\":\"https:\\\/\\\/ckcpr.fr\\\/#website\"},\"primaryImageOfPage\":{\"@id\":\"https:\\\/\\\/ckcpr.fr\\\/index.php\\\/2022\\\/11\\\/03\\\/dimanche-4-decembre-2022-selectif-regional-descente\\\/#primaryimage\"},\"image\":{\"@id\":\"https:\\\/\\\/ckcpr.fr\\\/index.php\\\/2022\\\/11\\\/03\\\/dimanche-4-decembre-2022-selectif-regional-descente\\\/#primaryimage\"},\"thumbnailUrl\":\"https:\\\/\\\/ckcpr.fr\\\/wp-content\\\/uploads\\\/2022\\\/11\\\/IMG_7572.jpg\",\"datePublished\":\"2022-11-03T15:27:15+00:00\",\"dateModified\":\"2022-11-03T15:36:54+00:00\",\"breadcrumb\":{\"@id\":\"https:\\\/\\\/ckcpr.fr\\\/index.php\\\/2022\\\/11\\\/03\\\/dimanche-4-decembre-2022-selectif-regional-descente\\\/#breadcrumb\"},\"inLanguage\":\"fr-FR\",\"potentialAction\":[{\"@type\":\"ReadAction\",\"target\":[\"https:\\\/\\\/ckcpr.fr\\\/index.php\\\/2022\\\/11\\\/03\\\/dimanche-4-decembre-2022-selectif-regional-descente\\\/\"]}]},{\"@type\":\"ImageObject\",\"inLanguage\":\"fr-FR\",\"@id\":\"https:\\\/\\\/ckcpr.fr\\\/index.php\\\/2022\\\/11\\\/03\\\/dimanche-4-decembre-2022-selectif-regional-descente\\\/#primaryimage\",\"url\":\"https:\\\/\\\/ckcpr.fr\\\/wp-content\\\/uploads\\\/2022\\\/11\\\/IMG_7572.jpg\",\"contentUrl\":\"https:\\\/\\\/ckcpr.fr\\\/wp-content\\\/uploads\\\/2022\\\/11\\\/IMG_7572.jpg\",\"width\":1773,\"height\":1182},{\"@type\":\"BreadcrumbList\",\"@id\":\"https:\\\/\\\/ckcpr.fr\\\/index.php\\\/2022\\\/11\\\/03\\\/dimanche-4-decembre-2022-selectif-regional-descente\\\/#breadcrumb\",\"itemListElement\":[{\"@type\":\"ListItem\",\"position\":1,\"name\":\"Accueil\",\"item\":\"https:\\\/\\\/ckcpr.fr\\\/\"},{\"@type\":\"ListItem\",\"position\":2,\"name\":\"Dimanche 4 D\u00e9cembre 2022 \\\/ S\u00e9lectif R\u00e9gional Descente\"}]},{\"@type\":\"WebSite\",\"@id\":\"https:\\\/\\\/ckcpr.fr\\\/#website\",\"url\":\"https:\\\/\\\/ckcpr.fr\\\/\",\"name\":\"Cano\u00eb-Kayak Club de Pont-R\u00e9an\",\"description\":\"\",\"publisher\":{\"@id\":\"https:\\\/\\\/ckcpr.fr\\\/#organization\"},\"potentialAction\":[{\"@type\":\"SearchAction\",\"target\":{\"@type\":\"EntryPoint\",\"urlTemplate\":\"https:\\\/\\\/ckcpr.fr\\\/?s={search_term_string}\"},\"query-input\":{\"@type\":\"PropertyValueSpecification\",\"valueRequired\":true,\"valueName\":\"search_term_string\"}}],\"inLanguage\":\"fr-FR\"},{\"@type\":\"Organization\",\"@id\":\"https:\\\/\\\/ckcpr.fr\\\/#organization\",\"name\":\"Cano\u00eb-Kayak Club de Pont-R\u00e9an\",\"url\":\"https:\\\/\\\/ckcpr.fr\\\/\",\"logo\":{\"@type\":\"ImageObject\",\"inLanguage\":\"fr-FR\",\"@id\":\"https:\\\/\\\/ckcpr.fr\\\/#\\\/schema\\\/logo\\\/image\\\/\",\"url\":\"https:\\\/\\\/ckcpr.fr\\\/wp-content\\\/uploads\\\/2022\\\/03\\\/cropped-cropped-Logo_ckcpr_horizontal.jpg\",\"contentUrl\":\"https:\\\/\\\/ckcpr.fr\\\/wp-content\\\/uploads\\\/2022\\\/03\\\/cropped-cropped-Logo_ckcpr_horizontal.jpg\",\"width\":468,\"height\":156,\"caption\":\"Cano\u00eb-Kayak Club de Pont-R\u00e9an\"},\"image\":{\"@id\":\"https:\\\/\\\/ckcpr.fr\\\/#\\\/schema\\\/logo\\\/image\\\/\"}},{\"@type\":\"Person\",\"@id\":\"https:\\\/\\\/ckcpr.fr\\\/#\\\/schema\\\/person\\\/d03dd8160a3de8ea69992ec6810dd313\",\"name\":\"KINTS Maxime\",\"image\":{\"@type\":\"ImageObject\",\"inLanguage\":\"fr-FR\",\"@id\":\"https:\\\/\\\/secure.gravatar.com\\\/avatar\\\/6c3cf5ceb9e249b22f656354ee3d039544398029c6a0a32f8302f0fa23336f94?s=96&d=mm&r=g\",\"url\":\"https:\\\/\\\/secure.gravatar.com\\\/avatar\\\/6c3cf5ceb9e249b22f656354ee3d039544398029c6a0a32f8302f0fa23336f94?s=96&d=mm&r=g\",\"contentUrl\":\"https:\\\/\\\/secure.gravatar.com\\\/avatar\\\/6c3cf5ceb9e249b22f656354ee3d039544398029c6a0a32f8302f0fa23336f94?s=96&d=mm&r=g\",\"caption\":\"KINTS Maxime\"},\"sameAs\":[\"https:\\\/\\\/ckcpr.fr\"],\"url\":\"https:\\\/\\\/ckcpr.fr\\\/index.php\\\/author\\\/maximekintsoutlook-fr\\\/\"}]}<\/script>\n<!-- \/ Yoast SEO plugin. -->","yoast_head_json":{"title":"Dimanche 4 D\u00e9cembre 2022 \/ S\u00e9lectif R\u00e9gional Descente - Cano\u00eb-Kayak Club de Pont-R\u00e9an","robots":{"index":"index","follow":"follow","max-snippet":"max-snippet:-1","max-image-preview":"max-image-preview:large","max-video-preview":"max-video-preview:-1"},"canonical":"https:\/\/ckcpr.fr\/index.php\/2022\/11\/03\/dimanche-4-decembre-2022-selectif-regional-descente\/","og_locale":"fr_FR","og_type":"article","og_title":"Dimanche 4 D\u00e9cembre 2022 \/ S\u00e9lectif R\u00e9gional Descente - Cano\u00eb-Kayak Club de Pont-R\u00e9an","og_description":"Lieu : PLANCOET Niveau : +15 ans & pagaie verte Tarif : 15 \u20ac \/\/ 25 places Inscription avant le 25\/11","og_url":"https:\/\/ckcpr.fr\/index.php\/2022\/11\/03\/dimanche-4-decembre-2022-selectif-regional-descente\/","og_site_name":"Cano\u00eb-Kayak Club de Pont-R\u00e9an","article_published_time":"2022-11-03T15:27:15+00:00","article_modified_time":"2022-11-03T15:36:54+00:00","og_image":[{"width":1773,"height":1182,"url":"https:\/\/ckcpr.fr\/wp-content\/uploads\/2022\/11\/IMG_7572.jpg","type":"image\/jpeg"}],"author":"KINTS Maxime","twitter_misc":{"\u00c9crit par":"KINTS Maxime","Dur\u00e9e de lecture estim\u00e9e":"1 minute"},"schema":{"@context":"https:\/\/schema.org","@graph":[{"@type":"Article","@id":"https:\/\/ckcpr.fr\/index.php\/2022\/11\/03\/dimanche-4-decembre-2022-selectif-regional-descente\/#article","isPartOf":{"@id":"https:\/\/ckcpr.fr\/index.php\/2022\/11\/03\/dimanche-4-decembre-2022-selectif-regional-descente\/"},"author":{"name":"KINTS Maxime","@id":"https:\/\/ckcpr.fr\/#\/schema\/person\/d03dd8160a3de8ea69992ec6810dd313"},"headline":"Dimanche 4 D\u00e9cembre 2022 \/ S\u00e9lectif R\u00e9gional Descente","datePublished":"2022-11-03T15:27:15+00:00","dateModified":"2022-11-03T15:36:54+00:00","mainEntityOfPage":{"@id":"https:\/\/ckcpr.fr\/index.php\/2022\/11\/03\/dimanche-4-decembre-2022-selectif-regional-descente\/"},"wordCount":8,"commentCount":0,"publisher":{"@id":"https:\/\/ckcpr.fr\/#organization"},"image":{"@id":"https:\/\/ckcpr.fr\/index.php\/2022\/11\/03\/dimanche-4-decembre-2022-selectif-regional-descente\/#primaryimage"},"thumbnailUrl":"https:\/\/ckcpr.fr\/wp-content\/uploads\/2022\/11\/IMG_7572.jpg","articleSection":["_Comp\u00e9titeur-Asso-connect","_\u00c9cole de sport\/Section sportive-Asso-connect"],"inLanguage":"fr-FR","potentialAction":[{"@type":"CommentAction","name":"Comment","target":["https:\/\/ckcpr.fr\/index.php\/2022\/11\/03\/dimanche-4-decembre-2022-selectif-regional-descente\/#respond"]}]},{"@type":"WebPage","@id":"https:\/\/ckcpr.fr\/index.php\/2022\/11\/03\/dimanche-4-decembre-2022-selectif-regional-descente\/","url":"https:\/\/ckcpr.fr\/index.php\/2022\/11\/03\/dimanche-4-decembre-2022-selectif-regional-descente\/","name":"Dimanche 4 D\u00e9cembre 2022 \/ S\u00e9lectif R\u00e9gional Descente - Cano\u00eb-Kayak Club de Pont-R\u00e9an","isPartOf":{"@id":"https:\/\/ckcpr.fr\/#website"},"primaryImageOfPage":{"@id":"https:\/\/ckcpr.fr\/index.php\/2022\/11\/03\/dimanche-4-decembre-2022-selectif-regional-descente\/#primaryimage"},"image":{"@id":"https:\/\/ckcpr.fr\/index.php\/2022\/11\/03\/dimanche-4-decembre-2022-selectif-regional-descente\/#primaryimage"},"thumbnailUrl":"https:\/\/ckcpr.fr\/wp-content\/uploads\/2022\/11\/IMG_7572.jpg","datePublished":"2022-11-03T15:27:15+00:00","dateModified":"2022-11-03T15:36:54+00:00","breadcrumb":{"@id":"https:\/\/ckcpr.fr\/index.php\/2022\/11\/03\/dimanche-4-decembre-2022-selectif-regional-descente\/#breadcrumb"},"inLanguage":"fr-FR","potentialAction":[{"@type":"ReadAction","target":["https:\/\/ckcpr.fr\/index.php\/2022\/11\/03\/dimanche-4-decembre-2022-selectif-regional-descente\/"]}]},{"@type":"ImageObject","inLanguage":"fr-FR","@id":"https:\/\/ckcpr.fr\/index.php\/2022\/11\/03\/dimanche-4-decembre-2022-selectif-regional-descente\/#primaryimage","url":"https:\/\/ckcpr.fr\/wp-content\/uploads\/2022\/11\/IMG_7572.jpg","contentUrl":"https:\/\/ckcpr.fr\/wp-content\/uploads\/2022\/11\/IMG_7572.jpg","width":1773,"height":1182},{"@type":"BreadcrumbList","@id":"https:\/\/ckcpr.fr\/index.php\/2022\/11\/03\/dimanche-4-decembre-2022-selectif-regional-descente\/#breadcrumb","itemListElement":[{"@type":"ListItem","position":1,"name":"Accueil","item":"https:\/\/ckcpr.fr\/"},{"@type":"ListItem","position":2,"name":"Dimanche 4 D\u00e9cembre 2022 \/ S\u00e9lectif R\u00e9gional Descente"}]},{"@type":"WebSite","@id":"https:\/\/ckcpr.fr\/#website","url":"https:\/\/ckcpr.fr\/","name":"Cano\u00eb-Kayak Club de Pont-R\u00e9an","description":"","publisher":{"@id":"https:\/\/ckcpr.fr\/#organization"},"potentialAction":[{"@type":"SearchAction","target":{"@type":"EntryPoint","urlTemplate":"https:\/\/ckcpr.fr\/?s={search_term_string}"},"query-input":{"@type":"PropertyValueSpecification","valueRequired":true,"valueName":"search_term_string"}}],"inLanguage":"fr-FR"},{"@type":"Organization","@id":"https:\/\/ckcpr.fr\/#organization","name":"Cano\u00eb-Kayak Club de Pont-R\u00e9an","url":"https:\/\/ckcpr.fr\/","logo":{"@type":"ImageObject","inLanguage":"fr-FR","@id":"https:\/\/ckcpr.fr\/#\/schema\/logo\/image\/","url":"https:\/\/ckcpr.fr\/wp-content\/uploads\/2022\/03\/cropped-cropped-Logo_ckcpr_horizontal.jpg","contentUrl":"https:\/\/ckcpr.fr\/wp-content\/uploads\/2022\/03\/cropped-cropped-Logo_ckcpr_horizontal.jpg","width":468,"height":156,"caption":"Cano\u00eb-Kayak Club de Pont-R\u00e9an"},"image":{"@id":"https:\/\/ckcpr.fr\/#\/schema\/logo\/image\/"}},{"@type":"Person","@id":"https:\/\/ckcpr.fr\/#\/schema\/person\/d03dd8160a3de8ea69992ec6810dd313","name":"KINTS Maxime","image":{"@type":"ImageObject","inLanguage":"fr-FR","@id":"https:\/\/secure.gravatar.com\/avatar\/6c3cf5ceb9e249b22f656354ee3d039544398029c6a0a32f8302f0fa23336f94?s=96&d=mm&r=g","url":"https:\/\/secure.gravatar.com\/avatar\/6c3cf5ceb9e249b22f656354ee3d039544398029c6a0a32f8302f0fa23336f94?s=96&d=mm&r=g","contentUrl":"https:\/\/secure.gravatar.com\/avatar\/6c3cf5ceb9e249b22f656354ee3d039544398029c6a0a32f8302f0fa23336f94?s=96&d=mm&r=g","caption":"KINTS Maxime"},"sameAs":["https:\/\/ckcpr.fr"],"url":"https:\/\/ckcpr.fr\/index.php\/author\/maximekintsoutlook-fr\/"}]}},"_links":{"self":[{"href":"https:\/\/ckcpr.fr\/index.php\/wp-json\/wp\/v2\/posts\/11835","targetHints":{"allow":["GET"]}}],"collection":[{"href":"https:\/\/ckcpr.fr\/index.php\/wp-json\/wp\/v2\/posts"}],"about":[{"href":"https:\/\/ckcpr.fr\/index.php\/wp-json\/wp\/v2\/types\/post"}],"author":[{"embeddable":true,"href":"https:\/\/ckcpr.fr\/index.php\/wp-json\/wp\/v2\/users\/1"}],"replies":[{"embeddable":true,"href":"https:\/\/ckcpr.fr\/index.php\/wp-json\/wp\/v2\/comments?post=11835"}],"version-history":[{"count":0,"href":"https:\/\/ckcpr.fr\/index.php\/wp-json\/wp\/v2\/posts\/11835\/revisions"}],"wp:featuredmedia":[{"embeddable":true,"href":"https:\/\/ckcpr.fr\/index.php\/wp-json\/wp\/v2\/media\/11754"}],"wp:attachment":[{"href":"https:\/\/ckcpr.fr\/index.php\/wp-json\/wp\/v2\/media?parent=11835"}],"wp:term":[{"taxonomy":"category","embeddable":true,"href":"https:\/\/ckcpr.fr\/index.php\/wp-json\/wp\/v2\/categories?post=11835"},{"taxonomy":"post_tag","embeddable":true,"href":"https:\/\/ckcpr.fr\/index.php\/wp-json\/wp\/v2\/tags?post=11835"}],"curies":[{"name":"wp","href":"https:\/\/api.w.org\/{rel}","templated":true}]}}