{"id":13114,"date":"2024-02-16T18:30:00","date_gmt":"2024-02-16T17:30:00","guid":{"rendered":"https:\/\/ckcpr.fr\/?p=13114"},"modified":"2024-03-15T13:16:56","modified_gmt":"2024-03-15T12:16:56","slug":"et-au-milieu-coule-une-riviere-la-vilaine","status":"publish","type":"post","link":"https:\/\/ckcpr.fr\/index.php\/2024\/02\/16\/et-au-milieu-coule-une-riviere-la-vilaine\/","title":{"rendered":"Et au milieu, coule une rivi\u00e8re.."},"content":{"rendered":"\n<figure class=\"wp-block-image size-large\"><img fetchpriority=\"high\" decoding=\"async\" width=\"1024\" height=\"576\" src=\"https:\/\/ckcpr.fr\/wp-content\/uploads\/2024\/02\/Image-mise-en-avant49-1024x576.png\" alt=\"\" class=\"wp-image-13117\" srcset=\"https:\/\/ckcpr.fr\/wp-content\/uploads\/2024\/02\/Image-mise-en-avant49-1024x576.png 1024w, https:\/\/ckcpr.fr\/wp-content\/uploads\/2024\/02\/Image-mise-en-avant49-300x169.png 300w, https:\/\/ckcpr.fr\/wp-content\/uploads\/2024\/02\/Image-mise-en-avant49-768x432.png 768w, https:\/\/ckcpr.fr\/wp-content\/uploads\/2024\/02\/Image-mise-en-avant49-1536x864.png 1536w, https:\/\/ckcpr.fr\/wp-content\/uploads\/2024\/02\/Image-mise-en-avant49-2048x1152.png 2048w, https:\/\/ckcpr.fr\/wp-content\/uploads\/2024\/02\/Image-mise-en-avant49-600x338.png 600w\" sizes=\"(max-width: 1024px) 100vw, 1024px\" \/><figcaption class=\"wp-element-caption\">Arbres remarquables au bord de la Vilaine, au sud de Laill\u00e9<\/figcaption><\/figure>\n\n\n\n<p>La Vilaine, fleuve, prend sa source en Mayenne, passe par l\u2019Ille-et-Vilaine et le Morbihan, jusqu\u2019\u00e0 se jeter dans l\u2019oc\u00e9an atlantique au sud. Le fleuve qui traverse notre territoire breton et nous relie de l\u2019oc\u00e9an \u00e0 Rennes.<\/p>\n\n\n\n<p>Et pourquoi la Vilaine porte cet \u00e9trange nom, elle qui porte nos cano\u00ebs et kayaks , nous transporte de paysages pittoresques en creux de falaises de schiste violet, bord\u00e9s de touches jaunes, gen\u00eats et ajoncs si caract\u00e9ristiques.<\/p>\n\n\n\n<p>Il semblerait que ce nom lui vienne de sa d\u00e9nomination en breton \u00ab&nbsp;ar ster velen&nbsp;\u00bb. Litt\u00e9ralement&nbsp; \u00ab&nbsp;ster&nbsp;\u00bb signifie \u00ab&nbsp;rivi\u00e8re&nbsp;\u00bb et \u00ab&nbsp;velen&nbsp;\u00bb \u00e0 la fois \u00ab&nbsp;dur, endurer&nbsp;\u00bb et \u00ab&nbsp;jaune&nbsp;\u00bb. Cela traduirait \u00e0 la fois un travail de force, comme celle des moulins qui en suivent la course folle. Et sa couleur aux propri\u00e9t\u00e9s magiques.&nbsp;<\/p>\n\n\n\n<p>Une l\u00e9gende dat\u00e9e des premiers si\u00e8cles de l\u2019\u00e8re chr\u00e9tienne relate que les femmes de Rennes etaient r\u00e9put\u00e9es pour leur beaut\u00e9.<\/p>\n\n\n\n<p>Celles qui correspondaient moins aux codes de beaut\u00e9 en vigueur venaient alors s\u2019y baigner pour b\u00e9n\u00e9ficier de ses vertus naturelles. Elles prenaient des \u00ab\u00a0bains de Vilaine\u00a0\u00bb, les coquines. A quelques encablures d&rsquo;ici, le miroir au f\u00e9es, en pays de Broc\u00e9liande. Pharmacop\u00e9e naturelle et bienfaitrice de l&rsquo;eau r\u00e9g\u00e9n\u00e9rante. Les druides bretons n&rsquo;\u00e9taient-elles pas principalement des druidesses.<\/p>\n\n\n\n<p>\u00c0 moins que son nom ne soit conf\u00e9r\u00e9 en r\u00e9alit\u00e9 \u00e0 celui qui lui a \u00e9t\u00e9 donn\u00e9 au Moyen-\u00c2ge, \u00ab\u00a0Visconia\u00a0\u00bb. \u00ab\u00a0La rivi\u00e8re aux eaux de rouille\u00a0\u00bb. En version francis\u00e9, cela donnait \u00ab\u00a0Vilaingne\u00a0\u00bb puis enfin \u00ab\u00a0Vilaine\u00a0\u00bb. La Vilaine serait-elle sulfureuse. Que nenni, grands dieux.<\/p>\n\n\n\n<p>Rien \u00e0 voir avec un quelconque esth\u00e9tisme disgracieux ou trait de caract\u00e8re d\u00e9sagr\u00e9able.<\/p>\n\n\n\n<p>La Vilaine, de tout temps, quelque soit son \u00e9tymologie et ses l\u00e9gendes serait donc un secret de beaut\u00e9 pour celles qui s\u2019y trempent, s&rsquo;y pr\u00e9lassent et s&rsquo;y aventurent.<\/p>\n\n\n\n<figure class=\"wp-block-image size-large is-resized\"><img decoding=\"async\" width=\"1024\" height=\"576\" src=\"https:\/\/ckcpr.fr\/wp-content\/uploads\/2024\/02\/Image-mise-en-avant6-1024x576.png\" alt=\"\" class=\"wp-image-13118\" style=\"width:1043px;height:auto\" srcset=\"https:\/\/ckcpr.fr\/wp-content\/uploads\/2024\/02\/Image-mise-en-avant6-1024x576.png 1024w, https:\/\/ckcpr.fr\/wp-content\/uploads\/2024\/02\/Image-mise-en-avant6-300x169.png 300w, https:\/\/ckcpr.fr\/wp-content\/uploads\/2024\/02\/Image-mise-en-avant6-768x432.png 768w, https:\/\/ckcpr.fr\/wp-content\/uploads\/2024\/02\/Image-mise-en-avant6-1536x864.png 1536w, https:\/\/ckcpr.fr\/wp-content\/uploads\/2024\/02\/Image-mise-en-avant6-2048x1152.png 2048w, https:\/\/ckcpr.fr\/wp-content\/uploads\/2024\/02\/Image-mise-en-avant6-600x338.png 600w\" sizes=\"(max-width: 1024px) 100vw, 1024px\" \/><figcaption class=\"wp-element-caption\">La Vilaine, sa prairie de n\u00e9nuphars et ses cano\u00e9istes estivaux en pleine exploration<\/figcaption><\/figure>\n\n\n\n<p>En cette saison de pluies, d\u2019inondations incessantes et d\u2019hiver finissant, sa temp\u00e9rature est encore un peu fra\u00eeche.&nbsp;<\/p>\n\n\n\n<p>Restons prudentes. Ne c\u00e9dons pas aux caprices ludiques de notre rivi\u00e8re enchanteresse.<\/p>\n\n\n\n<p>Au Cano\u00eb Kayak Club de Pont-R\u00e9an, les kayakistes ont beau \u00eatre joueuses et un tantinet aventuri\u00e8res, il est un peu t\u00f4t dans la saison pour troquer nos tenues isolantes du froid mordant contre un batifolage g\u00e9n\u00e9ral en tenue d\u2019Eve en bikini \u00e0 fleurs printani\u00e8res.&nbsp;<\/p>\n\n\n\n<p>Car, comme dit un proverbe chinois, \u00ab\u00a0il y a plusieurs saisons. L&rsquo;hiver est tout froid, humide et grincheux. Sauf pour les kayakistes qui trouvent \u00e7a amusant. Apr\u00e8s l\u2019hiver, vient le printemps. Au printemps, tout renait. Le pollen recouvre enti\u00e8rement la surface de la Vilaine, c&rsquo;est tr\u00e8s joli et tout le monde \u00e9ternue. Puis enfin vient l\u2019\u00e9t\u00e9 et sa folle envie de sauter dans l\u2019eau, s\u2019\u00e9clabousser et batifoler partout\u00a0\u00bb. Adage valable pour la Bretagne aussi. <\/p>\n\n\n\n<p>\u00c0 ce propos, le Cano\u00eb kayak club de Pont-Rean vous concocte de nouvelles propositions de randonn\u00e9es nautiques avec bivouac en toute autonomie.\u00a0 Pour les joies d&rsquo;un tourisme fluvial d&rsquo;un genre nouveau. Patience. Bient\u00f4t une promenade bucolique du fleuve magique en version familiale ou sportive. <\/p>\n\n\n\n<p>Il para\u00eet qu\u2019il y a des arbres remarquables immenses avec des racines a\u00e9riennes surprenantes, des \u00eeles insoup\u00e7onn\u00e9es au d\u00e9tour de for\u00eats de n\u00e9nuphars. Et des lutins qui piquent des chips. <\/p>\n\n\n\n<p>Restez connect\u00e9s.  Ce fleuve n\u2019a pas fini de nous livrer tous ses secrets. <\/p>\n\n\n\n<p>A bon entendeur, salut.<\/p>\n","protected":false},"excerpt":{"rendered":"<p>Fleuve La Vilaine coulant paisiblement entre deux arbres remarquables non loin du cano\u00eb kayak club Pont-R\u00e9an<\/p>\n","protected":false},"author":94,"featured_media":13117,"comment_status":"closed","ping_status":"closed","sticky":false,"template":"","format":"standard","meta":{"site-sidebar-layout":"default","site-content-layout":"","ast-site-content-layout":"default","site-content-style":"default","site-sidebar-style":"default","ast-global-header-display":"","ast-banner-title-visibility":"","ast-main-header-display":"","ast-hfb-above-header-display":"","ast-hfb-below-header-display":"","ast-hfb-mobile-header-display":"","site-post-title":"","ast-breadcrumbs-content":"","ast-featured-img":"disabled","footer-sml-layout":"","ast-disable-related-posts":"","theme-transparent-header-meta":"","adv-header-id-meta":"","stick-header-meta":"","header-above-stick-meta":"","header-main-stick-meta":"","header-below-stick-meta":"","astra-migrate-meta-layouts":"set","ast-page-background-enabled":"default","ast-page-background-meta":{"desktop":{"background-color":"","background-image":"","background-repeat":"repeat","background-position":"center center","background-size":"auto","background-attachment":"scroll","background-type":"","background-media":"","overlay-type":"","overlay-color":"","overlay-opacity":"","overlay-gradient":""},"tablet":{"background-color":"","background-image":"","background-repeat":"repeat","background-position":"center center","background-size":"auto","background-attachment":"scroll","background-type":"","background-media":"","overlay-type":"","overlay-color":"","overlay-opacity":"","overlay-gradient":""},"mobile":{"background-color":"","background-image":"","background-repeat":"repeat","background-position":"center center","background-size":"auto","background-attachment":"scroll","background-type":"","background-media":"","overlay-type":"","overlay-color":"","overlay-opacity":"","overlay-gradient":""}},"ast-content-background-meta":{"desktop":{"background-color":"var(--ast-global-color-5)","background-image":"","background-repeat":"repeat","background-position":"center center","background-size":"auto","background-attachment":"scroll","background-type":"","background-media":"","overlay-type":"","overlay-color":"","overlay-opacity":"","overlay-gradient":""},"tablet":{"background-color":"var(--ast-global-color-5)","background-image":"","background-repeat":"repeat","background-position":"center center","background-size":"auto","background-attachment":"scroll","background-type":"","background-media":"","overlay-type":"","overlay-color":"","overlay-opacity":"","overlay-gradient":""},"mobile":{"background-color":"var(--ast-global-color-5)","background-image":"","background-repeat":"repeat","background-position":"center center","background-size":"auto","background-attachment":"scroll","background-type":"","background-media":"","overlay-type":"","overlay-color":"","overlay-opacity":"","overlay-gradient":""}},"footnotes":""},"categories":[104,113,1],"tags":[135,142,130,126,138,132,129,134,139,141,136],"class_list":["post-13114","post","type-post","status-publish","format-standard","has-post-thumbnail","hentry","category-le-club","category-locations","category-non-classe","tag-balade-sur-leau","tag-bretaghne","tag-canoe","tag-canoe-kayak-club-pont-rean","tag-fleuve-breton","tag-glisser-sur-leau","tag-kayak","tag-location-de-canoe-kayak","tag-randonnee-nautique","tag-rennes","tag-vilaine"],"yoast_head":"<!-- This site is optimized with the Yoast SEO plugin v27.4 - https:\/\/yoast.com\/product\/yoast-seo-wordpress\/ -->\n<title>Et au milieu, coule une rivi\u00e8re.. - Cano\u00eb-Kayak Club de Pont-R\u00e9an<\/title>\n<meta name=\"description\" content=\"La Vilaine, fleuve qui traverse notre territoire breton, de l\u2019oc\u00e9an \u00e0 Rennes. Pourquoi cet \u00e9trange nom, cache-elle un secret ?\" \/>\n<meta name=\"robots\" content=\"index, follow, max-snippet:-1, max-image-preview:large, max-video-preview:-1\" \/>\n<link rel=\"canonical\" href=\"https:\/\/ckcpr.fr\/index.php\/2024\/02\/16\/et-au-milieu-coule-une-riviere-la-vilaine\/\" \/>\n<meta property=\"og:locale\" content=\"fr_FR\" \/>\n<meta property=\"og:type\" content=\"article\" \/>\n<meta property=\"og:title\" content=\"Et au milieu, coule une rivi\u00e8re.. - Cano\u00eb-Kayak Club de Pont-R\u00e9an\" \/>\n<meta property=\"og:description\" content=\"La Vilaine, fleuve qui traverse notre territoire breton, de l\u2019oc\u00e9an \u00e0 Rennes. Pourquoi cet \u00e9trange nom, cache-elle un secret ?\" \/>\n<meta property=\"og:url\" content=\"https:\/\/ckcpr.fr\/index.php\/2024\/02\/16\/et-au-milieu-coule-une-riviere-la-vilaine\/\" \/>\n<meta property=\"og:site_name\" content=\"Cano\u00eb-Kayak Club de Pont-R\u00e9an\" \/>\n<meta property=\"article:published_time\" content=\"2024-02-16T17:30:00+00:00\" \/>\n<meta property=\"article:modified_time\" content=\"2024-03-15T12:16:56+00:00\" \/>\n<meta property=\"og:image\" content=\"https:\/\/ckcpr.fr\/wp-content\/uploads\/2024\/02\/Image-mise-en-avant49-1024x576.png\" \/>\n\t<meta property=\"og:image:width\" content=\"1024\" \/>\n\t<meta property=\"og:image:height\" content=\"576\" \/>\n\t<meta property=\"og:image:type\" content=\"image\/png\" \/>\n<meta name=\"author\" content=\"Magali Roussel\" \/>\n<meta name=\"twitter:label1\" content=\"\u00c9crit par\" \/>\n\t<meta name=\"twitter:data1\" content=\"Magali Roussel\" \/>\n\t<meta name=\"twitter:label2\" content=\"Dur\u00e9e de lecture estim\u00e9e\" \/>\n\t<meta name=\"twitter:data2\" content=\"4 minutes\" \/>\n<script type=\"application\/ld+json\" class=\"yoast-schema-graph\">{\"@context\":\"https:\\\/\\\/schema.org\",\"@graph\":[{\"@type\":\"Article\",\"@id\":\"https:\\\/\\\/ckcpr.fr\\\/index.php\\\/2024\\\/02\\\/16\\\/et-au-milieu-coule-une-riviere-la-vilaine\\\/#article\",\"isPartOf\":{\"@id\":\"https:\\\/\\\/ckcpr.fr\\\/index.php\\\/2024\\\/02\\\/16\\\/et-au-milieu-coule-une-riviere-la-vilaine\\\/\"},\"author\":{\"name\":\"Magali Roussel\",\"@id\":\"https:\\\/\\\/ckcpr.fr\\\/#\\\/schema\\\/person\\\/458fff70d6b866acbb48cff4420fdd20\"},\"headline\":\"Et au milieu, coule une rivi\u00e8re..\",\"datePublished\":\"2024-02-16T17:30:00+00:00\",\"dateModified\":\"2024-03-15T12:16:56+00:00\",\"mainEntityOfPage\":{\"@id\":\"https:\\\/\\\/ckcpr.fr\\\/index.php\\\/2024\\\/02\\\/16\\\/et-au-milieu-coule-une-riviere-la-vilaine\\\/\"},\"wordCount\":645,\"publisher\":{\"@id\":\"https:\\\/\\\/ckcpr.fr\\\/#organization\"},\"image\":{\"@id\":\"https:\\\/\\\/ckcpr.fr\\\/index.php\\\/2024\\\/02\\\/16\\\/et-au-milieu-coule-une-riviere-la-vilaine\\\/#primaryimage\"},\"thumbnailUrl\":\"https:\\\/\\\/ckcpr.fr\\\/wp-content\\\/uploads\\\/2024\\\/02\\\/Image-mise-en-avant49.png\",\"keywords\":[\"balade sur l'eau\",\"bretaghne\",\"cano\u00eb\",\"Cano\u00eb Kayak Club Pont R\u00e9an\",\"fleuve breton\",\"glisser sur l'eau\",\"kayak\",\"location de canoe kayak\",\"randonn\u00e9e nautique\",\"rennes\",\"vilaine\"],\"articleSection\":[\"Le club\",\"Locations\"],\"inLanguage\":\"fr-FR\"},{\"@type\":\"WebPage\",\"@id\":\"https:\\\/\\\/ckcpr.fr\\\/index.php\\\/2024\\\/02\\\/16\\\/et-au-milieu-coule-une-riviere-la-vilaine\\\/\",\"url\":\"https:\\\/\\\/ckcpr.fr\\\/index.php\\\/2024\\\/02\\\/16\\\/et-au-milieu-coule-une-riviere-la-vilaine\\\/\",\"name\":\"Et au milieu, coule une rivi\u00e8re.. - Cano\u00eb-Kayak Club de Pont-R\u00e9an\",\"isPartOf\":{\"@id\":\"https:\\\/\\\/ckcpr.fr\\\/#website\"},\"primaryImageOfPage\":{\"@id\":\"https:\\\/\\\/ckcpr.fr\\\/index.php\\\/2024\\\/02\\\/16\\\/et-au-milieu-coule-une-riviere-la-vilaine\\\/#primaryimage\"},\"image\":{\"@id\":\"https:\\\/\\\/ckcpr.fr\\\/index.php\\\/2024\\\/02\\\/16\\\/et-au-milieu-coule-une-riviere-la-vilaine\\\/#primaryimage\"},\"thumbnailUrl\":\"https:\\\/\\\/ckcpr.fr\\\/wp-content\\\/uploads\\\/2024\\\/02\\\/Image-mise-en-avant49.png\",\"datePublished\":\"2024-02-16T17:30:00+00:00\",\"dateModified\":\"2024-03-15T12:16:56+00:00\",\"description\":\"La Vilaine, fleuve qui traverse notre territoire breton, de l\u2019oc\u00e9an \u00e0 Rennes. Pourquoi cet \u00e9trange nom, cache-elle un secret ?\",\"breadcrumb\":{\"@id\":\"https:\\\/\\\/ckcpr.fr\\\/index.php\\\/2024\\\/02\\\/16\\\/et-au-milieu-coule-une-riviere-la-vilaine\\\/#breadcrumb\"},\"inLanguage\":\"fr-FR\",\"potentialAction\":[{\"@type\":\"ReadAction\",\"target\":[\"https:\\\/\\\/ckcpr.fr\\\/index.php\\\/2024\\\/02\\\/16\\\/et-au-milieu-coule-une-riviere-la-vilaine\\\/\"]}]},{\"@type\":\"ImageObject\",\"inLanguage\":\"fr-FR\",\"@id\":\"https:\\\/\\\/ckcpr.fr\\\/index.php\\\/2024\\\/02\\\/16\\\/et-au-milieu-coule-une-riviere-la-vilaine\\\/#primaryimage\",\"url\":\"https:\\\/\\\/ckcpr.fr\\\/wp-content\\\/uploads\\\/2024\\\/02\\\/Image-mise-en-avant49.png\",\"contentUrl\":\"https:\\\/\\\/ckcpr.fr\\\/wp-content\\\/uploads\\\/2024\\\/02\\\/Image-mise-en-avant49.png\",\"width\":4032,\"height\":2268,\"caption\":\"Fleuve La Vilaine coulant paisiblement entre deux arbres remarquables non loin du cano\u00eb kayak club Pont-R\u00e9an\"},{\"@type\":\"BreadcrumbList\",\"@id\":\"https:\\\/\\\/ckcpr.fr\\\/index.php\\\/2024\\\/02\\\/16\\\/et-au-milieu-coule-une-riviere-la-vilaine\\\/#breadcrumb\",\"itemListElement\":[{\"@type\":\"ListItem\",\"position\":1,\"name\":\"Accueil\",\"item\":\"https:\\\/\\\/ckcpr.fr\\\/\"},{\"@type\":\"ListItem\",\"position\":2,\"name\":\"Et au milieu, coule une rivi\u00e8re..\"}]},{\"@type\":\"WebSite\",\"@id\":\"https:\\\/\\\/ckcpr.fr\\\/#website\",\"url\":\"https:\\\/\\\/ckcpr.fr\\\/\",\"name\":\"Cano\u00eb-Kayak Club de Pont-R\u00e9an\",\"description\":\"\",\"publisher\":{\"@id\":\"https:\\\/\\\/ckcpr.fr\\\/#organization\"},\"potentialAction\":[{\"@type\":\"SearchAction\",\"target\":{\"@type\":\"EntryPoint\",\"urlTemplate\":\"https:\\\/\\\/ckcpr.fr\\\/?s={search_term_string}\"},\"query-input\":{\"@type\":\"PropertyValueSpecification\",\"valueRequired\":true,\"valueName\":\"search_term_string\"}}],\"inLanguage\":\"fr-FR\"},{\"@type\":\"Organization\",\"@id\":\"https:\\\/\\\/ckcpr.fr\\\/#organization\",\"name\":\"Cano\u00eb-Kayak Club de Pont-R\u00e9an\",\"url\":\"https:\\\/\\\/ckcpr.fr\\\/\",\"logo\":{\"@type\":\"ImageObject\",\"inLanguage\":\"fr-FR\",\"@id\":\"https:\\\/\\\/ckcpr.fr\\\/#\\\/schema\\\/logo\\\/image\\\/\",\"url\":\"https:\\\/\\\/ckcpr.fr\\\/wp-content\\\/uploads\\\/2022\\\/03\\\/cropped-cropped-Logo_ckcpr_horizontal.jpg\",\"contentUrl\":\"https:\\\/\\\/ckcpr.fr\\\/wp-content\\\/uploads\\\/2022\\\/03\\\/cropped-cropped-Logo_ckcpr_horizontal.jpg\",\"width\":468,\"height\":156,\"caption\":\"Cano\u00eb-Kayak Club de Pont-R\u00e9an\"},\"image\":{\"@id\":\"https:\\\/\\\/ckcpr.fr\\\/#\\\/schema\\\/logo\\\/image\\\/\"}},{\"@type\":\"Person\",\"@id\":\"https:\\\/\\\/ckcpr.fr\\\/#\\\/schema\\\/person\\\/458fff70d6b866acbb48cff4420fdd20\",\"name\":\"Magali Roussel\",\"image\":{\"@type\":\"ImageObject\",\"inLanguage\":\"fr-FR\",\"@id\":\"https:\\\/\\\/secure.gravatar.com\\\/avatar\\\/5939ca2ce113970faed8ea65e17be999c0bea09f28268b1e00030449b8990d17?s=96&d=mm&r=g\",\"url\":\"https:\\\/\\\/secure.gravatar.com\\\/avatar\\\/5939ca2ce113970faed8ea65e17be999c0bea09f28268b1e00030449b8990d17?s=96&d=mm&r=g\",\"contentUrl\":\"https:\\\/\\\/secure.gravatar.com\\\/avatar\\\/5939ca2ce113970faed8ea65e17be999c0bea09f28268b1e00030449b8990d17?s=96&d=mm&r=g\",\"caption\":\"Magali Roussel\"},\"url\":\"https:\\\/\\\/ckcpr.fr\\\/index.php\\\/author\\\/magali-roussel\\\/\"}]}<\/script>\n<!-- \/ Yoast SEO plugin. -->","yoast_head_json":{"title":"Et au milieu, coule une rivi\u00e8re.. - Cano\u00eb-Kayak Club de Pont-R\u00e9an","description":"La Vilaine, fleuve qui traverse notre territoire breton, de l\u2019oc\u00e9an \u00e0 Rennes. Pourquoi cet \u00e9trange nom, cache-elle un secret ?","robots":{"index":"index","follow":"follow","max-snippet":"max-snippet:-1","max-image-preview":"max-image-preview:large","max-video-preview":"max-video-preview:-1"},"canonical":"https:\/\/ckcpr.fr\/index.php\/2024\/02\/16\/et-au-milieu-coule-une-riviere-la-vilaine\/","og_locale":"fr_FR","og_type":"article","og_title":"Et au milieu, coule une rivi\u00e8re.. - Cano\u00eb-Kayak Club de Pont-R\u00e9an","og_description":"La Vilaine, fleuve qui traverse notre territoire breton, de l\u2019oc\u00e9an \u00e0 Rennes. Pourquoi cet \u00e9trange nom, cache-elle un secret ?","og_url":"https:\/\/ckcpr.fr\/index.php\/2024\/02\/16\/et-au-milieu-coule-une-riviere-la-vilaine\/","og_site_name":"Cano\u00eb-Kayak Club de Pont-R\u00e9an","article_published_time":"2024-02-16T17:30:00+00:00","article_modified_time":"2024-03-15T12:16:56+00:00","og_image":[{"width":1024,"height":576,"url":"https:\/\/ckcpr.fr\/wp-content\/uploads\/2024\/02\/Image-mise-en-avant49-1024x576.png","type":"image\/png"}],"author":"Magali Roussel","twitter_misc":{"\u00c9crit par":"Magali Roussel","Dur\u00e9e de lecture estim\u00e9e":"4 minutes"},"schema":{"@context":"https:\/\/schema.org","@graph":[{"@type":"Article","@id":"https:\/\/ckcpr.fr\/index.php\/2024\/02\/16\/et-au-milieu-coule-une-riviere-la-vilaine\/#article","isPartOf":{"@id":"https:\/\/ckcpr.fr\/index.php\/2024\/02\/16\/et-au-milieu-coule-une-riviere-la-vilaine\/"},"author":{"name":"Magali Roussel","@id":"https:\/\/ckcpr.fr\/#\/schema\/person\/458fff70d6b866acbb48cff4420fdd20"},"headline":"Et au milieu, coule une rivi\u00e8re..","datePublished":"2024-02-16T17:30:00+00:00","dateModified":"2024-03-15T12:16:56+00:00","mainEntityOfPage":{"@id":"https:\/\/ckcpr.fr\/index.php\/2024\/02\/16\/et-au-milieu-coule-une-riviere-la-vilaine\/"},"wordCount":645,"publisher":{"@id":"https:\/\/ckcpr.fr\/#organization"},"image":{"@id":"https:\/\/ckcpr.fr\/index.php\/2024\/02\/16\/et-au-milieu-coule-une-riviere-la-vilaine\/#primaryimage"},"thumbnailUrl":"https:\/\/ckcpr.fr\/wp-content\/uploads\/2024\/02\/Image-mise-en-avant49.png","keywords":["balade sur l'eau","bretaghne","cano\u00eb","Cano\u00eb Kayak Club Pont R\u00e9an","fleuve breton","glisser sur l'eau","kayak","location de canoe kayak","randonn\u00e9e nautique","rennes","vilaine"],"articleSection":["Le club","Locations"],"inLanguage":"fr-FR"},{"@type":"WebPage","@id":"https:\/\/ckcpr.fr\/index.php\/2024\/02\/16\/et-au-milieu-coule-une-riviere-la-vilaine\/","url":"https:\/\/ckcpr.fr\/index.php\/2024\/02\/16\/et-au-milieu-coule-une-riviere-la-vilaine\/","name":"Et au milieu, coule une rivi\u00e8re.. - Cano\u00eb-Kayak Club de Pont-R\u00e9an","isPartOf":{"@id":"https:\/\/ckcpr.fr\/#website"},"primaryImageOfPage":{"@id":"https:\/\/ckcpr.fr\/index.php\/2024\/02\/16\/et-au-milieu-coule-une-riviere-la-vilaine\/#primaryimage"},"image":{"@id":"https:\/\/ckcpr.fr\/index.php\/2024\/02\/16\/et-au-milieu-coule-une-riviere-la-vilaine\/#primaryimage"},"thumbnailUrl":"https:\/\/ckcpr.fr\/wp-content\/uploads\/2024\/02\/Image-mise-en-avant49.png","datePublished":"2024-02-16T17:30:00+00:00","dateModified":"2024-03-15T12:16:56+00:00","description":"La Vilaine, fleuve qui traverse notre territoire breton, de l\u2019oc\u00e9an \u00e0 Rennes. Pourquoi cet \u00e9trange nom, cache-elle un secret ?","breadcrumb":{"@id":"https:\/\/ckcpr.fr\/index.php\/2024\/02\/16\/et-au-milieu-coule-une-riviere-la-vilaine\/#breadcrumb"},"inLanguage":"fr-FR","potentialAction":[{"@type":"ReadAction","target":["https:\/\/ckcpr.fr\/index.php\/2024\/02\/16\/et-au-milieu-coule-une-riviere-la-vilaine\/"]}]},{"@type":"ImageObject","inLanguage":"fr-FR","@id":"https:\/\/ckcpr.fr\/index.php\/2024\/02\/16\/et-au-milieu-coule-une-riviere-la-vilaine\/#primaryimage","url":"https:\/\/ckcpr.fr\/wp-content\/uploads\/2024\/02\/Image-mise-en-avant49.png","contentUrl":"https:\/\/ckcpr.fr\/wp-content\/uploads\/2024\/02\/Image-mise-en-avant49.png","width":4032,"height":2268,"caption":"Fleuve La Vilaine coulant paisiblement entre deux arbres remarquables non loin du cano\u00eb kayak club Pont-R\u00e9an"},{"@type":"BreadcrumbList","@id":"https:\/\/ckcpr.fr\/index.php\/2024\/02\/16\/et-au-milieu-coule-une-riviere-la-vilaine\/#breadcrumb","itemListElement":[{"@type":"ListItem","position":1,"name":"Accueil","item":"https:\/\/ckcpr.fr\/"},{"@type":"ListItem","position":2,"name":"Et au milieu, coule une rivi\u00e8re.."}]},{"@type":"WebSite","@id":"https:\/\/ckcpr.fr\/#website","url":"https:\/\/ckcpr.fr\/","name":"Cano\u00eb-Kayak Club de Pont-R\u00e9an","description":"","publisher":{"@id":"https:\/\/ckcpr.fr\/#organization"},"potentialAction":[{"@type":"SearchAction","target":{"@type":"EntryPoint","urlTemplate":"https:\/\/ckcpr.fr\/?s={search_term_string}"},"query-input":{"@type":"PropertyValueSpecification","valueRequired":true,"valueName":"search_term_string"}}],"inLanguage":"fr-FR"},{"@type":"Organization","@id":"https:\/\/ckcpr.fr\/#organization","name":"Cano\u00eb-Kayak Club de Pont-R\u00e9an","url":"https:\/\/ckcpr.fr\/","logo":{"@type":"ImageObject","inLanguage":"fr-FR","@id":"https:\/\/ckcpr.fr\/#\/schema\/logo\/image\/","url":"https:\/\/ckcpr.fr\/wp-content\/uploads\/2022\/03\/cropped-cropped-Logo_ckcpr_horizontal.jpg","contentUrl":"https:\/\/ckcpr.fr\/wp-content\/uploads\/2022\/03\/cropped-cropped-Logo_ckcpr_horizontal.jpg","width":468,"height":156,"caption":"Cano\u00eb-Kayak Club de Pont-R\u00e9an"},"image":{"@id":"https:\/\/ckcpr.fr\/#\/schema\/logo\/image\/"}},{"@type":"Person","@id":"https:\/\/ckcpr.fr\/#\/schema\/person\/458fff70d6b866acbb48cff4420fdd20","name":"Magali Roussel","image":{"@type":"ImageObject","inLanguage":"fr-FR","@id":"https:\/\/secure.gravatar.com\/avatar\/5939ca2ce113970faed8ea65e17be999c0bea09f28268b1e00030449b8990d17?s=96&d=mm&r=g","url":"https:\/\/secure.gravatar.com\/avatar\/5939ca2ce113970faed8ea65e17be999c0bea09f28268b1e00030449b8990d17?s=96&d=mm&r=g","contentUrl":"https:\/\/secure.gravatar.com\/avatar\/5939ca2ce113970faed8ea65e17be999c0bea09f28268b1e00030449b8990d17?s=96&d=mm&r=g","caption":"Magali Roussel"},"url":"https:\/\/ckcpr.fr\/index.php\/author\/magali-roussel\/"}]}},"_links":{"self":[{"href":"https:\/\/ckcpr.fr\/index.php\/wp-json\/wp\/v2\/posts\/13114","targetHints":{"allow":["GET"]}}],"collection":[{"href":"https:\/\/ckcpr.fr\/index.php\/wp-json\/wp\/v2\/posts"}],"about":[{"href":"https:\/\/ckcpr.fr\/index.php\/wp-json\/wp\/v2\/types\/post"}],"author":[{"embeddable":true,"href":"https:\/\/ckcpr.fr\/index.php\/wp-json\/wp\/v2\/users\/94"}],"replies":[{"embeddable":true,"href":"https:\/\/ckcpr.fr\/index.php\/wp-json\/wp\/v2\/comments?post=13114"}],"version-history":[{"count":3,"href":"https:\/\/ckcpr.fr\/index.php\/wp-json\/wp\/v2\/posts\/13114\/revisions"}],"predecessor-version":[{"id":13182,"href":"https:\/\/ckcpr.fr\/index.php\/wp-json\/wp\/v2\/posts\/13114\/revisions\/13182"}],"wp:featuredmedia":[{"embeddable":true,"href":"https:\/\/ckcpr.fr\/index.php\/wp-json\/wp\/v2\/media\/13117"}],"wp:attachment":[{"href":"https:\/\/ckcpr.fr\/index.php\/wp-json\/wp\/v2\/media?parent=13114"}],"wp:term":[{"taxonomy":"category","embeddable":true,"href":"https:\/\/ckcpr.fr\/index.php\/wp-json\/wp\/v2\/categories?post=13114"},{"taxonomy":"post_tag","embeddable":true,"href":"https:\/\/ckcpr.fr\/index.php\/wp-json\/wp\/v2\/tags?post=13114"}],"curies":[{"name":"wp","href":"https:\/\/api.w.org\/{rel}","templated":true}]}}