{"id":13123,"date":"2024-02-24T09:00:00","date_gmt":"2024-02-24T08:00:00","guid":{"rendered":"https:\/\/ckcpr.fr\/?p=13123"},"modified":"2024-03-15T13:16:02","modified_gmt":"2024-03-15T12:16:02","slug":"le-canoe-kayak-club-pont-rean-simpose-en-selectif-inter-regional-de-descente-a-tonquedec","status":"publish","type":"post","link":"https:\/\/ckcpr.fr\/index.php\/2024\/02\/24\/le-canoe-kayak-club-pont-rean-simpose-en-selectif-inter-regional-de-descente-a-tonquedec\/","title":{"rendered":"Championnat de Bretagne de descente \u00e0 Tonquedec"},"content":{"rendered":"\n<figure class=\"wp-block-image size-large\"><img fetchpriority=\"high\" decoding=\"async\" width=\"1024\" height=\"640\" src=\"https:\/\/ckcpr.fr\/wp-content\/uploads\/2024\/02\/Maxence-Guiziou-Leguer-1024x640.png\" alt=\"Maxence Guiziou du Canot-kayak club Pont-R\u00e9an dans son kayak de descente sur le Leguer en s\u00e9lectif inter-r\u00e9gional de Descente\" class=\"wp-image-13124\" srcset=\"https:\/\/ckcpr.fr\/wp-content\/uploads\/2024\/02\/Maxence-Guiziou-Leguer-1024x640.png 1024w, https:\/\/ckcpr.fr\/wp-content\/uploads\/2024\/02\/Maxence-Guiziou-Leguer-300x188.png 300w, https:\/\/ckcpr.fr\/wp-content\/uploads\/2024\/02\/Maxence-Guiziou-Leguer-768x480.png 768w, https:\/\/ckcpr.fr\/wp-content\/uploads\/2024\/02\/Maxence-Guiziou-Leguer-600x375.png 600w, https:\/\/ckcpr.fr\/wp-content\/uploads\/2024\/02\/Maxence-Guiziou-Leguer.png 1200w\" sizes=\"(max-width: 1024px) 100vw, 1024px\" \/><figcaption class=\"wp-element-caption\">Maxence Guiziou (Pont-R\u00e9an) a domin\u00e9 la descente du L\u00e9guer en classique et en sprint. Photo&nbsp;: Jean-Michel Bo\u00ebt\u00e9. (Boete Jean Michel)<\/figcaption><\/figure>\n\n\n\n<p><a href=\"Source: Article du T\u00e9l\u00e9gramme: https:\/\/www.letelegramme.fr\/sports\/canoe-kayak\/maxence-guiziou-pont-rean-simpose-en-classique-et-en-sprint-a-tonquedec-6528637.php\">Source: Article du T\u00e9l\u00e9gramme<\/a>: <a href=\"https:\/\/www.letelegramme.fr\/sports\/canoe-kayak\/maxence-guiziou-pont-rean-simpose-en-classique-et-en-sprint-a-tonquedec-6528637.php\">https:\/\/www.letelegramme.fr\/sports\/canoe-kayak\/maxence-guiziou-pont-rean-simpose-en-classique-et-en-sprint-a-tonquedec-6528637.php<\/a><\/p>\n\n\n\n<p>Dimanche 18 f\u00e9vrier dernier, la fine fleur comp\u00e9titrice du Cano\u00eb Kayak Club de Pont-R\u00e9an s\u2019est d\u00e9plac\u00e9e en meute sur le Leguer,  premi\u00e8re rivi\u00e8re class\u00e9e \u00ab\u00a0rivi\u00e8re sauvage\u00a0\u00bb en France o\u00f9 se d\u00e9roulait le s\u00e9lectif inter-r\u00e9gional de descente classique et sprint. Derni\u00e8re comp\u00e9tition de la saison, organis\u00e9e par Le club cano\u00eb-kayak de La Roche-Derrien.\u00a0<\/p>\n\n\n\n<p>L\u2019\u00e9preuve s\u2019est d\u00e9roul\u00e9e un cadre superbe, entre le moulin de Losser et l\u2019imposant ch\u00e2teau fortifi\u00e9 de Tonqu\u00e9dec.&nbsp;<\/p>\n\n\n\n<ul class=\"wp-block-list\">\n<li>Le matin, en Descente classique sur un parcours de 5 kms. Les meilleurs de la horde de comp\u00e9titeurs l\u2019ont d\u00e9val\u00e9 en 15 minutes \u00e0 peine.<\/li>\n<\/ul>\n\n\n\n<ul class=\"wp-block-list\">\n<li>Quant \u00e0 l\u2019apr\u00e8s-midi, elle \u00e9tait r\u00e9serv\u00e9e \u00e0 l\u2019\u00e9preuve du Sprint en 2 manches de 500 m\u00e8tres. Les intr\u00e9pides de toutes cat\u00e9gories se sont l\u00e2ch\u00e9s apr\u00e8s un d\u00e9marrage en trombe spectaculaire.<\/li>\n<\/ul>\n\n\n\n<figure class=\"wp-block-pullquote\"><blockquote><p>Venus des quatre d\u00e9partements bre-tons, les 65 bateaux au d\u00e9part se sont frott\u00e9s avec entrain aux plus de trois kilom\u00e8tres de descente qui leur \u00e9taient propos\u00e9s, essayant de rep\u00e9rer les trajectoires les plus rapides en \u00e9vitant les rochers qui \u00e9maillent le parcours un peu partout.<br>C\u00f4t\u00e9 sportif, le club de Pont-R\u00e9an a trust\u00e9 les premi\u00e8res places, avec notamment Maxence Guiziou comme chef de file.<\/p><cite>Le T\u00e9l\u00e9gramme<\/cite><\/blockquote><\/figure>\n\n\n\n<p>Sur la ligne de d\u00e9part, cano\u00ebs monoplaces, biplaces, kayaks, cat\u00e9gories masculines et f\u00e9minines, tout le monde \u00e9tait repr\u00e9sent\u00e9. Des U15 venus en masse aux seniors M22, en passant par les U18, U21 et U22. La rel\u00e8ve est assur\u00e9e.<\/p>\n\n\n\n<p>Bolides impatients de livrer bataille, atmosph\u00e8re bouillonnante \u00e0 l\u2019adr\u00e9naline palpable. Des embarcations longues et fines hautes en couleurs s\u2019\u00e9talant sur toute la surface de l\u2019eau. Sur les 65 bateaux en liesse sur la ligne de d\u00e9part, 21 du Cano\u00eb Kayak Club de Pont-R\u00e9an dont quatorze U15.<\/p>\n\n\n\n<figure class=\"wp-block-image size-large\"><img decoding=\"async\" width=\"1024\" height=\"637\" src=\"https:\/\/ckcpr.fr\/wp-content\/uploads\/2024\/02\/Inter-Regional-Leguer-Classement-Resultats-Groupe-1024x637.png\" alt=\"Groupe de comp\u00e9titeurs Hommes et Femmes U15, U18, U 21, U22, Seniors M22, du Cano\u00eb Kayak Club Pont-R\u00e9an, posant pour la photo et portant fi\u00e8rement toutes les m\u00e9dailles remport\u00e9es au cou, tout autour et sur le podium. Maxence Guiziou au premier plan accroupi, et Micka\u00ebl Le Soliec, Coach debout \u00e0 droite. Elodie Morin-Serot encadrante b\u00e9n\u00e9vole au milieu du groupe, sur le podium\n\" class=\"wp-image-13125\" srcset=\"https:\/\/ckcpr.fr\/wp-content\/uploads\/2024\/02\/Inter-Regional-Leguer-Classement-Resultats-Groupe-1024x637.png 1024w, https:\/\/ckcpr.fr\/wp-content\/uploads\/2024\/02\/Inter-Regional-Leguer-Classement-Resultats-Groupe-300x187.png 300w, https:\/\/ckcpr.fr\/wp-content\/uploads\/2024\/02\/Inter-Regional-Leguer-Classement-Resultats-Groupe-768x478.png 768w, https:\/\/ckcpr.fr\/wp-content\/uploads\/2024\/02\/Inter-Regional-Leguer-Classement-Resultats-Groupe-1536x956.png 1536w, https:\/\/ckcpr.fr\/wp-content\/uploads\/2024\/02\/Inter-Regional-Leguer-Classement-Resultats-Groupe-2048x1275.png 2048w, https:\/\/ckcpr.fr\/wp-content\/uploads\/2024\/02\/Inter-Regional-Leguer-Classement-Resultats-Groupe-600x374.png 600w\" sizes=\"(max-width: 1024px) 100vw, 1024px\" \/><figcaption class=\"wp-element-caption\"><strong>Sur la Photo de groupe<\/strong>: Cano\u00eb biplace dame, U18, Maeva Gautier &amp; U18 M\u00e9lice Larcher\/ Cano\u00eb monoplace homme: U15, Enzo Ruault&nbsp;U15; Onesime Mahaut\/ Kayak homme K1: U18, Antoine Gerault; U21, Gwendal Vall\u00e9e; U21, Cl\u00e9ment Mah\u00e9; U15, Ulysse Rubin-Mongy; U15, Basile Giteau; U15, Benjamin Busquet; U15, Ewan Piel Lollivier; U15, Angelo P\u00e9rino; U15, Enzo Ruault; U15, Yuneg Le Quinio-Bertin; U15, Gaspard Chotard; U15, Onesime Mahaut; U15, Cl\u00e9ment Lesage; U15, Priam Lheureux-Legris; U15, Paul Bloom. Kayak dame K1: U15, L\u00e9ontine Goujon; U18, Ma\u00ebva Gautier; M22, Elodie Morin-S\u00e9rot; Encadrement et comp\u00e9titeur SeniorM22 Maxence Guiziou &#8211; Encadrement Micka\u00ebl Le Solliec.<br><\/figcaption><\/figure>\n\n\n\n<p>Le courant devient tapis d\u00e9roulant, d\u00e9boulant dans le rapide entre rochers visibles ou immerg\u00e9s, branchages et folle \u00e9cume. Savoir lire la surface de l\u2019eau, anticiper, garder l\u2019\u00e9quilibre et pagayer. La vitesse entra\u00eene la vitesse. La ligne effil\u00e9e des embarcations semble faire corps avec son pilote. Cadence des doubles-pagaies, comme des roues sur l\u2019eau.<\/p>\n\n\n\n<div class=\"wp-block-columns is-layout-flex wp-container-core-columns-is-layout-28f84493 wp-block-columns-is-layout-flex\">\n<div class=\"wp-block-column is-layout-flow wp-block-column-is-layout-flow\" style=\"flex-basis:100%\">\n<blockquote class=\"wp-block-quote has-text-align-right is-layout-flow wp-block-quote-is-layout-flow\">\n<pre class=\"wp-block-verse\">Sur la rive, parmi les spectateurs, un champion averti, le Rochois Steven Henry, ancien descendeur, en attente d\u2019une s\u00e9lection en \u00e9quipe de France pour les JO de Paris 2024.<\/pre>\n<cite>Ouest-France<\/cite><\/blockquote>\n<\/div>\n<\/div>\n\n\n\n<p>Cette fois encore, la flotte de comp\u00e9titeurs du Cano\u00eb Kayak Club de Pont-R\u00e9an s\u2019est illustr\u00e9 brillamment.&nbsp; Le club organisateur de la course La Roche-Darrien a concouru avec brio aussi, couronnant ses meilleurs \u00e9l\u00e9ments sur la plus haute marche du podium \u00e9galement. Le club de Planco\u00ebt n\u2019est pas en reste non plus. Les 3 clubs bretons, des master-chefs en Descente, dont ils sont sp\u00e9cialistes.<\/p>\n\n\n\n<figure class=\"wp-block-image size-large is-resized\"><img decoding=\"async\" width=\"1024\" height=\"794\" src=\"https:\/\/ckcpr.fr\/wp-content\/uploads\/2024\/02\/inter-Regional-Leguer-OF-02-2024-1024x794.png\" alt=\"Coupure de journal de  l'article intitul\u00e9 &quot;Le Rochois Noah Ropers s'impose \u00e0 domicile&quot;, source Journal Ouest-France\n\" class=\"wp-image-13126\" style=\"width:1043px;height:auto\" srcset=\"https:\/\/ckcpr.fr\/wp-content\/uploads\/2024\/02\/inter-Regional-Leguer-OF-02-2024-1024x794.png 1024w, https:\/\/ckcpr.fr\/wp-content\/uploads\/2024\/02\/inter-Regional-Leguer-OF-02-2024-300x233.png 300w, https:\/\/ckcpr.fr\/wp-content\/uploads\/2024\/02\/inter-Regional-Leguer-OF-02-2024-768x595.png 768w, https:\/\/ckcpr.fr\/wp-content\/uploads\/2024\/02\/inter-Regional-Leguer-OF-02-2024-1536x1190.png 1536w, https:\/\/ckcpr.fr\/wp-content\/uploads\/2024\/02\/inter-Regional-Leguer-OF-02-2024-2048x1587.png 2048w, https:\/\/ckcpr.fr\/wp-content\/uploads\/2024\/02\/inter-Regional-Leguer-OF-02-2024-600x465.png 600w\" sizes=\"(max-width: 1024px) 100vw, 1024px\" \/><figcaption class=\"wp-element-caption\">Journal Ouest-France: CLASSEMENT&nbsp;<strong>Descente classique<\/strong>&nbsp;\/ <strong>Hommes Kayak<\/strong> \/ <strong>U15<\/strong>: 1. Priam Lheureux-Legris (Pont-R\u00e9an), 2. Angelo P\u00e9rino (Pont-R\u00e9an), 3. Enzo Ruault (Pont-R\u00e9an)\/ <strong>Senior M22<\/strong>: 1. Maxence Guiziou (Pont-R\u00e9an), 2. E. Wiche (Vall\u00e9e de l\u2019Ain), 3. A. Jaujay (Landerneau)\/ <strong>Cano\u00eb U15<\/strong>: 1. N. La Rouzes (La Roche-Derrien), 2. Enzo Ruault (Pont-R\u00e9an), 3. Onesime Mahaut (Pont-R\u00e9an)\/ <strong>U18<\/strong>: 1. I. Courage (Planco\u00ebt), 2. Y. Manach-Goasampis (La Roche-Derrien), 3. M. Floch (Lorient). \/ <strong>Dames Kayak <\/strong>\/ U15: 1. A. Le Gorre (cano\u00eb club du Li\u00e9), 2. L\u00e9ontine Goujon (Pont-R\u00e9an), 3. A. Bouchard (Cl\u00e9guer)\/ <strong>U18<\/strong>: 1. Ma\u00ebva Gautier (Pont-R\u00e9an), 2. R. Loas (La Roche-Derrien)\/ Seniors: 1. L. Lebouc (Anjou CK), 2. Elodie Morin-S\u00e9rot (Pont-R\u00e9an)\/ <strong>Cano\u00eb U18<\/strong>:  1. Y. Bidault (Planco\u00ebt), 2. A. Beauducel (Planco\u00ebt).<br><\/figcaption><\/figure>\n","protected":false},"excerpt":{"rendered":"<p>Derni\u00e8re comp\u00e9tition r\u00e9gionale de la saison en Bretagne, avant les s\u00e9lections en Nationale<\/p>\n","protected":false},"author":94,"featured_media":13124,"comment_status":"closed","ping_status":"closed","sticky":false,"template":"","format":"standard","meta":{"site-sidebar-layout":"default","site-content-layout":"","ast-site-content-layout":"default","site-content-style":"default","site-sidebar-style":"default","ast-global-header-display":"","ast-banner-title-visibility":"","ast-main-header-display":"","ast-hfb-above-header-display":"","ast-hfb-below-header-display":"","ast-hfb-mobile-header-display":"","site-post-title":"","ast-breadcrumbs-content":"","ast-featured-img":"disabled","footer-sml-layout":"","ast-disable-related-posts":"","theme-transparent-header-meta":"","adv-header-id-meta":"","stick-header-meta":"","header-above-stick-meta":"","header-main-stick-meta":"","header-below-stick-meta":"","astra-migrate-meta-layouts":"set","ast-page-background-enabled":"default","ast-page-background-meta":{"desktop":{"background-color":"","background-image":"","background-repeat":"repeat","background-position":"center center","background-size":"auto","background-attachment":"scroll","background-type":"","background-media":"","overlay-type":"","overlay-color":"","overlay-opacity":"","overlay-gradient":""},"tablet":{"background-color":"","background-image":"","background-repeat":"repeat","background-position":"center center","background-size":"auto","background-attachment":"scroll","background-type":"","background-media":"","overlay-type":"","overlay-color":"","overlay-opacity":"","overlay-gradient":""},"mobile":{"background-color":"","background-image":"","background-repeat":"repeat","background-position":"center center","background-size":"auto","background-attachment":"scroll","background-type":"","background-media":"","overlay-type":"","overlay-color":"","overlay-opacity":"","overlay-gradient":""}},"ast-content-background-meta":{"desktop":{"background-color":"var(--ast-global-color-5)","background-image":"","background-repeat":"repeat","background-position":"center center","background-size":"auto","background-attachment":"scroll","background-type":"","background-media":"","overlay-type":"","overlay-color":"","overlay-opacity":"","overlay-gradient":""},"tablet":{"background-color":"var(--ast-global-color-5)","background-image":"","background-repeat":"repeat","background-position":"center center","background-size":"auto","background-attachment":"scroll","background-type":"","background-media":"","overlay-type":"","overlay-color":"","overlay-opacity":"","overlay-gradient":""},"mobile":{"background-color":"var(--ast-global-color-5)","background-image":"","background-repeat":"repeat","background-position":"center center","background-size":"auto","background-attachment":"scroll","background-type":"","background-media":"","overlay-type":"","overlay-color":"","overlay-opacity":"","overlay-gradient":""}},"footnotes":""},"categories":[122,123,102,106,107,50],"tags":[148,130,126,144,143,132,129,146,147],"class_list":["post-13123","post","type-post","status-publish","format-standard","has-post-thumbnail","hentry","category-_competiteur-asso-connect","category-_ecole-de-sport-section-sportive-asso-connect","category-competitions","category-ecole-de-pagaie","category-ecole-de-sport","category-sport-competition","tag-bretagne","tag-canoe","tag-canoe-kayak-club-pont-rean","tag-competition","tag-descente","tag-glisser-sur-leau","tag-kayak","tag-leguer","tag-tonquedec"],"yoast_head":"<!-- This site is optimized with the Yoast SEO plugin v27.5 - https:\/\/yoast.com\/product\/yoast-seo-wordpress\/ -->\n<title>Championnat de Bretagne de descente \u00e0 Tonquedec - Cano\u00eb-Kayak Club de Pont-R\u00e9an<\/title>\n<meta name=\"description\" content=\"Le Cano\u00eb-Kayak club de Pont-R\u00e9an s&#039;illustre au S\u00e9lectif inter-r\u00e9gional de descente classique et sprint, sur le Leguer.\" \/>\n<meta name=\"robots\" content=\"index, follow, max-snippet:-1, max-image-preview:large, max-video-preview:-1\" \/>\n<link rel=\"canonical\" href=\"https:\/\/ckcpr.fr\/index.php\/2024\/02\/24\/le-canoe-kayak-club-pont-rean-simpose-en-selectif-inter-regional-de-descente-a-tonquedec\/\" \/>\n<meta property=\"og:locale\" content=\"fr_FR\" \/>\n<meta property=\"og:type\" content=\"article\" \/>\n<meta property=\"og:title\" content=\"Championnat de Bretagne de descente \u00e0 Tonquedec - Cano\u00eb-Kayak Club de Pont-R\u00e9an\" \/>\n<meta property=\"og:description\" content=\"Le Cano\u00eb-Kayak club de Pont-R\u00e9an s&#039;illustre au S\u00e9lectif inter-r\u00e9gional de descente classique et sprint, sur le Leguer.\" \/>\n<meta property=\"og:url\" content=\"https:\/\/ckcpr.fr\/index.php\/2024\/02\/24\/le-canoe-kayak-club-pont-rean-simpose-en-selectif-inter-regional-de-descente-a-tonquedec\/\" \/>\n<meta property=\"og:site_name\" content=\"Cano\u00eb-Kayak Club de Pont-R\u00e9an\" \/>\n<meta property=\"article:published_time\" content=\"2024-02-24T08:00:00+00:00\" \/>\n<meta property=\"article:modified_time\" content=\"2024-03-15T12:16:02+00:00\" \/>\n<meta property=\"og:image\" content=\"https:\/\/ckcpr.fr\/wp-content\/uploads\/2024\/02\/Maxence-Guiziou-Leguer-1024x640.png\" \/>\n\t<meta property=\"og:image:width\" content=\"1024\" \/>\n\t<meta property=\"og:image:height\" content=\"640\" \/>\n\t<meta property=\"og:image:type\" content=\"image\/png\" \/>\n<meta name=\"author\" content=\"Magali Roussel\" \/>\n<meta name=\"twitter:label1\" content=\"\u00c9crit par\" \/>\n\t<meta name=\"twitter:data1\" content=\"Magali Roussel\" \/>\n\t<meta name=\"twitter:label2\" content=\"Dur\u00e9e de lecture estim\u00e9e\" \/>\n\t<meta name=\"twitter:data2\" content=\"4 minutes\" \/>\n<script type=\"application\/ld+json\" class=\"yoast-schema-graph\">{\"@context\":\"https:\\\/\\\/schema.org\",\"@graph\":[{\"@type\":\"Article\",\"@id\":\"https:\\\/\\\/ckcpr.fr\\\/index.php\\\/2024\\\/02\\\/24\\\/le-canoe-kayak-club-pont-rean-simpose-en-selectif-inter-regional-de-descente-a-tonquedec\\\/#article\",\"isPartOf\":{\"@id\":\"https:\\\/\\\/ckcpr.fr\\\/index.php\\\/2024\\\/02\\\/24\\\/le-canoe-kayak-club-pont-rean-simpose-en-selectif-inter-regional-de-descente-a-tonquedec\\\/\"},\"author\":{\"name\":\"Magali Roussel\",\"@id\":\"https:\\\/\\\/ckcpr.fr\\\/#\\\/schema\\\/person\\\/458fff70d6b866acbb48cff4420fdd20\"},\"headline\":\"Championnat de Bretagne de descente \u00e0 Tonquedec\",\"datePublished\":\"2024-02-24T08:00:00+00:00\",\"dateModified\":\"2024-03-15T12:16:02+00:00\",\"mainEntityOfPage\":{\"@id\":\"https:\\\/\\\/ckcpr.fr\\\/index.php\\\/2024\\\/02\\\/24\\\/le-canoe-kayak-club-pont-rean-simpose-en-selectif-inter-regional-de-descente-a-tonquedec\\\/\"},\"wordCount\":726,\"publisher\":{\"@id\":\"https:\\\/\\\/ckcpr.fr\\\/#organization\"},\"image\":{\"@id\":\"https:\\\/\\\/ckcpr.fr\\\/index.php\\\/2024\\\/02\\\/24\\\/le-canoe-kayak-club-pont-rean-simpose-en-selectif-inter-regional-de-descente-a-tonquedec\\\/#primaryimage\"},\"thumbnailUrl\":\"https:\\\/\\\/ckcpr.fr\\\/wp-content\\\/uploads\\\/2024\\\/02\\\/Maxence-Guiziou-Leguer.png\",\"keywords\":[\"Bretagne\",\"cano\u00eb\",\"Cano\u00eb Kayak Club Pont R\u00e9an\",\"Competition\",\"Descente\",\"glisser sur l'eau\",\"kayak\",\"Leguer\",\"Tonquedec\"],\"articleSection\":[\"_Comp\u00e9titeur-Asso-connect\",\"_\u00c9cole de sport\\\/Section sportive-Asso-connect\",\"Comp\u00e9titions\",\"\u00c9cole de pagaie\",\"\u00c9cole de sport\",\"Sport Comp\u00e9tition\"],\"inLanguage\":\"fr-FR\"},{\"@type\":\"WebPage\",\"@id\":\"https:\\\/\\\/ckcpr.fr\\\/index.php\\\/2024\\\/02\\\/24\\\/le-canoe-kayak-club-pont-rean-simpose-en-selectif-inter-regional-de-descente-a-tonquedec\\\/\",\"url\":\"https:\\\/\\\/ckcpr.fr\\\/index.php\\\/2024\\\/02\\\/24\\\/le-canoe-kayak-club-pont-rean-simpose-en-selectif-inter-regional-de-descente-a-tonquedec\\\/\",\"name\":\"Championnat de Bretagne de descente \u00e0 Tonquedec - Cano\u00eb-Kayak Club de Pont-R\u00e9an\",\"isPartOf\":{\"@id\":\"https:\\\/\\\/ckcpr.fr\\\/#website\"},\"primaryImageOfPage\":{\"@id\":\"https:\\\/\\\/ckcpr.fr\\\/index.php\\\/2024\\\/02\\\/24\\\/le-canoe-kayak-club-pont-rean-simpose-en-selectif-inter-regional-de-descente-a-tonquedec\\\/#primaryimage\"},\"image\":{\"@id\":\"https:\\\/\\\/ckcpr.fr\\\/index.php\\\/2024\\\/02\\\/24\\\/le-canoe-kayak-club-pont-rean-simpose-en-selectif-inter-regional-de-descente-a-tonquedec\\\/#primaryimage\"},\"thumbnailUrl\":\"https:\\\/\\\/ckcpr.fr\\\/wp-content\\\/uploads\\\/2024\\\/02\\\/Maxence-Guiziou-Leguer.png\",\"datePublished\":\"2024-02-24T08:00:00+00:00\",\"dateModified\":\"2024-03-15T12:16:02+00:00\",\"description\":\"Le Cano\u00eb-Kayak club de Pont-R\u00e9an s'illustre au S\u00e9lectif inter-r\u00e9gional de descente classique et sprint, sur le Leguer.\",\"breadcrumb\":{\"@id\":\"https:\\\/\\\/ckcpr.fr\\\/index.php\\\/2024\\\/02\\\/24\\\/le-canoe-kayak-club-pont-rean-simpose-en-selectif-inter-regional-de-descente-a-tonquedec\\\/#breadcrumb\"},\"inLanguage\":\"fr-FR\",\"potentialAction\":[{\"@type\":\"ReadAction\",\"target\":[\"https:\\\/\\\/ckcpr.fr\\\/index.php\\\/2024\\\/02\\\/24\\\/le-canoe-kayak-club-pont-rean-simpose-en-selectif-inter-regional-de-descente-a-tonquedec\\\/\"]}]},{\"@type\":\"ImageObject\",\"inLanguage\":\"fr-FR\",\"@id\":\"https:\\\/\\\/ckcpr.fr\\\/index.php\\\/2024\\\/02\\\/24\\\/le-canoe-kayak-club-pont-rean-simpose-en-selectif-inter-regional-de-descente-a-tonquedec\\\/#primaryimage\",\"url\":\"https:\\\/\\\/ckcpr.fr\\\/wp-content\\\/uploads\\\/2024\\\/02\\\/Maxence-Guiziou-Leguer.png\",\"contentUrl\":\"https:\\\/\\\/ckcpr.fr\\\/wp-content\\\/uploads\\\/2024\\\/02\\\/Maxence-Guiziou-Leguer.png\",\"width\":1200,\"height\":750,\"caption\":\"Maxence Guiziou s'impose comme chef de file en descente classique et sprint\"},{\"@type\":\"BreadcrumbList\",\"@id\":\"https:\\\/\\\/ckcpr.fr\\\/index.php\\\/2024\\\/02\\\/24\\\/le-canoe-kayak-club-pont-rean-simpose-en-selectif-inter-regional-de-descente-a-tonquedec\\\/#breadcrumb\",\"itemListElement\":[{\"@type\":\"ListItem\",\"position\":1,\"name\":\"Accueil\",\"item\":\"https:\\\/\\\/ckcpr.fr\\\/\"},{\"@type\":\"ListItem\",\"position\":2,\"name\":\"Championnat de Bretagne de descente \u00e0 Tonquedec\"}]},{\"@type\":\"WebSite\",\"@id\":\"https:\\\/\\\/ckcpr.fr\\\/#website\",\"url\":\"https:\\\/\\\/ckcpr.fr\\\/\",\"name\":\"Cano\u00eb-Kayak Club de Pont-R\u00e9an\",\"description\":\"\",\"publisher\":{\"@id\":\"https:\\\/\\\/ckcpr.fr\\\/#organization\"},\"potentialAction\":[{\"@type\":\"SearchAction\",\"target\":{\"@type\":\"EntryPoint\",\"urlTemplate\":\"https:\\\/\\\/ckcpr.fr\\\/?s={search_term_string}\"},\"query-input\":{\"@type\":\"PropertyValueSpecification\",\"valueRequired\":true,\"valueName\":\"search_term_string\"}}],\"inLanguage\":\"fr-FR\"},{\"@type\":\"Organization\",\"@id\":\"https:\\\/\\\/ckcpr.fr\\\/#organization\",\"name\":\"Cano\u00eb-Kayak Club de Pont-R\u00e9an\",\"url\":\"https:\\\/\\\/ckcpr.fr\\\/\",\"logo\":{\"@type\":\"ImageObject\",\"inLanguage\":\"fr-FR\",\"@id\":\"https:\\\/\\\/ckcpr.fr\\\/#\\\/schema\\\/logo\\\/image\\\/\",\"url\":\"https:\\\/\\\/ckcpr.fr\\\/wp-content\\\/uploads\\\/2022\\\/03\\\/cropped-cropped-Logo_ckcpr_horizontal.jpg\",\"contentUrl\":\"https:\\\/\\\/ckcpr.fr\\\/wp-content\\\/uploads\\\/2022\\\/03\\\/cropped-cropped-Logo_ckcpr_horizontal.jpg\",\"width\":468,\"height\":156,\"caption\":\"Cano\u00eb-Kayak Club de Pont-R\u00e9an\"},\"image\":{\"@id\":\"https:\\\/\\\/ckcpr.fr\\\/#\\\/schema\\\/logo\\\/image\\\/\"}},{\"@type\":\"Person\",\"@id\":\"https:\\\/\\\/ckcpr.fr\\\/#\\\/schema\\\/person\\\/458fff70d6b866acbb48cff4420fdd20\",\"name\":\"Magali Roussel\",\"image\":{\"@type\":\"ImageObject\",\"inLanguage\":\"fr-FR\",\"@id\":\"https:\\\/\\\/secure.gravatar.com\\\/avatar\\\/5939ca2ce113970faed8ea65e17be999c0bea09f28268b1e00030449b8990d17?s=96&d=mm&r=g\",\"url\":\"https:\\\/\\\/secure.gravatar.com\\\/avatar\\\/5939ca2ce113970faed8ea65e17be999c0bea09f28268b1e00030449b8990d17?s=96&d=mm&r=g\",\"contentUrl\":\"https:\\\/\\\/secure.gravatar.com\\\/avatar\\\/5939ca2ce113970faed8ea65e17be999c0bea09f28268b1e00030449b8990d17?s=96&d=mm&r=g\",\"caption\":\"Magali Roussel\"},\"url\":\"https:\\\/\\\/ckcpr.fr\\\/index.php\\\/author\\\/magali-roussel\\\/\"}]}<\/script>\n<!-- \/ Yoast SEO plugin. -->","yoast_head_json":{"title":"Championnat de Bretagne de descente \u00e0 Tonquedec - Cano\u00eb-Kayak Club de Pont-R\u00e9an","description":"Le Cano\u00eb-Kayak club de Pont-R\u00e9an s'illustre au S\u00e9lectif inter-r\u00e9gional de descente classique et sprint, sur le Leguer.","robots":{"index":"index","follow":"follow","max-snippet":"max-snippet:-1","max-image-preview":"max-image-preview:large","max-video-preview":"max-video-preview:-1"},"canonical":"https:\/\/ckcpr.fr\/index.php\/2024\/02\/24\/le-canoe-kayak-club-pont-rean-simpose-en-selectif-inter-regional-de-descente-a-tonquedec\/","og_locale":"fr_FR","og_type":"article","og_title":"Championnat de Bretagne de descente \u00e0 Tonquedec - Cano\u00eb-Kayak Club de Pont-R\u00e9an","og_description":"Le Cano\u00eb-Kayak club de Pont-R\u00e9an s'illustre au S\u00e9lectif inter-r\u00e9gional de descente classique et sprint, sur le Leguer.","og_url":"https:\/\/ckcpr.fr\/index.php\/2024\/02\/24\/le-canoe-kayak-club-pont-rean-simpose-en-selectif-inter-regional-de-descente-a-tonquedec\/","og_site_name":"Cano\u00eb-Kayak Club de Pont-R\u00e9an","article_published_time":"2024-02-24T08:00:00+00:00","article_modified_time":"2024-03-15T12:16:02+00:00","og_image":[{"width":1024,"height":640,"url":"https:\/\/ckcpr.fr\/wp-content\/uploads\/2024\/02\/Maxence-Guiziou-Leguer-1024x640.png","type":"image\/png"}],"author":"Magali Roussel","twitter_misc":{"\u00c9crit par":"Magali Roussel","Dur\u00e9e de lecture estim\u00e9e":"4 minutes"},"schema":{"@context":"https:\/\/schema.org","@graph":[{"@type":"Article","@id":"https:\/\/ckcpr.fr\/index.php\/2024\/02\/24\/le-canoe-kayak-club-pont-rean-simpose-en-selectif-inter-regional-de-descente-a-tonquedec\/#article","isPartOf":{"@id":"https:\/\/ckcpr.fr\/index.php\/2024\/02\/24\/le-canoe-kayak-club-pont-rean-simpose-en-selectif-inter-regional-de-descente-a-tonquedec\/"},"author":{"name":"Magali Roussel","@id":"https:\/\/ckcpr.fr\/#\/schema\/person\/458fff70d6b866acbb48cff4420fdd20"},"headline":"Championnat de Bretagne de descente \u00e0 Tonquedec","datePublished":"2024-02-24T08:00:00+00:00","dateModified":"2024-03-15T12:16:02+00:00","mainEntityOfPage":{"@id":"https:\/\/ckcpr.fr\/index.php\/2024\/02\/24\/le-canoe-kayak-club-pont-rean-simpose-en-selectif-inter-regional-de-descente-a-tonquedec\/"},"wordCount":726,"publisher":{"@id":"https:\/\/ckcpr.fr\/#organization"},"image":{"@id":"https:\/\/ckcpr.fr\/index.php\/2024\/02\/24\/le-canoe-kayak-club-pont-rean-simpose-en-selectif-inter-regional-de-descente-a-tonquedec\/#primaryimage"},"thumbnailUrl":"https:\/\/ckcpr.fr\/wp-content\/uploads\/2024\/02\/Maxence-Guiziou-Leguer.png","keywords":["Bretagne","cano\u00eb","Cano\u00eb Kayak Club Pont R\u00e9an","Competition","Descente","glisser sur l'eau","kayak","Leguer","Tonquedec"],"articleSection":["_Comp\u00e9titeur-Asso-connect","_\u00c9cole de sport\/Section sportive-Asso-connect","Comp\u00e9titions","\u00c9cole de pagaie","\u00c9cole de sport","Sport Comp\u00e9tition"],"inLanguage":"fr-FR"},{"@type":"WebPage","@id":"https:\/\/ckcpr.fr\/index.php\/2024\/02\/24\/le-canoe-kayak-club-pont-rean-simpose-en-selectif-inter-regional-de-descente-a-tonquedec\/","url":"https:\/\/ckcpr.fr\/index.php\/2024\/02\/24\/le-canoe-kayak-club-pont-rean-simpose-en-selectif-inter-regional-de-descente-a-tonquedec\/","name":"Championnat de Bretagne de descente \u00e0 Tonquedec - Cano\u00eb-Kayak Club de Pont-R\u00e9an","isPartOf":{"@id":"https:\/\/ckcpr.fr\/#website"},"primaryImageOfPage":{"@id":"https:\/\/ckcpr.fr\/index.php\/2024\/02\/24\/le-canoe-kayak-club-pont-rean-simpose-en-selectif-inter-regional-de-descente-a-tonquedec\/#primaryimage"},"image":{"@id":"https:\/\/ckcpr.fr\/index.php\/2024\/02\/24\/le-canoe-kayak-club-pont-rean-simpose-en-selectif-inter-regional-de-descente-a-tonquedec\/#primaryimage"},"thumbnailUrl":"https:\/\/ckcpr.fr\/wp-content\/uploads\/2024\/02\/Maxence-Guiziou-Leguer.png","datePublished":"2024-02-24T08:00:00+00:00","dateModified":"2024-03-15T12:16:02+00:00","description":"Le Cano\u00eb-Kayak club de Pont-R\u00e9an s'illustre au S\u00e9lectif inter-r\u00e9gional de descente classique et sprint, sur le Leguer.","breadcrumb":{"@id":"https:\/\/ckcpr.fr\/index.php\/2024\/02\/24\/le-canoe-kayak-club-pont-rean-simpose-en-selectif-inter-regional-de-descente-a-tonquedec\/#breadcrumb"},"inLanguage":"fr-FR","potentialAction":[{"@type":"ReadAction","target":["https:\/\/ckcpr.fr\/index.php\/2024\/02\/24\/le-canoe-kayak-club-pont-rean-simpose-en-selectif-inter-regional-de-descente-a-tonquedec\/"]}]},{"@type":"ImageObject","inLanguage":"fr-FR","@id":"https:\/\/ckcpr.fr\/index.php\/2024\/02\/24\/le-canoe-kayak-club-pont-rean-simpose-en-selectif-inter-regional-de-descente-a-tonquedec\/#primaryimage","url":"https:\/\/ckcpr.fr\/wp-content\/uploads\/2024\/02\/Maxence-Guiziou-Leguer.png","contentUrl":"https:\/\/ckcpr.fr\/wp-content\/uploads\/2024\/02\/Maxence-Guiziou-Leguer.png","width":1200,"height":750,"caption":"Maxence Guiziou s'impose comme chef de file en descente classique et sprint"},{"@type":"BreadcrumbList","@id":"https:\/\/ckcpr.fr\/index.php\/2024\/02\/24\/le-canoe-kayak-club-pont-rean-simpose-en-selectif-inter-regional-de-descente-a-tonquedec\/#breadcrumb","itemListElement":[{"@type":"ListItem","position":1,"name":"Accueil","item":"https:\/\/ckcpr.fr\/"},{"@type":"ListItem","position":2,"name":"Championnat de Bretagne de descente \u00e0 Tonquedec"}]},{"@type":"WebSite","@id":"https:\/\/ckcpr.fr\/#website","url":"https:\/\/ckcpr.fr\/","name":"Cano\u00eb-Kayak Club de Pont-R\u00e9an","description":"","publisher":{"@id":"https:\/\/ckcpr.fr\/#organization"},"potentialAction":[{"@type":"SearchAction","target":{"@type":"EntryPoint","urlTemplate":"https:\/\/ckcpr.fr\/?s={search_term_string}"},"query-input":{"@type":"PropertyValueSpecification","valueRequired":true,"valueName":"search_term_string"}}],"inLanguage":"fr-FR"},{"@type":"Organization","@id":"https:\/\/ckcpr.fr\/#organization","name":"Cano\u00eb-Kayak Club de Pont-R\u00e9an","url":"https:\/\/ckcpr.fr\/","logo":{"@type":"ImageObject","inLanguage":"fr-FR","@id":"https:\/\/ckcpr.fr\/#\/schema\/logo\/image\/","url":"https:\/\/ckcpr.fr\/wp-content\/uploads\/2022\/03\/cropped-cropped-Logo_ckcpr_horizontal.jpg","contentUrl":"https:\/\/ckcpr.fr\/wp-content\/uploads\/2022\/03\/cropped-cropped-Logo_ckcpr_horizontal.jpg","width":468,"height":156,"caption":"Cano\u00eb-Kayak Club de Pont-R\u00e9an"},"image":{"@id":"https:\/\/ckcpr.fr\/#\/schema\/logo\/image\/"}},{"@type":"Person","@id":"https:\/\/ckcpr.fr\/#\/schema\/person\/458fff70d6b866acbb48cff4420fdd20","name":"Magali Roussel","image":{"@type":"ImageObject","inLanguage":"fr-FR","@id":"https:\/\/secure.gravatar.com\/avatar\/5939ca2ce113970faed8ea65e17be999c0bea09f28268b1e00030449b8990d17?s=96&d=mm&r=g","url":"https:\/\/secure.gravatar.com\/avatar\/5939ca2ce113970faed8ea65e17be999c0bea09f28268b1e00030449b8990d17?s=96&d=mm&r=g","contentUrl":"https:\/\/secure.gravatar.com\/avatar\/5939ca2ce113970faed8ea65e17be999c0bea09f28268b1e00030449b8990d17?s=96&d=mm&r=g","caption":"Magali Roussel"},"url":"https:\/\/ckcpr.fr\/index.php\/author\/magali-roussel\/"}]}},"_links":{"self":[{"href":"https:\/\/ckcpr.fr\/index.php\/wp-json\/wp\/v2\/posts\/13123","targetHints":{"allow":["GET"]}}],"collection":[{"href":"https:\/\/ckcpr.fr\/index.php\/wp-json\/wp\/v2\/posts"}],"about":[{"href":"https:\/\/ckcpr.fr\/index.php\/wp-json\/wp\/v2\/types\/post"}],"author":[{"embeddable":true,"href":"https:\/\/ckcpr.fr\/index.php\/wp-json\/wp\/v2\/users\/94"}],"replies":[{"embeddable":true,"href":"https:\/\/ckcpr.fr\/index.php\/wp-json\/wp\/v2\/comments?post=13123"}],"version-history":[{"count":3,"href":"https:\/\/ckcpr.fr\/index.php\/wp-json\/wp\/v2\/posts\/13123\/revisions"}],"predecessor-version":[{"id":13481,"href":"https:\/\/ckcpr.fr\/index.php\/wp-json\/wp\/v2\/posts\/13123\/revisions\/13481"}],"wp:featuredmedia":[{"embeddable":true,"href":"https:\/\/ckcpr.fr\/index.php\/wp-json\/wp\/v2\/media\/13124"}],"wp:attachment":[{"href":"https:\/\/ckcpr.fr\/index.php\/wp-json\/wp\/v2\/media?parent=13123"}],"wp:term":[{"taxonomy":"category","embeddable":true,"href":"https:\/\/ckcpr.fr\/index.php\/wp-json\/wp\/v2\/categories?post=13123"},{"taxonomy":"post_tag","embeddable":true,"href":"https:\/\/ckcpr.fr\/index.php\/wp-json\/wp\/v2\/tags?post=13123"}],"curies":[{"name":"wp","href":"https:\/\/api.w.org\/{rel}","templated":true}]}}