{"id":13428,"date":"2024-03-15T18:30:00","date_gmt":"2024-03-15T17:30:00","guid":{"rendered":"https:\/\/ckcpr.fr\/?p=13428"},"modified":"2024-03-15T14:22:45","modified_gmt":"2024-03-15T13:22:45","slug":"retour-sur-le-stage-de-descente-des-7-8-mars","status":"publish","type":"post","link":"https:\/\/ckcpr.fr\/index.php\/2024\/03\/15\/retour-sur-le-stage-de-descente-des-7-8-mars\/","title":{"rendered":"Retour Sur Le Stage inter-clubs bretons sp\u00e9cialistes de la Descente"},"content":{"rendered":"\n<figure class=\"wp-block-image size-large\"><img fetchpriority=\"high\" decoding=\"async\" width=\"1024\" height=\"576\" src=\"https:\/\/ckcpr.fr\/wp-content\/uploads\/2024\/03\/d01f6abd-f8a7-4107-8d54-a616808dab04-1024x576.jpg\" alt=\"\" class=\"wp-image-13429\" srcset=\"https:\/\/ckcpr.fr\/wp-content\/uploads\/2024\/03\/d01f6abd-f8a7-4107-8d54-a616808dab04-1024x576.jpg 1024w, https:\/\/ckcpr.fr\/wp-content\/uploads\/2024\/03\/d01f6abd-f8a7-4107-8d54-a616808dab04-300x169.jpg 300w, https:\/\/ckcpr.fr\/wp-content\/uploads\/2024\/03\/d01f6abd-f8a7-4107-8d54-a616808dab04-768x432.jpg 768w, https:\/\/ckcpr.fr\/wp-content\/uploads\/2024\/03\/d01f6abd-f8a7-4107-8d54-a616808dab04-1536x864.jpg 1536w, https:\/\/ckcpr.fr\/wp-content\/uploads\/2024\/03\/d01f6abd-f8a7-4107-8d54-a616808dab04-600x338.jpg 600w, https:\/\/ckcpr.fr\/wp-content\/uploads\/2024\/03\/d01f6abd-f8a7-4107-8d54-a616808dab04.jpg 1600w\" sizes=\"(max-width: 1024px) 100vw, 1024px\" \/><figcaption class=\"wp-element-caption\">Groupe au complet rassemblant les 3 clubs de CKC La Roche Derrien, CKC Planco\u00ebt et CKC Pont-R\u00e9an. H\u00e9l\u00e8ne Raguenes prend la photo. 20 stagiaires-comp\u00e9titeurs, 3 cadres dipl\u00f4m\u00e9s d&rsquo;\u00c9tat, 2 athl\u00e8tes de haut-niveau b\u00e9n\u00e9voles.<\/figcaption><\/figure>\n\n\n\n<p>La semaine derni\u00e8re, s\u2019est d\u00e9roul\u00e9 le stage r\u00e9gional de Descente. Les 7 et 8 mars sur place, \u00e0 Plouay dans le Morbihan. Entre la rivi\u00e8re du Scorff et le spot des \u00ab\u00a0Roches du Diable\u00a0\u00bb sur l&rsquo;Ell\u00e9.<\/p>\n\n\n\n<p>Les clubs de Cano\u00eb Kayak de La Roche Derrien, Planco\u00ebt et Pont-R\u00e9an s&rsquo;\u00e9taient donn\u00e9 rendez-vous pour s\u2019entrainer ensemble&nbsp; et mettre \u00e0 profit de chacun leurs savoir-faire . Quoi de mieux que permettre \u00e0 tous d&rsquo;\u00e9lever le niveau pour ensuite tirer son \u00e9pingle du jeu individuellement, pour se talonner de pr\u00e8s lors des \u00e9preuves r\u00e9elles de comp\u00e9tition. La f\u00eate est plus folle et l&rsquo;adr\u00e9naline grimpe en fl\u00e8che. <\/p>\n\n\n\n<p>Rappelez-vous, la derni\u00e8re comp\u00e9tition r\u00e9gionale de f\u00e9vrier de Tonquedec, organis\u00e9e par le CKC de la Roche Dourrien. Les m\u00e9dailles se partageaient entre les trois m\u00eame fleurons bretons, tous sp\u00e9cialistes de la Descente.<\/p>\n\n\n\n<p>Comment dit Micka\u00ebl Le Solliec, coach salari\u00e9 du Cano\u00eb Kayak Club Pont R\u00e9an \u00ab\u00a0<strong>Dans la vie du club, on a toujours maintenu cette dynamique de relation entre les athl\u00e8tes de haut-niveau et ceux qui d\u00e9butent. C\u2019est ce qui apporte l\u2019\u00e9mulation qui va d\u00e9clencher la motivation chez les jeunes pour aller plus loin.<\/strong>\u00a0\u00bb<\/p>\n\n\n\n<figure class=\"wp-block-pullquote has-border-color has-white-border-color has-black-color has-cyan-bluish-gray-background-color has-text-color has-background has-link-color has-small-font-size wp-elements-ea5383396a5dca0bac0e41065570e667\" style=\"border-style:solid;border-width:7px;border-radius:100px;font-style:normal;font-weight:600\"><blockquote><p>La diversit\u00e9 des niveaux de stagiaires, allant des U15 aux U18, a permis une belle synergie entre les cadres sportifs professionnels et les athl\u00e8tes b\u00e9n\u00e9voles. <\/p><\/blockquote><\/figure>\n\n\n\n<div class=\"wp-block-media-text is-stacked-on-mobile\"><figure class=\"wp-block-media-text__media\"><img decoding=\"async\" src=\"https:\/\/ckcpr.fr\/wp-content\/uploads\/2024\/03\/Descente-Scorff-2-1024x566.png\" alt=\"\" class=\"wp-image-13475 size-full\"\/><\/figure><div class=\"wp-block-media-text__content\">\n<ul class=\"wp-block-list\">\n<li>Les U15 encore un peu verts en mati\u00e8re de comp\u00e9tition \u00e9taient encadr\u00e9s par St\u00e9phane et Claude, les \u00e9ducateurs sportifs dipl\u00f4m\u00e9s des CKC La Roche Derrien et CKC Planco\u00ebt. Ils qui avaient comme objectif de leur faire prendre confiance en eux pour les pr\u00e9parer au grand frisson de l&rsquo;\u00e9preuve ultime. <\/li>\n\n\n\n<li>Tandis que les U18 \u00e9voluaient entre les bonnes pagaies de Mick et H\u00e9l\u00e8ne, r\u00e9solus \u00e0 leur transmettre tous leurs trucs et astuces pour lire les mouvements d&rsquo;eau et anticiper leur trajectoire au plus pr\u00e8s de la veine de descente. L&rsquo;objectif ultime \u00e9tant le positionnement du bateau pour atteindre le meilleur score. <\/li>\n<\/ul>\n<\/div><\/div>\n\n\n\n<p>Ce moment hors du temps entre fadas de la glisse et bonnes \u00e9claboussures n&rsquo;a pas \u00e9t\u00e9 sans reste. <\/p>\n\n\n\n<p>Une bonne vingtaine d\u2019As de la Descente, encadr\u00e9 par de la cr\u00e8me de championne m\u00e9daill\u00e9e d&rsquo;or et de bronze en mono et biplace, <a href=\"https:\/\/fr.wikipedia.org\/wiki\/H\u00e9l\u00e8ne_Ragu\u00e9n\u00e8s\">H\u00e9l\u00e8ne Raguenes<\/a> et d&rsquo;athl\u00e8te de haut-niveau comme Gwendal Vall\u00e9e . Des U15 tr\u00e9pignant d\u2019envie d\u2019en apprendre plus aux U18, plus exp\u00e9riment\u00e9s et surtout ayant d\u00e9j\u00e0 confront\u00e9 leurs id\u00e9aux aux r\u00e9alit\u00e9s de la comp\u00e9tition.<\/p>\n\n\n\n<div class=\"wp-block-group alignwide is-layout-constrained wp-block-group-is-layout-constrained\"><div class=\"wp-block-group__inner-container\">\n<div class=\"wp-block-columns is-layout-flex wp-container-core-columns-is-layout-28f84493 wp-block-columns-is-layout-flex\">\n<div class=\"wp-block-column is-layout-flow wp-block-column-is-layout-flow\">\n<ul class=\"wp-block-list\">\n<li class=\"has-small-font-size\">Tel un centaure aquatique, le kayakiste devient un avec son embarcation. Le bateau file o\u00f9 son regard le porte. L&rsquo;assise \u00e9quilibre le bateau face aux assauts des vagues. <\/li>\n<\/ul>\n<\/div>\n\n\n\n<div class=\"wp-block-column is-layout-flow wp-block-column-is-layout-flow\">\n<ul class=\"wp-block-list\">\n<li class=\"has-small-font-size\">Les jeux de jambes rectifient la trajectoire. Et les dorsaux propulsent le turbo. L&rsquo;apport de conseils avis\u00e9s de champions m\u00e9daill\u00e9s galvanise ind\u00e9niablement sur le long terme<\/li>\n<\/ul>\n<\/div>\n<\/div>\n<\/div><\/div>\n\n\n\n<p>R\u00e9action \u00e0 chaud d\u2019H\u00e9l\u00e8ne Raguenes replong\u00e9e dans ces 3 jours sur l\u2019eau : \u00ab&nbsp;<strong>C\u2019est super parce que les U18 dont je m\u2019occupais avec Mick,&nbsp; \u00e9taient vraiment hyper impliqu\u00e9s dans le travail. Vraiment envie de r\u00e9ussir et bien naviguer.&nbsp;<\/strong>\u00bb&nbsp; Avant d\u2019ench\u00e9rir \u00ab&nbsp;<strong>Les Pont-r\u00e9annais se sont notamment d\u00e9marqu\u00e9s dans le sens o\u00f9 ils avaient d\u00e9j\u00e0 pu affronter des niveaux de rivi\u00e8re similaire. Donc d\u00e9j\u00e0 une certaine aisance et une petite avance par rapport aux autres<\/strong>.&nbsp;\u00bb<\/p>\n\n\n\n<figure class=\"wp-block-image size-large\"><img decoding=\"async\" width=\"1024\" height=\"768\" src=\"https:\/\/ckcpr.fr\/wp-content\/uploads\/2024\/03\/04297e68-72af-4806-9496-96bc087c60ff-1024x768.jpg\" alt=\"\" class=\"wp-image-13478\" srcset=\"https:\/\/ckcpr.fr\/wp-content\/uploads\/2024\/03\/04297e68-72af-4806-9496-96bc087c60ff-1024x768.jpg 1024w, https:\/\/ckcpr.fr\/wp-content\/uploads\/2024\/03\/04297e68-72af-4806-9496-96bc087c60ff-300x225.jpg 300w, https:\/\/ckcpr.fr\/wp-content\/uploads\/2024\/03\/04297e68-72af-4806-9496-96bc087c60ff-768x576.jpg 768w, https:\/\/ckcpr.fr\/wp-content\/uploads\/2024\/03\/04297e68-72af-4806-9496-96bc087c60ff-1536x1152.jpg 1536w, https:\/\/ckcpr.fr\/wp-content\/uploads\/2024\/03\/04297e68-72af-4806-9496-96bc087c60ff-600x450.jpg 600w, https:\/\/ckcpr.fr\/wp-content\/uploads\/2024\/03\/04297e68-72af-4806-9496-96bc087c60ff.jpg 1600w\" sizes=\"(max-width: 1024px) 100vw, 1024px\" \/><figcaption class=\"wp-element-caption\">Groupe de U18 encadr\u00e9 par Mick et H\u00e9l\u00e8ne<\/figcaption><\/figure>\n\n\n\n<div class=\"wp-block-media-text is-stacked-on-mobile\"><figure class=\"wp-block-media-text__media\"><img decoding=\"async\" src=\"https:\/\/ckcpr.fr\/wp-content\/uploads\/2024\/03\/Blog-4-1024x576.png\" alt=\"\" class=\"wp-image-13477 size-full\"\/><\/figure><div class=\"wp-block-media-text__content\">\n<p class=\"has-white-background-color has-background has-small-font-size\">Si sur l\u2019eau, les jeunes kayakistes et c\u00e9istes d\u00e9fient l\u2019\u00e9cume folle et les pi\u00e8ges de branchages et autres cailloux gargantuesques, \u00e0 terre il faut parfois partager la progression routi\u00e8re avec un cheptel de vaches d\u00e9termin\u00e9es elles aussi \u00e0 galoper.&nbsp;<\/p>\n\n\n\n<p class=\"has-white-background-color has-background has-small-font-size\">Dans les coulisses, un moment fort de d\u00e9tente et de convivialit\u00e9 en cl\u00f4ture de stage, avec le concours traditionnel de gobage de Flamby. Sport dans lequel certains s\u2019illustrent brillamment aussi. <strong>Bravo \u00e0 Angelo <\/strong>qui n\u2019h\u00e9site pas \u00e0 remettre son titre en jeu chaque fois que cela est possible \ud83d\ude42 <\/p>\n<\/div><\/div>\n","protected":false},"excerpt":{"rendered":"<p>Les 7 et 8 mars 2024, les clubs bretons de Cano\u00eb Kayak de La Roche Derrien, Planco\u00ebt et Pont-R\u00e9an s&rsquo;\u00e9taient donn\u00e9 rendez-vous pour s\u2019entrainer ensemble\u00a0sur le Scorff et sur l&rsquo;Ell\u00e9 aux Roches du diable.<\/p>\n","protected":false},"author":94,"featured_media":13429,"comment_status":"closed","ping_status":"closed","sticky":false,"template":"","format":"standard","meta":{"site-sidebar-layout":"default","site-content-layout":"","ast-site-content-layout":"default","site-content-style":"default","site-sidebar-style":"default","ast-global-header-display":"","ast-banner-title-visibility":"","ast-main-header-display":"","ast-hfb-above-header-display":"","ast-hfb-below-header-display":"","ast-hfb-mobile-header-display":"","site-post-title":"","ast-breadcrumbs-content":"","ast-featured-img":"disabled","footer-sml-layout":"","ast-disable-related-posts":"","theme-transparent-header-meta":"","adv-header-id-meta":"","stick-header-meta":"","header-above-stick-meta":"","header-main-stick-meta":"","header-below-stick-meta":"","astra-migrate-meta-layouts":"set","ast-page-background-enabled":"default","ast-page-background-meta":{"desktop":{"background-color":"","background-image":"","background-repeat":"repeat","background-position":"center center","background-size":"auto","background-attachment":"scroll","background-type":"","background-media":"","overlay-type":"","overlay-color":"","overlay-opacity":"","overlay-gradient":""},"tablet":{"background-color":"","background-image":"","background-repeat":"repeat","background-position":"center center","background-size":"auto","background-attachment":"scroll","background-type":"","background-media":"","overlay-type":"","overlay-color":"","overlay-opacity":"","overlay-gradient":""},"mobile":{"background-color":"","background-image":"","background-repeat":"repeat","background-position":"center center","background-size":"auto","background-attachment":"scroll","background-type":"","background-media":"","overlay-type":"","overlay-color":"","overlay-opacity":"","overlay-gradient":""}},"ast-content-background-meta":{"desktop":{"background-color":"var(--ast-global-color-5)","background-image":"","background-repeat":"repeat","background-position":"center center","background-size":"auto","background-attachment":"scroll","background-type":"","background-media":"","overlay-type":"","overlay-color":"","overlay-opacity":"","overlay-gradient":""},"tablet":{"background-color":"var(--ast-global-color-5)","background-image":"","background-repeat":"repeat","background-position":"center center","background-size":"auto","background-attachment":"scroll","background-type":"","background-media":"","overlay-type":"","overlay-color":"","overlay-opacity":"","overlay-gradient":""},"mobile":{"background-color":"var(--ast-global-color-5)","background-image":"","background-repeat":"repeat","background-position":"center center","background-size":"auto","background-attachment":"scroll","background-type":"","background-media":"","overlay-type":"","overlay-color":"","overlay-opacity":"","overlay-gradient":""}},"footnotes":""},"categories":[122,123,102,107,50],"tags":[126,154,163,164,143,161,132,129,162,159],"class_list":["post-13428","post","type-post","status-publish","format-standard","has-post-thumbnail","hentry","category-_competiteur-asso-connect","category-_ecole-de-sport-section-sportive-asso-connect","category-competitions","category-ecole-de-sport","category-sport-competition","tag-canoe-kayak-club-pont-rean","tag-challenge","tag-classe-iii","tag-classe-iv","tag-descente","tag-elle","tag-glisser-sur-leau","tag-kayak","tag-riviere","tag-scorff"],"yoast_head":"<!-- This site is optimized with the Yoast SEO plugin v27.5 - https:\/\/yoast.com\/product\/yoast-seo-wordpress\/ -->\n<title>Retour Sur Le Stage inter-clubs bretons sp\u00e9cialistes de la Descente - Cano\u00eb-Kayak Club de Pont-R\u00e9an<\/title>\n<meta name=\"description\" content=\"Les 7 et 8 mars s\u2019est d\u00e9roul\u00e9 le stage r\u00e9gional de Descente \u00e0 Pouay (56) sur le Scorff et le spot des Roches du Diable sur l&#039;Ell\u00e9.\" \/>\n<meta name=\"robots\" content=\"index, follow, max-snippet:-1, max-image-preview:large, max-video-preview:-1\" \/>\n<link rel=\"canonical\" href=\"https:\/\/ckcpr.fr\/index.php\/2024\/03\/15\/retour-sur-le-stage-de-descente-des-7-8-mars\/\" \/>\n<meta property=\"og:locale\" content=\"fr_FR\" \/>\n<meta property=\"og:type\" content=\"article\" \/>\n<meta property=\"og:title\" content=\"Retour Sur Le Stage inter-clubs bretons sp\u00e9cialistes de la Descente - Cano\u00eb-Kayak Club de Pont-R\u00e9an\" \/>\n<meta property=\"og:description\" content=\"Les 7 et 8 mars s\u2019est d\u00e9roul\u00e9 le stage r\u00e9gional de Descente \u00e0 Pouay (56) sur le Scorff et le spot des Roches du Diable sur l&#039;Ell\u00e9.\" \/>\n<meta property=\"og:url\" content=\"https:\/\/ckcpr.fr\/index.php\/2024\/03\/15\/retour-sur-le-stage-de-descente-des-7-8-mars\/\" \/>\n<meta property=\"og:site_name\" content=\"Cano\u00eb-Kayak Club de Pont-R\u00e9an\" \/>\n<meta property=\"article:published_time\" content=\"2024-03-15T17:30:00+00:00\" \/>\n<meta property=\"og:image\" content=\"https:\/\/ckcpr.fr\/wp-content\/uploads\/2024\/03\/d01f6abd-f8a7-4107-8d54-a616808dab04.jpg\" \/>\n\t<meta property=\"og:image:width\" content=\"1600\" \/>\n\t<meta property=\"og:image:height\" content=\"900\" \/>\n\t<meta property=\"og:image:type\" content=\"image\/jpeg\" \/>\n<meta name=\"author\" content=\"Magali Roussel\" \/>\n<meta name=\"twitter:label1\" content=\"\u00c9crit par\" \/>\n\t<meta name=\"twitter:data1\" content=\"Magali Roussel\" \/>\n\t<meta name=\"twitter:label2\" content=\"Dur\u00e9e de lecture estim\u00e9e\" \/>\n\t<meta name=\"twitter:data2\" content=\"5 minutes\" \/>\n<script type=\"application\/ld+json\" class=\"yoast-schema-graph\">{\"@context\":\"https:\\\/\\\/schema.org\",\"@graph\":[{\"@type\":\"Article\",\"@id\":\"https:\\\/\\\/ckcpr.fr\\\/index.php\\\/2024\\\/03\\\/15\\\/retour-sur-le-stage-de-descente-des-7-8-mars\\\/#article\",\"isPartOf\":{\"@id\":\"https:\\\/\\\/ckcpr.fr\\\/index.php\\\/2024\\\/03\\\/15\\\/retour-sur-le-stage-de-descente-des-7-8-mars\\\/\"},\"author\":{\"name\":\"Magali Roussel\",\"@id\":\"https:\\\/\\\/ckcpr.fr\\\/#\\\/schema\\\/person\\\/458fff70d6b866acbb48cff4420fdd20\"},\"headline\":\"Retour Sur Le Stage inter-clubs bretons sp\u00e9cialistes de la Descente\",\"datePublished\":\"2024-03-15T17:30:00+00:00\",\"mainEntityOfPage\":{\"@id\":\"https:\\\/\\\/ckcpr.fr\\\/index.php\\\/2024\\\/03\\\/15\\\/retour-sur-le-stage-de-descente-des-7-8-mars\\\/\"},\"wordCount\":763,\"publisher\":{\"@id\":\"https:\\\/\\\/ckcpr.fr\\\/#organization\"},\"image\":{\"@id\":\"https:\\\/\\\/ckcpr.fr\\\/index.php\\\/2024\\\/03\\\/15\\\/retour-sur-le-stage-de-descente-des-7-8-mars\\\/#primaryimage\"},\"thumbnailUrl\":\"https:\\\/\\\/ckcpr.fr\\\/wp-content\\\/uploads\\\/2024\\\/03\\\/d01f6abd-f8a7-4107-8d54-a616808dab04.jpg\",\"keywords\":[\"Cano\u00eb Kayak Club Pont R\u00e9an\",\"Challenge\",\"Classe III\",\"Classe IV\",\"Descente\",\"Ell\u00e9\",\"glisser sur l'eau\",\"kayak\",\"rivi\u00e8re\",\"Scorff\"],\"articleSection\":[\"_Comp\u00e9titeur-Asso-connect\",\"_\u00c9cole de sport\\\/Section sportive-Asso-connect\",\"Comp\u00e9titions\",\"\u00c9cole de sport\",\"Sport Comp\u00e9tition\"],\"inLanguage\":\"fr-FR\"},{\"@type\":\"WebPage\",\"@id\":\"https:\\\/\\\/ckcpr.fr\\\/index.php\\\/2024\\\/03\\\/15\\\/retour-sur-le-stage-de-descente-des-7-8-mars\\\/\",\"url\":\"https:\\\/\\\/ckcpr.fr\\\/index.php\\\/2024\\\/03\\\/15\\\/retour-sur-le-stage-de-descente-des-7-8-mars\\\/\",\"name\":\"Retour Sur Le Stage inter-clubs bretons sp\u00e9cialistes de la Descente - Cano\u00eb-Kayak Club de Pont-R\u00e9an\",\"isPartOf\":{\"@id\":\"https:\\\/\\\/ckcpr.fr\\\/#website\"},\"primaryImageOfPage\":{\"@id\":\"https:\\\/\\\/ckcpr.fr\\\/index.php\\\/2024\\\/03\\\/15\\\/retour-sur-le-stage-de-descente-des-7-8-mars\\\/#primaryimage\"},\"image\":{\"@id\":\"https:\\\/\\\/ckcpr.fr\\\/index.php\\\/2024\\\/03\\\/15\\\/retour-sur-le-stage-de-descente-des-7-8-mars\\\/#primaryimage\"},\"thumbnailUrl\":\"https:\\\/\\\/ckcpr.fr\\\/wp-content\\\/uploads\\\/2024\\\/03\\\/d01f6abd-f8a7-4107-8d54-a616808dab04.jpg\",\"datePublished\":\"2024-03-15T17:30:00+00:00\",\"description\":\"Les 7 et 8 mars s\u2019est d\u00e9roul\u00e9 le stage r\u00e9gional de Descente \u00e0 Pouay (56) sur le Scorff et le spot des Roches du Diable sur l'Ell\u00e9.\",\"breadcrumb\":{\"@id\":\"https:\\\/\\\/ckcpr.fr\\\/index.php\\\/2024\\\/03\\\/15\\\/retour-sur-le-stage-de-descente-des-7-8-mars\\\/#breadcrumb\"},\"inLanguage\":\"fr-FR\",\"potentialAction\":[{\"@type\":\"ReadAction\",\"target\":[\"https:\\\/\\\/ckcpr.fr\\\/index.php\\\/2024\\\/03\\\/15\\\/retour-sur-le-stage-de-descente-des-7-8-mars\\\/\"]}]},{\"@type\":\"ImageObject\",\"inLanguage\":\"fr-FR\",\"@id\":\"https:\\\/\\\/ckcpr.fr\\\/index.php\\\/2024\\\/03\\\/15\\\/retour-sur-le-stage-de-descente-des-7-8-mars\\\/#primaryimage\",\"url\":\"https:\\\/\\\/ckcpr.fr\\\/wp-content\\\/uploads\\\/2024\\\/03\\\/d01f6abd-f8a7-4107-8d54-a616808dab04.jpg\",\"contentUrl\":\"https:\\\/\\\/ckcpr.fr\\\/wp-content\\\/uploads\\\/2024\\\/03\\\/d01f6abd-f8a7-4107-8d54-a616808dab04.jpg\",\"width\":1600,\"height\":900,\"caption\":\"photo de groupe repr\u00e9sentant les vingts stagiaires de Descente des Club de La Roche Derrien, Planco\u00ebt et Pont-R\u00e9an et leurs encadrants sportifs dipl\u00f4m\u00e9s d'\u00e9tat.\"},{\"@type\":\"BreadcrumbList\",\"@id\":\"https:\\\/\\\/ckcpr.fr\\\/index.php\\\/2024\\\/03\\\/15\\\/retour-sur-le-stage-de-descente-des-7-8-mars\\\/#breadcrumb\",\"itemListElement\":[{\"@type\":\"ListItem\",\"position\":1,\"name\":\"Accueil\",\"item\":\"https:\\\/\\\/ckcpr.fr\\\/\"},{\"@type\":\"ListItem\",\"position\":2,\"name\":\"Retour Sur Le Stage inter-clubs bretons sp\u00e9cialistes de la Descente\"}]},{\"@type\":\"WebSite\",\"@id\":\"https:\\\/\\\/ckcpr.fr\\\/#website\",\"url\":\"https:\\\/\\\/ckcpr.fr\\\/\",\"name\":\"Cano\u00eb-Kayak Club de Pont-R\u00e9an\",\"description\":\"\",\"publisher\":{\"@id\":\"https:\\\/\\\/ckcpr.fr\\\/#organization\"},\"potentialAction\":[{\"@type\":\"SearchAction\",\"target\":{\"@type\":\"EntryPoint\",\"urlTemplate\":\"https:\\\/\\\/ckcpr.fr\\\/?s={search_term_string}\"},\"query-input\":{\"@type\":\"PropertyValueSpecification\",\"valueRequired\":true,\"valueName\":\"search_term_string\"}}],\"inLanguage\":\"fr-FR\"},{\"@type\":\"Organization\",\"@id\":\"https:\\\/\\\/ckcpr.fr\\\/#organization\",\"name\":\"Cano\u00eb-Kayak Club de Pont-R\u00e9an\",\"url\":\"https:\\\/\\\/ckcpr.fr\\\/\",\"logo\":{\"@type\":\"ImageObject\",\"inLanguage\":\"fr-FR\",\"@id\":\"https:\\\/\\\/ckcpr.fr\\\/#\\\/schema\\\/logo\\\/image\\\/\",\"url\":\"https:\\\/\\\/ckcpr.fr\\\/wp-content\\\/uploads\\\/2022\\\/03\\\/cropped-cropped-Logo_ckcpr_horizontal.jpg\",\"contentUrl\":\"https:\\\/\\\/ckcpr.fr\\\/wp-content\\\/uploads\\\/2022\\\/03\\\/cropped-cropped-Logo_ckcpr_horizontal.jpg\",\"width\":468,\"height\":156,\"caption\":\"Cano\u00eb-Kayak Club de Pont-R\u00e9an\"},\"image\":{\"@id\":\"https:\\\/\\\/ckcpr.fr\\\/#\\\/schema\\\/logo\\\/image\\\/\"}},{\"@type\":\"Person\",\"@id\":\"https:\\\/\\\/ckcpr.fr\\\/#\\\/schema\\\/person\\\/458fff70d6b866acbb48cff4420fdd20\",\"name\":\"Magali Roussel\",\"image\":{\"@type\":\"ImageObject\",\"inLanguage\":\"fr-FR\",\"@id\":\"https:\\\/\\\/secure.gravatar.com\\\/avatar\\\/5939ca2ce113970faed8ea65e17be999c0bea09f28268b1e00030449b8990d17?s=96&d=mm&r=g\",\"url\":\"https:\\\/\\\/secure.gravatar.com\\\/avatar\\\/5939ca2ce113970faed8ea65e17be999c0bea09f28268b1e00030449b8990d17?s=96&d=mm&r=g\",\"contentUrl\":\"https:\\\/\\\/secure.gravatar.com\\\/avatar\\\/5939ca2ce113970faed8ea65e17be999c0bea09f28268b1e00030449b8990d17?s=96&d=mm&r=g\",\"caption\":\"Magali Roussel\"},\"url\":\"https:\\\/\\\/ckcpr.fr\\\/index.php\\\/author\\\/magali-roussel\\\/\"}]}<\/script>\n<!-- \/ Yoast SEO plugin. -->","yoast_head_json":{"title":"Retour Sur Le Stage inter-clubs bretons sp\u00e9cialistes de la Descente - Cano\u00eb-Kayak Club de Pont-R\u00e9an","description":"Les 7 et 8 mars s\u2019est d\u00e9roul\u00e9 le stage r\u00e9gional de Descente \u00e0 Pouay (56) sur le Scorff et le spot des Roches du Diable sur l'Ell\u00e9.","robots":{"index":"index","follow":"follow","max-snippet":"max-snippet:-1","max-image-preview":"max-image-preview:large","max-video-preview":"max-video-preview:-1"},"canonical":"https:\/\/ckcpr.fr\/index.php\/2024\/03\/15\/retour-sur-le-stage-de-descente-des-7-8-mars\/","og_locale":"fr_FR","og_type":"article","og_title":"Retour Sur Le Stage inter-clubs bretons sp\u00e9cialistes de la Descente - Cano\u00eb-Kayak Club de Pont-R\u00e9an","og_description":"Les 7 et 8 mars s\u2019est d\u00e9roul\u00e9 le stage r\u00e9gional de Descente \u00e0 Pouay (56) sur le Scorff et le spot des Roches du Diable sur l'Ell\u00e9.","og_url":"https:\/\/ckcpr.fr\/index.php\/2024\/03\/15\/retour-sur-le-stage-de-descente-des-7-8-mars\/","og_site_name":"Cano\u00eb-Kayak Club de Pont-R\u00e9an","article_published_time":"2024-03-15T17:30:00+00:00","og_image":[{"width":1600,"height":900,"url":"https:\/\/ckcpr.fr\/wp-content\/uploads\/2024\/03\/d01f6abd-f8a7-4107-8d54-a616808dab04.jpg","type":"image\/jpeg"}],"author":"Magali Roussel","twitter_misc":{"\u00c9crit par":"Magali Roussel","Dur\u00e9e de lecture estim\u00e9e":"5 minutes"},"schema":{"@context":"https:\/\/schema.org","@graph":[{"@type":"Article","@id":"https:\/\/ckcpr.fr\/index.php\/2024\/03\/15\/retour-sur-le-stage-de-descente-des-7-8-mars\/#article","isPartOf":{"@id":"https:\/\/ckcpr.fr\/index.php\/2024\/03\/15\/retour-sur-le-stage-de-descente-des-7-8-mars\/"},"author":{"name":"Magali Roussel","@id":"https:\/\/ckcpr.fr\/#\/schema\/person\/458fff70d6b866acbb48cff4420fdd20"},"headline":"Retour Sur Le Stage inter-clubs bretons sp\u00e9cialistes de la Descente","datePublished":"2024-03-15T17:30:00+00:00","mainEntityOfPage":{"@id":"https:\/\/ckcpr.fr\/index.php\/2024\/03\/15\/retour-sur-le-stage-de-descente-des-7-8-mars\/"},"wordCount":763,"publisher":{"@id":"https:\/\/ckcpr.fr\/#organization"},"image":{"@id":"https:\/\/ckcpr.fr\/index.php\/2024\/03\/15\/retour-sur-le-stage-de-descente-des-7-8-mars\/#primaryimage"},"thumbnailUrl":"https:\/\/ckcpr.fr\/wp-content\/uploads\/2024\/03\/d01f6abd-f8a7-4107-8d54-a616808dab04.jpg","keywords":["Cano\u00eb Kayak Club Pont R\u00e9an","Challenge","Classe III","Classe IV","Descente","Ell\u00e9","glisser sur l'eau","kayak","rivi\u00e8re","Scorff"],"articleSection":["_Comp\u00e9titeur-Asso-connect","_\u00c9cole de sport\/Section sportive-Asso-connect","Comp\u00e9titions","\u00c9cole de sport","Sport Comp\u00e9tition"],"inLanguage":"fr-FR"},{"@type":"WebPage","@id":"https:\/\/ckcpr.fr\/index.php\/2024\/03\/15\/retour-sur-le-stage-de-descente-des-7-8-mars\/","url":"https:\/\/ckcpr.fr\/index.php\/2024\/03\/15\/retour-sur-le-stage-de-descente-des-7-8-mars\/","name":"Retour Sur Le Stage inter-clubs bretons sp\u00e9cialistes de la Descente - Cano\u00eb-Kayak Club de Pont-R\u00e9an","isPartOf":{"@id":"https:\/\/ckcpr.fr\/#website"},"primaryImageOfPage":{"@id":"https:\/\/ckcpr.fr\/index.php\/2024\/03\/15\/retour-sur-le-stage-de-descente-des-7-8-mars\/#primaryimage"},"image":{"@id":"https:\/\/ckcpr.fr\/index.php\/2024\/03\/15\/retour-sur-le-stage-de-descente-des-7-8-mars\/#primaryimage"},"thumbnailUrl":"https:\/\/ckcpr.fr\/wp-content\/uploads\/2024\/03\/d01f6abd-f8a7-4107-8d54-a616808dab04.jpg","datePublished":"2024-03-15T17:30:00+00:00","description":"Les 7 et 8 mars s\u2019est d\u00e9roul\u00e9 le stage r\u00e9gional de Descente \u00e0 Pouay (56) sur le Scorff et le spot des Roches du Diable sur l'Ell\u00e9.","breadcrumb":{"@id":"https:\/\/ckcpr.fr\/index.php\/2024\/03\/15\/retour-sur-le-stage-de-descente-des-7-8-mars\/#breadcrumb"},"inLanguage":"fr-FR","potentialAction":[{"@type":"ReadAction","target":["https:\/\/ckcpr.fr\/index.php\/2024\/03\/15\/retour-sur-le-stage-de-descente-des-7-8-mars\/"]}]},{"@type":"ImageObject","inLanguage":"fr-FR","@id":"https:\/\/ckcpr.fr\/index.php\/2024\/03\/15\/retour-sur-le-stage-de-descente-des-7-8-mars\/#primaryimage","url":"https:\/\/ckcpr.fr\/wp-content\/uploads\/2024\/03\/d01f6abd-f8a7-4107-8d54-a616808dab04.jpg","contentUrl":"https:\/\/ckcpr.fr\/wp-content\/uploads\/2024\/03\/d01f6abd-f8a7-4107-8d54-a616808dab04.jpg","width":1600,"height":900,"caption":"photo de groupe repr\u00e9sentant les vingts stagiaires de Descente des Club de La Roche Derrien, Planco\u00ebt et Pont-R\u00e9an et leurs encadrants sportifs dipl\u00f4m\u00e9s d'\u00e9tat."},{"@type":"BreadcrumbList","@id":"https:\/\/ckcpr.fr\/index.php\/2024\/03\/15\/retour-sur-le-stage-de-descente-des-7-8-mars\/#breadcrumb","itemListElement":[{"@type":"ListItem","position":1,"name":"Accueil","item":"https:\/\/ckcpr.fr\/"},{"@type":"ListItem","position":2,"name":"Retour Sur Le Stage inter-clubs bretons sp\u00e9cialistes de la Descente"}]},{"@type":"WebSite","@id":"https:\/\/ckcpr.fr\/#website","url":"https:\/\/ckcpr.fr\/","name":"Cano\u00eb-Kayak Club de Pont-R\u00e9an","description":"","publisher":{"@id":"https:\/\/ckcpr.fr\/#organization"},"potentialAction":[{"@type":"SearchAction","target":{"@type":"EntryPoint","urlTemplate":"https:\/\/ckcpr.fr\/?s={search_term_string}"},"query-input":{"@type":"PropertyValueSpecification","valueRequired":true,"valueName":"search_term_string"}}],"inLanguage":"fr-FR"},{"@type":"Organization","@id":"https:\/\/ckcpr.fr\/#organization","name":"Cano\u00eb-Kayak Club de Pont-R\u00e9an","url":"https:\/\/ckcpr.fr\/","logo":{"@type":"ImageObject","inLanguage":"fr-FR","@id":"https:\/\/ckcpr.fr\/#\/schema\/logo\/image\/","url":"https:\/\/ckcpr.fr\/wp-content\/uploads\/2022\/03\/cropped-cropped-Logo_ckcpr_horizontal.jpg","contentUrl":"https:\/\/ckcpr.fr\/wp-content\/uploads\/2022\/03\/cropped-cropped-Logo_ckcpr_horizontal.jpg","width":468,"height":156,"caption":"Cano\u00eb-Kayak Club de Pont-R\u00e9an"},"image":{"@id":"https:\/\/ckcpr.fr\/#\/schema\/logo\/image\/"}},{"@type":"Person","@id":"https:\/\/ckcpr.fr\/#\/schema\/person\/458fff70d6b866acbb48cff4420fdd20","name":"Magali Roussel","image":{"@type":"ImageObject","inLanguage":"fr-FR","@id":"https:\/\/secure.gravatar.com\/avatar\/5939ca2ce113970faed8ea65e17be999c0bea09f28268b1e00030449b8990d17?s=96&d=mm&r=g","url":"https:\/\/secure.gravatar.com\/avatar\/5939ca2ce113970faed8ea65e17be999c0bea09f28268b1e00030449b8990d17?s=96&d=mm&r=g","contentUrl":"https:\/\/secure.gravatar.com\/avatar\/5939ca2ce113970faed8ea65e17be999c0bea09f28268b1e00030449b8990d17?s=96&d=mm&r=g","caption":"Magali Roussel"},"url":"https:\/\/ckcpr.fr\/index.php\/author\/magali-roussel\/"}]}},"_links":{"self":[{"href":"https:\/\/ckcpr.fr\/index.php\/wp-json\/wp\/v2\/posts\/13428","targetHints":{"allow":["GET"]}}],"collection":[{"href":"https:\/\/ckcpr.fr\/index.php\/wp-json\/wp\/v2\/posts"}],"about":[{"href":"https:\/\/ckcpr.fr\/index.php\/wp-json\/wp\/v2\/types\/post"}],"author":[{"embeddable":true,"href":"https:\/\/ckcpr.fr\/index.php\/wp-json\/wp\/v2\/users\/94"}],"replies":[{"embeddable":true,"href":"https:\/\/ckcpr.fr\/index.php\/wp-json\/wp\/v2\/comments?post=13428"}],"version-history":[{"count":6,"href":"https:\/\/ckcpr.fr\/index.php\/wp-json\/wp\/v2\/posts\/13428\/revisions"}],"predecessor-version":[{"id":13498,"href":"https:\/\/ckcpr.fr\/index.php\/wp-json\/wp\/v2\/posts\/13428\/revisions\/13498"}],"wp:featuredmedia":[{"embeddable":true,"href":"https:\/\/ckcpr.fr\/index.php\/wp-json\/wp\/v2\/media\/13429"}],"wp:attachment":[{"href":"https:\/\/ckcpr.fr\/index.php\/wp-json\/wp\/v2\/media?parent=13428"}],"wp:term":[{"taxonomy":"category","embeddable":true,"href":"https:\/\/ckcpr.fr\/index.php\/wp-json\/wp\/v2\/categories?post=13428"},{"taxonomy":"post_tag","embeddable":true,"href":"https:\/\/ckcpr.fr\/index.php\/wp-json\/wp\/v2\/tags?post=13428"}],"curies":[{"name":"wp","href":"https:\/\/api.w.org\/{rel}","templated":true}]}}