{"id":14522,"date":"2025-04-02T09:25:24","date_gmt":"2025-04-02T07:25:24","guid":{"rendered":"https:\/\/ckcpr.fr\/?p=14522"},"modified":"2025-04-13T16:06:02","modified_gmt":"2025-04-13T14:06:02","slug":"clement-kayakiste-confirme-en-mission-de-service-civique-au-canoe-kayak-club-de-pont-rean-volontaire-engage-determine-passionne","status":"publish","type":"post","link":"https:\/\/ckcpr.fr\/index.php\/2025\/04\/02\/clement-kayakiste-confirme-en-mission-de-service-civique-au-canoe-kayak-club-de-pont-rean-volontaire-engage-determine-passionne\/","title":{"rendered":"Cl\u00e9ment\u00a0: Une destin\u00e9e pro qui coule de source\u00a0!"},"content":{"rendered":"<p><em><strong>Une nouvelle t\u00eate au cano\u00eb kayak club de Pont-R\u00e9an (CKCPR)\u00a0? Pas tout \u00e0 fait\u00a0!<\/strong><\/em><\/p>\n<p>Accueillir des jeunes en stage ou en service civique, dans le cadre de leurs \u00e9tudes, fait partie de l&rsquo;esprit du CKCPR. C&rsquo;est le cas de Cl\u00e9ment, jeune athl\u00e8te de 20 ans, qui incarne la passion du kayak et l&rsquo;engagement associatif. Adh\u00e9rent depuis quatre ans au club de cano\u00eb kayak de Pont-R\u00e9an (CKCPR), il y cumule les r\u00f4les de comp\u00e9titeur, b\u00e9n\u00e9vole encadrant et d\u00e9sormais service civique depuis novembre dernier.\u00a0<\/p>\n<h5><strong>Un parcours ancr\u00e9 dans la passion du kayak<\/strong><\/h5>\n<p>\t\t\t\t\t\t\t\t\t\t\t\t\t\t\t<img fetchpriority=\"high\" decoding=\"async\" width=\"1024\" height=\"621\" src=\"https:\/\/ckcpr.fr\/wp-content\/uploads\/2025\/04\/Clement-1-recadre-1024x621.jpg\" alt=\"Cl\u00e9ment kayakiste confirm\u00e9\" srcset=\"https:\/\/ckcpr.fr\/wp-content\/uploads\/2025\/04\/Clement-1-recadre-1024x621.jpg 1024w, https:\/\/ckcpr.fr\/wp-content\/uploads\/2025\/04\/Clement-1-recadre-300x182.jpg 300w, https:\/\/ckcpr.fr\/wp-content\/uploads\/2025\/04\/Clement-1-recadre-768x466.jpg 768w, https:\/\/ckcpr.fr\/wp-content\/uploads\/2025\/04\/Clement-1-recadre-1536x931.jpg 1536w, https:\/\/ckcpr.fr\/wp-content\/uploads\/2025\/04\/Clement-1-recadre-600x364.jpg 600w, https:\/\/ckcpr.fr\/wp-content\/uploads\/2025\/04\/Clement-1-recadre.jpg 1580w\" sizes=\"(max-width: 1024px) 100vw, 1024px\" \/>\t\t\t\t\t\t\t\t\t\t\t\t\t\t\t<\/p>\n<p>A la question \u00ab\u00a0comment est n\u00e9e cette passion pour le kayak\u00a0?\u00a0\u00bb, Cl\u00e9ment r\u00e9pond naturellement\u00a0: \u00ab\u00a0Gamin, j\u2019aimais nager. \u00a0En primaire, j\u2019ai particip\u00e9 \u00e0 des cycles kayak et optimiste \u00e0 Bain-de-Bretagne o\u00f9 je me suis senti \u00e0 l\u2019aise. Ensuite, en 4<sup>e<\/sup>, j\u2019ai d\u00e9couvert le cano\u00eb kayak \u00e0 Guipry pour m\u2019occuper le mercredi apr\u00e8s-midi. L\u00e0, j\u2019ai capt\u00e9 que c\u2019\u00e9tait plus qu\u2019un loisir\u00a0\u00e0 travers les aspects technique et sportif. Les sensations de vitesse en descente de rivi\u00e8re et en s\u00e9ance \u00e9taient pour moi tr\u00e8s satisfaisantes\u00a0!\u00a0Tout cela a \u00e9veill\u00e9 mon int\u00e9r\u00eat pour la discipline.\u00bb<\/p>\n<h5><strong>Un engagement multi facettes d\u00e9termin\u00e9<\/strong><\/h5>\n<p>\t\t\t\t\t\t\t\t\t\t\t\t\t\t\t<img decoding=\"async\" width=\"1024\" height=\"683\" src=\"https:\/\/ckcpr.fr\/wp-content\/uploads\/2025\/04\/DSC_9071-1024x683.jpg\" alt=\"Un engagement multi facette d\u00e9termin\u00e9\" srcset=\"https:\/\/ckcpr.fr\/wp-content\/uploads\/2025\/04\/DSC_9071-1024x683.jpg 1024w, https:\/\/ckcpr.fr\/wp-content\/uploads\/2025\/04\/DSC_9071-300x200.jpg 300w, https:\/\/ckcpr.fr\/wp-content\/uploads\/2025\/04\/DSC_9071-768x512.jpg 768w, https:\/\/ckcpr.fr\/wp-content\/uploads\/2025\/04\/DSC_9071-1536x1024.jpg 1536w, https:\/\/ckcpr.fr\/wp-content\/uploads\/2025\/04\/DSC_9071-2048x1365.jpg 2048w, https:\/\/ckcpr.fr\/wp-content\/uploads\/2025\/04\/DSC_9071-600x400.jpg 600w\" sizes=\"(max-width: 1024px) 100vw, 1024px\" \/>\t\t\t\t\t\t\t\t\t\t\t\t\t\t\t<\/p>\n<p>Comp\u00e9titeur, b\u00e9n\u00e9vole encadrant et dipl\u00f4m\u00e9 monitorat rivi\u00e8re et mer et Certificat de Qualification Professionnelle(CQP) en poche, il est\u00a0 \u00e9galement impliqu\u00e9 dans plusieurs commissions de la structure. Le sportif prend plaisir \u00e0 pr\u00eater main forte \u00e0 l\u2019\u00e9quipe en place. Une volont\u00e9 qu\u2019il affirme dans le cadre de ses \u00e9tudes en Sciences et Techniques des Activit\u00e9s Physiques et Sportives (Staps) \u00e0 Rennes en s\u2019engageant au service du CKCPR en tant que service civique durant 8 mois.<\/p>\n<p>L\u2019aventurier explique ses motivations pour s\u2019engager au sein du club avec beaucoup de passion pour le kayak\u00a0: \u00ab\u00a0Ce dispositif me donne l\u2019occasion d\u2019\u00e9pauler une association qui me permet de m\u2019\u00e9panouir dans ma discipline favorite et dans la vie de tous les jours\u00bb.<\/p>\n<p>Entre \u00e9tudes avec un double cursus (Staps et BPJEPS sp\u00e9cialit\u00e9\u00a0kayak), entra\u00eenements et engagement pour le club, Cl\u00e9ment n\u2019a pas le temps de s\u2019ennuyer\u00a0! En effet, le sportif jongle \u00e0 la fois entre ses cours, ses entra\u00eenements \u00e0 raison de 12h par semaine et sa pr\u00e9sence au CKCPR 24h par semaine. Un programme qui demande une organisation de ouf. \u00ab\u00a0J\u2019organise mes cours en fonction de mes horaires en service civique,\u00a0\u00bb explique-t-il.<\/p>\n<h5>\u00a0<strong>Ses missions de service civique <\/strong><\/h5>\n<p>\t\t\t\t\t\t\t\t\t\t\t\t\t\t\t<img decoding=\"async\" width=\"1024\" height=\"683\" src=\"https:\/\/ckcpr.fr\/wp-content\/uploads\/2025\/04\/Champ-descente-PR-mars-2025-1024x683.jpg\" alt=\"Ses missions de service civique\" srcset=\"https:\/\/ckcpr.fr\/wp-content\/uploads\/2025\/04\/Champ-descente-PR-mars-2025-1024x683.jpg 1024w, https:\/\/ckcpr.fr\/wp-content\/uploads\/2025\/04\/Champ-descente-PR-mars-2025-300x200.jpg 300w, https:\/\/ckcpr.fr\/wp-content\/uploads\/2025\/04\/Champ-descente-PR-mars-2025-768x512.jpg 768w, https:\/\/ckcpr.fr\/wp-content\/uploads\/2025\/04\/Champ-descente-PR-mars-2025-1536x1024.jpg 1536w, https:\/\/ckcpr.fr\/wp-content\/uploads\/2025\/04\/Champ-descente-PR-mars-2025-2048x1365.jpg 2048w, https:\/\/ckcpr.fr\/wp-content\/uploads\/2025\/04\/Champ-descente-PR-mars-2025-600x400.jpg 600w\" sizes=\"(max-width: 1024px) 100vw, 1024px\" \/>\t\t\t\t\t\t\t\t\t\t\t\t\t\t\t<\/p>\n<p>Pr\u00e9paration de cycles d\u2019objectifs, assistance pour les cadres du club sur les encadrements jeunes (\u00e9cole de sport, section sportive\u2026) rythment les journ\u00e9es de Cl\u00e9ment au club mais pas seulement\u2026 La prise en charge des sorties et stages pour lesquelles il est n\u00e9cessaire de choisir les dates et les lieux, de communiquer sur Assoconnect pour les inscriptions, de communiquer \u00e9galement avec les jeunes ou encore de pr\u00e9parer le bilan financier.<\/p>\n<p>\u00ab\u00a0Pendant ma mission, j\u2019ai g\u00e9r\u00e9 des projets de comp\u00e9tions comme le championnat d\u00e9partemental de descente \u00e0 Pont-R\u00e9an le dimanche 2 mars dernier.\u00a0\u00bb<\/p>\n<p>Il aura \u00e9galement eu l\u2019occasion d\u2019affronter les caprices de la m\u00e9t\u00e9o avec l\u2019inondation du club en janvier 2025.<\/p>\n<h5><strong>Un engagement b\u00e9n\u00e9vole remarquable<\/strong><\/h5>\n<p>\t\t\t\t\t\t\t\t\t\t\t\t\t\t\t<img loading=\"lazy\" decoding=\"async\" width=\"1024\" height=\"683\" src=\"https:\/\/ckcpr.fr\/wp-content\/uploads\/2025\/04\/ok-1024x683.jpg\" alt=\"Un engagement b\u00e9n\u00e9vole remarquable\" srcset=\"https:\/\/ckcpr.fr\/wp-content\/uploads\/2025\/04\/ok-1024x683.jpg 1024w, https:\/\/ckcpr.fr\/wp-content\/uploads\/2025\/04\/ok-300x200.jpg 300w, https:\/\/ckcpr.fr\/wp-content\/uploads\/2025\/04\/ok-768x512.jpg 768w, https:\/\/ckcpr.fr\/wp-content\/uploads\/2025\/04\/ok-1536x1024.jpg 1536w, https:\/\/ckcpr.fr\/wp-content\/uploads\/2025\/04\/ok-2048x1365.jpg 2048w, https:\/\/ckcpr.fr\/wp-content\/uploads\/2025\/04\/ok-600x400.jpg 600w\" sizes=\"(max-width: 1024px) 100vw, 1024px\" \/>\t\t\t\t\t\t\t\t\t\t\t\t\t\t\t<\/p>\n<p>En tant que b\u00e9n\u00e9vole encadrant, Cl\u00e9ment s\u2019investi t dans le conseil d\u2019administration,\u00a0 les commissions \u00ab\u00a0r\u00e9paration\u00a0\u00bb, \u00ab\u00a0communication\u00a0\u00bb, \u00ab\u00a0sportive\u00a0\u00bb (encadrement et stage) et \u00ab\u00a0Sobri\u00e9t\u00e9 \u00e9nerg\u00e9tique et entretien divers\u00a0\u00bb. \u00ab\u00a0Ces 2 derni\u00e8res font partie de mon cursus \u00ab\u00a0service civique\u00a0\u00bb et repr\u00e9sentent un int\u00e9r\u00eat majeur dans mon parcours,\u00a0\u00bb pr\u00e9cise-t-il.\u00a0 Son app\u00e9tence pour la d\u00e9couverte et l\u2019apprentissage, c\u2019est clair comme de l\u2019eau de roche\u00a0: \u00ab\u00a0J\u2019ai envie de m\u2019investir pour acqu\u00e9rir des connaissances en mati\u00e8re de responsabilit\u00e9, pour me conforter dans ma voie professionnelle tout en d\u00e9couvrant l\u2019envers du d\u00e9cor au sein de l\u2019association. C\u2019est aussi un bon moyen de rencontrer des personnes qui ont beaucoup d\u2019exp\u00e9rience \u00e0 partager avec des points de vue diff\u00e9rents et d\u2019entamer des d\u00e9bats.\u00a0\u00bb<\/p>\n<p>Aux c\u00f4t\u00e9 de Mick et Maxence, salari\u00e9s du club, Cl\u00e9ment est \u00e0 bonne \u00e9cole pour apprendre les ficelles du m\u00e9tier de coach sportif de kayak.<\/p>\n<h5><strong>Le comp\u00e9titeur, une volont\u00e9 de transmettre sa passion<\/strong><\/h5>\n<p>\t\t\t\t\t\t\t\t\t\t\t\t\t\t\t<img loading=\"lazy\" decoding=\"async\" width=\"1024\" height=\"683\" src=\"https:\/\/ckcpr.fr\/wp-content\/uploads\/2025\/04\/image00000021-1-1024x683.jpg\" alt=\"Le comp\u00e9titeur, une volont\u00e9 de transmettre sa passion\" srcset=\"https:\/\/ckcpr.fr\/wp-content\/uploads\/2025\/04\/image00000021-1-1024x683.jpg 1024w, https:\/\/ckcpr.fr\/wp-content\/uploads\/2025\/04\/image00000021-1-300x200.jpg 300w, https:\/\/ckcpr.fr\/wp-content\/uploads\/2025\/04\/image00000021-1-768x512.jpg 768w, https:\/\/ckcpr.fr\/wp-content\/uploads\/2025\/04\/image00000021-1-1536x1025.jpg 1536w, https:\/\/ckcpr.fr\/wp-content\/uploads\/2025\/04\/image00000021-1-600x400.jpg 600w, https:\/\/ckcpr.fr\/wp-content\/uploads\/2025\/04\/image00000021-1.jpg 1598w\" sizes=\"(max-width: 1024px) 100vw, 1024px\" \/>\t\t\t\t\t\t\t\t\t\t\t\t\t\t\t<\/p>\n<p>Class\u00e9 4<sup>e<\/sup> en U21 aux Piges en avril dernier, pour sa 1<sup>\u00e8re<\/sup> ann\u00e9e et 15<sup>e<\/sup> au classement num\u00e9rique dans cette m\u00eame cat\u00e9gorie, Cl\u00e9ment vise une s\u00e9lection en \u00e9quipe de France l\u2019an prochain. Par ailleurs, son exp\u00e9rience de comp\u00e9titeur nourrit sa fa\u00e7on d&rsquo;encadrer\u00a0: \u00ab\u00a0J\u2019ai envie de contribuer \u00e0 la progression des athl\u00e8tes techniquement et sportivement. Les inciter \u00e0 une pratique plus r\u00e9guli\u00e8re et quotidienne, c\u2019est mon objectif\u00bb.<\/p>\n<h5><strong>Un avenir prometteur<\/strong><\/h5>\n<p>\t\t\t\t\t\t\t\t\t\t\t\t\t\t\t<img loading=\"lazy\" decoding=\"async\" width=\"683\" height=\"1024\" src=\"https:\/\/ckcpr.fr\/wp-content\/uploads\/2025\/04\/Champ-descente-PR-mars-2025-2-683x1024.jpg\" alt=\"Un avenir prometteur\" srcset=\"https:\/\/ckcpr.fr\/wp-content\/uploads\/2025\/04\/Champ-descente-PR-mars-2025-2-683x1024.jpg 683w, https:\/\/ckcpr.fr\/wp-content\/uploads\/2025\/04\/Champ-descente-PR-mars-2025-2-200x300.jpg 200w, https:\/\/ckcpr.fr\/wp-content\/uploads\/2025\/04\/Champ-descente-PR-mars-2025-2-768x1152.jpg 768w, https:\/\/ckcpr.fr\/wp-content\/uploads\/2025\/04\/Champ-descente-PR-mars-2025-2-1024x1536.jpg 1024w, https:\/\/ckcpr.fr\/wp-content\/uploads\/2025\/04\/Champ-descente-PR-mars-2025-2-1365x2048.jpg 1365w, https:\/\/ckcpr.fr\/wp-content\/uploads\/2025\/04\/Champ-descente-PR-mars-2025-2-600x900.jpg 600w, https:\/\/ckcpr.fr\/wp-content\/uploads\/2025\/04\/Champ-descente-PR-mars-2025-2-scaled.jpg 1707w\" sizes=\"(max-width: 683px) 100vw, 683px\" \/>\t\t\t\t\t\t\t\t\t\t\t\t\t\t\t<\/p>\n<p>La formation Staps est une formation g\u00e9n\u00e9rale qui englobe plusieurs sp\u00e9cialit\u00e9s\u00a0: ergonomie, Activit\u00e9 Physique Adapt\u00e9e (APA), management, \u00e9ducation motricit\u00e9 et entra\u00eenement. Pour Cl\u00e9ment\u00a0: \u00ab\u00a0La formation Staps sp\u00e9cialit\u00e9 entra\u00eenement permet d\u2019acqu\u00e9rir de la p\u00e9dagogie n\u00e9cessaire pour transmettre cette passion. C\u2019est dans cette sp\u00e9cialit\u00e9 que je me vois \u00e9voluer dans les 5 \u00e0 10 ans.\u00a0Un poste d\u2019entra\u00eeneur sportif comme Mick et Maxence dans une association ou pour une collectivit\u00e9, par exemple, ne serait pas pour me d\u00e9plaire.\u00a0\u00bb<\/p>\n<p>Son engagement et ses comp\u00e9tences font de Cl\u00e9ment un futur coach de kayak prometteur, alliant th\u00e9orie et pratique pour inspirer la prochaine g\u00e9n\u00e9ration de kayakistes.<\/p>\n<p>En attendant, bon vent pour les championnats de France !<\/p>\n","protected":false},"excerpt":{"rendered":"<p>Cl\u00e9ment kayakiste passionn\u00e9, d\u00e9termin\u00e9, volontaire et engag\u00e9 dans le CKCPR. En mission de service civique pendant 8 mois, il d\u00e9couvre les ficelles du m\u00e9tier de coach sportif de kayak.<\/p>\n","protected":false},"author":221,"featured_media":14523,"comment_status":"closed","ping_status":"closed","sticky":false,"template":"","format":"standard","meta":{"site-sidebar-layout":"default","site-content-layout":"","ast-site-content-layout":"default","site-content-style":"default","site-sidebar-style":"default","ast-global-header-display":"","ast-banner-title-visibility":"","ast-main-header-display":"","ast-hfb-above-header-display":"","ast-hfb-below-header-display":"","ast-hfb-mobile-header-display":"","site-post-title":"","ast-breadcrumbs-content":"","ast-featured-img":"","footer-sml-layout":"","ast-disable-related-posts":"","theme-transparent-header-meta":"","adv-header-id-meta":"","stick-header-meta":"","header-above-stick-meta":"","header-main-stick-meta":"","header-below-stick-meta":"","astra-migrate-meta-layouts":"set","ast-page-background-enabled":"default","ast-page-background-meta":{"desktop":{"background-color":"","background-image":"","background-repeat":"repeat","background-position":"center center","background-size":"auto","background-attachment":"scroll","background-type":"","background-media":"","overlay-type":"","overlay-color":"","overlay-opacity":"","overlay-gradient":""},"tablet":{"background-color":"","background-image":"","background-repeat":"repeat","background-position":"center center","background-size":"auto","background-attachment":"scroll","background-type":"","background-media":"","overlay-type":"","overlay-color":"","overlay-opacity":"","overlay-gradient":""},"mobile":{"background-color":"","background-image":"","background-repeat":"repeat","background-position":"center center","background-size":"auto","background-attachment":"scroll","background-type":"","background-media":"","overlay-type":"","overlay-color":"","overlay-opacity":"","overlay-gradient":""}},"ast-content-background-meta":{"desktop":{"background-color":"var(--ast-global-color-5)","background-image":"","background-repeat":"repeat","background-position":"center center","background-size":"auto","background-attachment":"scroll","background-type":"","background-media":"","overlay-type":"","overlay-color":"","overlay-opacity":"","overlay-gradient":""},"tablet":{"background-color":"var(--ast-global-color-5)","background-image":"","background-repeat":"repeat","background-position":"center center","background-size":"auto","background-attachment":"scroll","background-type":"","background-media":"","overlay-type":"","overlay-color":"","overlay-opacity":"","overlay-gradient":""},"mobile":{"background-color":"var(--ast-global-color-5)","background-image":"","background-repeat":"repeat","background-position":"center center","background-size":"auto","background-attachment":"scroll","background-type":"","background-media":"","overlay-type":"","overlay-color":"","overlay-opacity":"","overlay-gradient":""}},"footnotes":""},"categories":[1],"tags":[],"class_list":["post-14522","post","type-post","status-publish","format-standard","has-post-thumbnail","hentry","category-non-classe"],"yoast_head":"<!-- This site is optimized with the Yoast SEO plugin v27.5 - https:\/\/yoast.com\/product\/yoast-seo-wordpress\/ -->\n<title>Cl\u00e9ment\u00a0: Une destin\u00e9e pro qui coule de source\u00a0! - Cano\u00eb-Kayak Club de Pont-R\u00e9an<\/title>\n<meta name=\"description\" content=\"Cl\u00e9ment kayakiste en mission de service civique au Cano\u00eb kayak club de Pont-R\u00e9an b\u00e9n\u00e9vole d\u00e9termin\u00e9 passionn\u00e9 volontaire engag\u00e9\" \/>\n<meta name=\"robots\" content=\"index, follow, max-snippet:-1, max-image-preview:large, max-video-preview:-1\" \/>\n<link rel=\"canonical\" href=\"https:\/\/ckcpr.fr\/index.php\/2025\/04\/02\/clement-kayakiste-confirme-en-mission-de-service-civique-au-canoe-kayak-club-de-pont-rean-volontaire-engage-determine-passionne\/\" \/>\n<meta property=\"og:locale\" content=\"fr_FR\" \/>\n<meta property=\"og:type\" content=\"article\" \/>\n<meta property=\"og:title\" content=\"Cl\u00e9ment\u00a0: Une destin\u00e9e pro qui coule de source\u00a0! - Cano\u00eb-Kayak Club de Pont-R\u00e9an\" \/>\n<meta property=\"og:description\" content=\"Cl\u00e9ment kayakiste en mission de service civique au Cano\u00eb kayak club de Pont-R\u00e9an b\u00e9n\u00e9vole d\u00e9termin\u00e9 passionn\u00e9 volontaire engag\u00e9\" \/>\n<meta property=\"og:url\" content=\"https:\/\/ckcpr.fr\/index.php\/2025\/04\/02\/clement-kayakiste-confirme-en-mission-de-service-civique-au-canoe-kayak-club-de-pont-rean-volontaire-engage-determine-passionne\/\" \/>\n<meta property=\"og:site_name\" content=\"Cano\u00eb-Kayak Club de Pont-R\u00e9an\" \/>\n<meta property=\"article:published_time\" content=\"2025-04-02T07:25:24+00:00\" \/>\n<meta property=\"article:modified_time\" content=\"2025-04-13T14:06:02+00:00\" \/>\n<meta property=\"og:image\" content=\"https:\/\/ckcpr.fr\/wp-content\/uploads\/2025\/04\/image00000111.jpg\" \/>\n\t<meta property=\"og:image:width\" content=\"1598\" \/>\n\t<meta property=\"og:image:height\" content=\"1066\" \/>\n\t<meta property=\"og:image:type\" content=\"image\/jpeg\" \/>\n<meta name=\"author\" content=\"Sylvain Delanoue\" \/>\n<meta name=\"twitter:label1\" content=\"\u00c9crit par\" \/>\n\t<meta name=\"twitter:data1\" content=\"Sylvain Delanoue\" \/>\n\t<meta name=\"twitter:label2\" content=\"Dur\u00e9e de lecture estim\u00e9e\" \/>\n\t<meta name=\"twitter:data2\" content=\"6 minutes\" \/>\n<script type=\"application\/ld+json\" class=\"yoast-schema-graph\">{\"@context\":\"https:\\\/\\\/schema.org\",\"@graph\":[{\"@type\":\"Article\",\"@id\":\"https:\\\/\\\/ckcpr.fr\\\/index.php\\\/2025\\\/04\\\/02\\\/clement-kayakiste-confirme-en-mission-de-service-civique-au-canoe-kayak-club-de-pont-rean-volontaire-engage-determine-passionne\\\/#article\",\"isPartOf\":{\"@id\":\"https:\\\/\\\/ckcpr.fr\\\/index.php\\\/2025\\\/04\\\/02\\\/clement-kayakiste-confirme-en-mission-de-service-civique-au-canoe-kayak-club-de-pont-rean-volontaire-engage-determine-passionne\\\/\"},\"author\":{\"name\":\"Sylvain Delanoue\",\"@id\":\"https:\\\/\\\/ckcpr.fr\\\/#\\\/schema\\\/person\\\/77a34d7f553bed8df96c24c7cf869442\"},\"headline\":\"Cl\u00e9ment\u00a0: Une destin\u00e9e pro qui coule de source\u00a0!\",\"datePublished\":\"2025-04-02T07:25:24+00:00\",\"dateModified\":\"2025-04-13T14:06:02+00:00\",\"mainEntityOfPage\":{\"@id\":\"https:\\\/\\\/ckcpr.fr\\\/index.php\\\/2025\\\/04\\\/02\\\/clement-kayakiste-confirme-en-mission-de-service-civique-au-canoe-kayak-club-de-pont-rean-volontaire-engage-determine-passionne\\\/\"},\"wordCount\":953,\"publisher\":{\"@id\":\"https:\\\/\\\/ckcpr.fr\\\/#organization\"},\"image\":{\"@id\":\"https:\\\/\\\/ckcpr.fr\\\/index.php\\\/2025\\\/04\\\/02\\\/clement-kayakiste-confirme-en-mission-de-service-civique-au-canoe-kayak-club-de-pont-rean-volontaire-engage-determine-passionne\\\/#primaryimage\"},\"thumbnailUrl\":\"https:\\\/\\\/ckcpr.fr\\\/wp-content\\\/uploads\\\/2025\\\/04\\\/image00000111.jpg\",\"inLanguage\":\"fr-FR\"},{\"@type\":\"WebPage\",\"@id\":\"https:\\\/\\\/ckcpr.fr\\\/index.php\\\/2025\\\/04\\\/02\\\/clement-kayakiste-confirme-en-mission-de-service-civique-au-canoe-kayak-club-de-pont-rean-volontaire-engage-determine-passionne\\\/\",\"url\":\"https:\\\/\\\/ckcpr.fr\\\/index.php\\\/2025\\\/04\\\/02\\\/clement-kayakiste-confirme-en-mission-de-service-civique-au-canoe-kayak-club-de-pont-rean-volontaire-engage-determine-passionne\\\/\",\"name\":\"Cl\u00e9ment\u00a0: Une destin\u00e9e pro qui coule de source\u00a0! - Cano\u00eb-Kayak Club de Pont-R\u00e9an\",\"isPartOf\":{\"@id\":\"https:\\\/\\\/ckcpr.fr\\\/#website\"},\"primaryImageOfPage\":{\"@id\":\"https:\\\/\\\/ckcpr.fr\\\/index.php\\\/2025\\\/04\\\/02\\\/clement-kayakiste-confirme-en-mission-de-service-civique-au-canoe-kayak-club-de-pont-rean-volontaire-engage-determine-passionne\\\/#primaryimage\"},\"image\":{\"@id\":\"https:\\\/\\\/ckcpr.fr\\\/index.php\\\/2025\\\/04\\\/02\\\/clement-kayakiste-confirme-en-mission-de-service-civique-au-canoe-kayak-club-de-pont-rean-volontaire-engage-determine-passionne\\\/#primaryimage\"},\"thumbnailUrl\":\"https:\\\/\\\/ckcpr.fr\\\/wp-content\\\/uploads\\\/2025\\\/04\\\/image00000111.jpg\",\"datePublished\":\"2025-04-02T07:25:24+00:00\",\"dateModified\":\"2025-04-13T14:06:02+00:00\",\"description\":\"Cl\u00e9ment kayakiste en mission de service civique au Cano\u00eb kayak club de Pont-R\u00e9an b\u00e9n\u00e9vole d\u00e9termin\u00e9 passionn\u00e9 volontaire engag\u00e9\",\"breadcrumb\":{\"@id\":\"https:\\\/\\\/ckcpr.fr\\\/index.php\\\/2025\\\/04\\\/02\\\/clement-kayakiste-confirme-en-mission-de-service-civique-au-canoe-kayak-club-de-pont-rean-volontaire-engage-determine-passionne\\\/#breadcrumb\"},\"inLanguage\":\"fr-FR\",\"potentialAction\":[{\"@type\":\"ReadAction\",\"target\":[\"https:\\\/\\\/ckcpr.fr\\\/index.php\\\/2025\\\/04\\\/02\\\/clement-kayakiste-confirme-en-mission-de-service-civique-au-canoe-kayak-club-de-pont-rean-volontaire-engage-determine-passionne\\\/\"]}]},{\"@type\":\"ImageObject\",\"inLanguage\":\"fr-FR\",\"@id\":\"https:\\\/\\\/ckcpr.fr\\\/index.php\\\/2025\\\/04\\\/02\\\/clement-kayakiste-confirme-en-mission-de-service-civique-au-canoe-kayak-club-de-pont-rean-volontaire-engage-determine-passionne\\\/#primaryimage\",\"url\":\"https:\\\/\\\/ckcpr.fr\\\/wp-content\\\/uploads\\\/2025\\\/04\\\/image00000111.jpg\",\"contentUrl\":\"https:\\\/\\\/ckcpr.fr\\\/wp-content\\\/uploads\\\/2025\\\/04\\\/image00000111.jpg\",\"width\":1598,\"height\":1066,\"caption\":\"Cl\u00e9ment kayakiste passionn\u00e9, d\u00e9termin\u00e9, volontaire et engag\u00e9 dans le CKCPR\"},{\"@type\":\"BreadcrumbList\",\"@id\":\"https:\\\/\\\/ckcpr.fr\\\/index.php\\\/2025\\\/04\\\/02\\\/clement-kayakiste-confirme-en-mission-de-service-civique-au-canoe-kayak-club-de-pont-rean-volontaire-engage-determine-passionne\\\/#breadcrumb\",\"itemListElement\":[{\"@type\":\"ListItem\",\"position\":1,\"name\":\"Accueil\",\"item\":\"https:\\\/\\\/ckcpr.fr\\\/\"},{\"@type\":\"ListItem\",\"position\":2,\"name\":\"Cl\u00e9ment, jeune athl\u00e8te de 20 ans, incarne la passion du kayak et l'engagement associatif. Adh\u00e9rent depuis quatre ans au club de cano\u00eb kayak de Pont-R\u00e9an (CKCPR), il y cumule les r\u00f4les de comp\u00e9titeur, b\u00e9n\u00e9vole encadrant et d\u00e9sormais service civique depuis novembre dernier.\"}]},{\"@type\":\"WebSite\",\"@id\":\"https:\\\/\\\/ckcpr.fr\\\/#website\",\"url\":\"https:\\\/\\\/ckcpr.fr\\\/\",\"name\":\"Cano\u00eb-Kayak Club de Pont-R\u00e9an\",\"description\":\"\",\"publisher\":{\"@id\":\"https:\\\/\\\/ckcpr.fr\\\/#organization\"},\"potentialAction\":[{\"@type\":\"SearchAction\",\"target\":{\"@type\":\"EntryPoint\",\"urlTemplate\":\"https:\\\/\\\/ckcpr.fr\\\/?s={search_term_string}\"},\"query-input\":{\"@type\":\"PropertyValueSpecification\",\"valueRequired\":true,\"valueName\":\"search_term_string\"}}],\"inLanguage\":\"fr-FR\"},{\"@type\":\"Organization\",\"@id\":\"https:\\\/\\\/ckcpr.fr\\\/#organization\",\"name\":\"Cano\u00eb-Kayak Club de Pont-R\u00e9an\",\"url\":\"https:\\\/\\\/ckcpr.fr\\\/\",\"logo\":{\"@type\":\"ImageObject\",\"inLanguage\":\"fr-FR\",\"@id\":\"https:\\\/\\\/ckcpr.fr\\\/#\\\/schema\\\/logo\\\/image\\\/\",\"url\":\"https:\\\/\\\/ckcpr.fr\\\/wp-content\\\/uploads\\\/2022\\\/03\\\/cropped-cropped-Logo_ckcpr_horizontal.jpg\",\"contentUrl\":\"https:\\\/\\\/ckcpr.fr\\\/wp-content\\\/uploads\\\/2022\\\/03\\\/cropped-cropped-Logo_ckcpr_horizontal.jpg\",\"width\":468,\"height\":156,\"caption\":\"Cano\u00eb-Kayak Club de Pont-R\u00e9an\"},\"image\":{\"@id\":\"https:\\\/\\\/ckcpr.fr\\\/#\\\/schema\\\/logo\\\/image\\\/\"}},{\"@type\":\"Person\",\"@id\":\"https:\\\/\\\/ckcpr.fr\\\/#\\\/schema\\\/person\\\/77a34d7f553bed8df96c24c7cf869442\",\"name\":\"Sylvain Delanoue\",\"image\":{\"@type\":\"ImageObject\",\"inLanguage\":\"fr-FR\",\"@id\":\"https:\\\/\\\/secure.gravatar.com\\\/avatar\\\/6c5b1df0270a361ae25dda674737c67563ad68fec3de6c98fe2d46aa5159e8ce?s=96&d=mm&r=g\",\"url\":\"https:\\\/\\\/secure.gravatar.com\\\/avatar\\\/6c5b1df0270a361ae25dda674737c67563ad68fec3de6c98fe2d46aa5159e8ce?s=96&d=mm&r=g\",\"contentUrl\":\"https:\\\/\\\/secure.gravatar.com\\\/avatar\\\/6c5b1df0270a361ae25dda674737c67563ad68fec3de6c98fe2d46aa5159e8ce?s=96&d=mm&r=g\",\"caption\":\"Sylvain Delanoue\"},\"url\":\"https:\\\/\\\/ckcpr.fr\\\/index.php\\\/author\\\/delanoueorange-fr\\\/\"}]}<\/script>\n<!-- \/ Yoast SEO plugin. -->","yoast_head_json":{"title":"Cl\u00e9ment\u00a0: Une destin\u00e9e pro qui coule de source\u00a0! - Cano\u00eb-Kayak Club de Pont-R\u00e9an","description":"Cl\u00e9ment kayakiste en mission de service civique au Cano\u00eb kayak club de Pont-R\u00e9an b\u00e9n\u00e9vole d\u00e9termin\u00e9 passionn\u00e9 volontaire engag\u00e9","robots":{"index":"index","follow":"follow","max-snippet":"max-snippet:-1","max-image-preview":"max-image-preview:large","max-video-preview":"max-video-preview:-1"},"canonical":"https:\/\/ckcpr.fr\/index.php\/2025\/04\/02\/clement-kayakiste-confirme-en-mission-de-service-civique-au-canoe-kayak-club-de-pont-rean-volontaire-engage-determine-passionne\/","og_locale":"fr_FR","og_type":"article","og_title":"Cl\u00e9ment\u00a0: Une destin\u00e9e pro qui coule de source\u00a0! - Cano\u00eb-Kayak Club de Pont-R\u00e9an","og_description":"Cl\u00e9ment kayakiste en mission de service civique au Cano\u00eb kayak club de Pont-R\u00e9an b\u00e9n\u00e9vole d\u00e9termin\u00e9 passionn\u00e9 volontaire engag\u00e9","og_url":"https:\/\/ckcpr.fr\/index.php\/2025\/04\/02\/clement-kayakiste-confirme-en-mission-de-service-civique-au-canoe-kayak-club-de-pont-rean-volontaire-engage-determine-passionne\/","og_site_name":"Cano\u00eb-Kayak Club de Pont-R\u00e9an","article_published_time":"2025-04-02T07:25:24+00:00","article_modified_time":"2025-04-13T14:06:02+00:00","og_image":[{"width":1598,"height":1066,"url":"https:\/\/ckcpr.fr\/wp-content\/uploads\/2025\/04\/image00000111.jpg","type":"image\/jpeg"}],"author":"Sylvain Delanoue","twitter_misc":{"\u00c9crit par":"Sylvain Delanoue","Dur\u00e9e de lecture estim\u00e9e":"6 minutes"},"schema":{"@context":"https:\/\/schema.org","@graph":[{"@type":"Article","@id":"https:\/\/ckcpr.fr\/index.php\/2025\/04\/02\/clement-kayakiste-confirme-en-mission-de-service-civique-au-canoe-kayak-club-de-pont-rean-volontaire-engage-determine-passionne\/#article","isPartOf":{"@id":"https:\/\/ckcpr.fr\/index.php\/2025\/04\/02\/clement-kayakiste-confirme-en-mission-de-service-civique-au-canoe-kayak-club-de-pont-rean-volontaire-engage-determine-passionne\/"},"author":{"name":"Sylvain Delanoue","@id":"https:\/\/ckcpr.fr\/#\/schema\/person\/77a34d7f553bed8df96c24c7cf869442"},"headline":"Cl\u00e9ment\u00a0: Une destin\u00e9e pro qui coule de source\u00a0!","datePublished":"2025-04-02T07:25:24+00:00","dateModified":"2025-04-13T14:06:02+00:00","mainEntityOfPage":{"@id":"https:\/\/ckcpr.fr\/index.php\/2025\/04\/02\/clement-kayakiste-confirme-en-mission-de-service-civique-au-canoe-kayak-club-de-pont-rean-volontaire-engage-determine-passionne\/"},"wordCount":953,"publisher":{"@id":"https:\/\/ckcpr.fr\/#organization"},"image":{"@id":"https:\/\/ckcpr.fr\/index.php\/2025\/04\/02\/clement-kayakiste-confirme-en-mission-de-service-civique-au-canoe-kayak-club-de-pont-rean-volontaire-engage-determine-passionne\/#primaryimage"},"thumbnailUrl":"https:\/\/ckcpr.fr\/wp-content\/uploads\/2025\/04\/image00000111.jpg","inLanguage":"fr-FR"},{"@type":"WebPage","@id":"https:\/\/ckcpr.fr\/index.php\/2025\/04\/02\/clement-kayakiste-confirme-en-mission-de-service-civique-au-canoe-kayak-club-de-pont-rean-volontaire-engage-determine-passionne\/","url":"https:\/\/ckcpr.fr\/index.php\/2025\/04\/02\/clement-kayakiste-confirme-en-mission-de-service-civique-au-canoe-kayak-club-de-pont-rean-volontaire-engage-determine-passionne\/","name":"Cl\u00e9ment\u00a0: Une destin\u00e9e pro qui coule de source\u00a0! - Cano\u00eb-Kayak Club de Pont-R\u00e9an","isPartOf":{"@id":"https:\/\/ckcpr.fr\/#website"},"primaryImageOfPage":{"@id":"https:\/\/ckcpr.fr\/index.php\/2025\/04\/02\/clement-kayakiste-confirme-en-mission-de-service-civique-au-canoe-kayak-club-de-pont-rean-volontaire-engage-determine-passionne\/#primaryimage"},"image":{"@id":"https:\/\/ckcpr.fr\/index.php\/2025\/04\/02\/clement-kayakiste-confirme-en-mission-de-service-civique-au-canoe-kayak-club-de-pont-rean-volontaire-engage-determine-passionne\/#primaryimage"},"thumbnailUrl":"https:\/\/ckcpr.fr\/wp-content\/uploads\/2025\/04\/image00000111.jpg","datePublished":"2025-04-02T07:25:24+00:00","dateModified":"2025-04-13T14:06:02+00:00","description":"Cl\u00e9ment kayakiste en mission de service civique au Cano\u00eb kayak club de Pont-R\u00e9an b\u00e9n\u00e9vole d\u00e9termin\u00e9 passionn\u00e9 volontaire engag\u00e9","breadcrumb":{"@id":"https:\/\/ckcpr.fr\/index.php\/2025\/04\/02\/clement-kayakiste-confirme-en-mission-de-service-civique-au-canoe-kayak-club-de-pont-rean-volontaire-engage-determine-passionne\/#breadcrumb"},"inLanguage":"fr-FR","potentialAction":[{"@type":"ReadAction","target":["https:\/\/ckcpr.fr\/index.php\/2025\/04\/02\/clement-kayakiste-confirme-en-mission-de-service-civique-au-canoe-kayak-club-de-pont-rean-volontaire-engage-determine-passionne\/"]}]},{"@type":"ImageObject","inLanguage":"fr-FR","@id":"https:\/\/ckcpr.fr\/index.php\/2025\/04\/02\/clement-kayakiste-confirme-en-mission-de-service-civique-au-canoe-kayak-club-de-pont-rean-volontaire-engage-determine-passionne\/#primaryimage","url":"https:\/\/ckcpr.fr\/wp-content\/uploads\/2025\/04\/image00000111.jpg","contentUrl":"https:\/\/ckcpr.fr\/wp-content\/uploads\/2025\/04\/image00000111.jpg","width":1598,"height":1066,"caption":"Cl\u00e9ment kayakiste passionn\u00e9, d\u00e9termin\u00e9, volontaire et engag\u00e9 dans le CKCPR"},{"@type":"BreadcrumbList","@id":"https:\/\/ckcpr.fr\/index.php\/2025\/04\/02\/clement-kayakiste-confirme-en-mission-de-service-civique-au-canoe-kayak-club-de-pont-rean-volontaire-engage-determine-passionne\/#breadcrumb","itemListElement":[{"@type":"ListItem","position":1,"name":"Accueil","item":"https:\/\/ckcpr.fr\/"},{"@type":"ListItem","position":2,"name":"Cl\u00e9ment, jeune athl\u00e8te de 20 ans, incarne la passion du kayak et l'engagement associatif. Adh\u00e9rent depuis quatre ans au club de cano\u00eb kayak de Pont-R\u00e9an (CKCPR), il y cumule les r\u00f4les de comp\u00e9titeur, b\u00e9n\u00e9vole encadrant et d\u00e9sormais service civique depuis novembre dernier."}]},{"@type":"WebSite","@id":"https:\/\/ckcpr.fr\/#website","url":"https:\/\/ckcpr.fr\/","name":"Cano\u00eb-Kayak Club de Pont-R\u00e9an","description":"","publisher":{"@id":"https:\/\/ckcpr.fr\/#organization"},"potentialAction":[{"@type":"SearchAction","target":{"@type":"EntryPoint","urlTemplate":"https:\/\/ckcpr.fr\/?s={search_term_string}"},"query-input":{"@type":"PropertyValueSpecification","valueRequired":true,"valueName":"search_term_string"}}],"inLanguage":"fr-FR"},{"@type":"Organization","@id":"https:\/\/ckcpr.fr\/#organization","name":"Cano\u00eb-Kayak Club de Pont-R\u00e9an","url":"https:\/\/ckcpr.fr\/","logo":{"@type":"ImageObject","inLanguage":"fr-FR","@id":"https:\/\/ckcpr.fr\/#\/schema\/logo\/image\/","url":"https:\/\/ckcpr.fr\/wp-content\/uploads\/2022\/03\/cropped-cropped-Logo_ckcpr_horizontal.jpg","contentUrl":"https:\/\/ckcpr.fr\/wp-content\/uploads\/2022\/03\/cropped-cropped-Logo_ckcpr_horizontal.jpg","width":468,"height":156,"caption":"Cano\u00eb-Kayak Club de Pont-R\u00e9an"},"image":{"@id":"https:\/\/ckcpr.fr\/#\/schema\/logo\/image\/"}},{"@type":"Person","@id":"https:\/\/ckcpr.fr\/#\/schema\/person\/77a34d7f553bed8df96c24c7cf869442","name":"Sylvain Delanoue","image":{"@type":"ImageObject","inLanguage":"fr-FR","@id":"https:\/\/secure.gravatar.com\/avatar\/6c5b1df0270a361ae25dda674737c67563ad68fec3de6c98fe2d46aa5159e8ce?s=96&d=mm&r=g","url":"https:\/\/secure.gravatar.com\/avatar\/6c5b1df0270a361ae25dda674737c67563ad68fec3de6c98fe2d46aa5159e8ce?s=96&d=mm&r=g","contentUrl":"https:\/\/secure.gravatar.com\/avatar\/6c5b1df0270a361ae25dda674737c67563ad68fec3de6c98fe2d46aa5159e8ce?s=96&d=mm&r=g","caption":"Sylvain Delanoue"},"url":"https:\/\/ckcpr.fr\/index.php\/author\/delanoueorange-fr\/"}]}},"_links":{"self":[{"href":"https:\/\/ckcpr.fr\/index.php\/wp-json\/wp\/v2\/posts\/14522","targetHints":{"allow":["GET"]}}],"collection":[{"href":"https:\/\/ckcpr.fr\/index.php\/wp-json\/wp\/v2\/posts"}],"about":[{"href":"https:\/\/ckcpr.fr\/index.php\/wp-json\/wp\/v2\/types\/post"}],"author":[{"embeddable":true,"href":"https:\/\/ckcpr.fr\/index.php\/wp-json\/wp\/v2\/users\/221"}],"replies":[{"embeddable":true,"href":"https:\/\/ckcpr.fr\/index.php\/wp-json\/wp\/v2\/comments?post=14522"}],"version-history":[{"count":54,"href":"https:\/\/ckcpr.fr\/index.php\/wp-json\/wp\/v2\/posts\/14522\/revisions"}],"predecessor-version":[{"id":14586,"href":"https:\/\/ckcpr.fr\/index.php\/wp-json\/wp\/v2\/posts\/14522\/revisions\/14586"}],"wp:featuredmedia":[{"embeddable":true,"href":"https:\/\/ckcpr.fr\/index.php\/wp-json\/wp\/v2\/media\/14523"}],"wp:attachment":[{"href":"https:\/\/ckcpr.fr\/index.php\/wp-json\/wp\/v2\/media?parent=14522"}],"wp:term":[{"taxonomy":"category","embeddable":true,"href":"https:\/\/ckcpr.fr\/index.php\/wp-json\/wp\/v2\/categories?post=14522"},{"taxonomy":"post_tag","embeddable":true,"href":"https:\/\/ckcpr.fr\/index.php\/wp-json\/wp\/v2\/tags?post=14522"}],"curies":[{"name":"wp","href":"https:\/\/api.w.org\/{rel}","templated":true}]}}