{"id":14593,"date":"2025-04-19T15:22:21","date_gmt":"2025-04-19T13:22:21","guid":{"rendered":"https:\/\/ckcpr.fr\/?p=14593"},"modified":"2025-04-23T18:46:46","modified_gmt":"2025-04-23T16:46:46","slug":"locations-canoe-kayak-pont-rean","status":"publish","type":"post","link":"https:\/\/ckcpr.fr\/index.php\/2025\/04\/19\/locations-canoe-kayak-pont-rean\/","title":{"rendered":"Locations d&#8217;embarcations de mai \u00e0 septembre : nouvelle saison, nouvel accueil !"},"content":{"rendered":"\t\t<div data-elementor-type=\"wp-post\" data-elementor-id=\"14593\" class=\"elementor elementor-14593\">\n\t\t\t\t\t\t<section class=\"elementor-section elementor-top-section elementor-element elementor-element-721c3943 elementor-section-boxed elementor-section-height-default elementor-section-height-default\" data-id=\"721c3943\" data-element_type=\"section\" data-e-type=\"section\">\n\t\t\t\t\t\t<div class=\"elementor-container elementor-column-gap-default\">\n\t\t\t\t\t<div class=\"elementor-column elementor-col-100 elementor-top-column elementor-element elementor-element-b915c0d\" data-id=\"b915c0d\" data-element_type=\"column\" data-e-type=\"column\">\n\t\t\t<div class=\"elementor-widget-wrap elementor-element-populated\">\n\t\t\t\t\t\t<div class=\"elementor-element elementor-element-5920a400 elementor-widget elementor-widget-text-editor\" data-id=\"5920a400\" data-element_type=\"widget\" data-e-type=\"widget\" data-widget_type=\"text-editor.default\">\n\t\t\t\t<div class=\"elementor-widget-container\">\n\t\t\t\t\t\t\t\t\t\n<p>Le Cano\u00eb Kayak Club de Pont-R\u00e9an est ravi de vous annoncer le lancement de sa nouvelle saison estivale. Les nouveaut\u00e9s ? Une offre enrichie et une localisation temporaire exceptionnelle.\u00a0<\/p>\n\t\t\t\t\t\t\t\t<\/div>\n\t\t\t\t<\/div>\n\t\t\t\t\t<\/div>\n\t\t<\/div>\n\t\t\t\t\t<\/div>\n\t\t<\/section>\n\t\t\t\t<section class=\"elementor-section elementor-top-section elementor-element elementor-element-635599a elementor-section-boxed elementor-section-height-default elementor-section-height-default\" data-id=\"635599a\" data-element_type=\"section\" data-e-type=\"section\">\n\t\t\t\t\t\t<div class=\"elementor-container elementor-column-gap-default\">\n\t\t\t\t\t<div class=\"elementor-column elementor-col-50 elementor-top-column elementor-element elementor-element-98b8e40\" data-id=\"98b8e40\" data-element_type=\"column\" data-e-type=\"column\">\n\t\t\t<div class=\"elementor-widget-wrap elementor-element-populated\">\n\t\t\t\t\t\t<div class=\"elementor-element elementor-element-62901db elementor-widget elementor-widget-image\" data-id=\"62901db\" data-element_type=\"widget\" data-e-type=\"widget\" data-widget_type=\"image.default\">\n\t\t\t\t<div class=\"elementor-widget-container\">\n\t\t\t\t\t\t\t\t\t\t\t\t\t\t\t<img fetchpriority=\"high\" decoding=\"async\" width=\"722\" height=\"1024\" src=\"https:\/\/ckcpr.fr\/wp-content\/uploads\/2025\/04\/flyer-2-sites-2025-p1-722x1024.jpg\" class=\"attachment-large size-large wp-image-14622\" alt=\"\" srcset=\"https:\/\/ckcpr.fr\/wp-content\/uploads\/2025\/04\/flyer-2-sites-2025-p1-722x1024.jpg 722w, https:\/\/ckcpr.fr\/wp-content\/uploads\/2025\/04\/flyer-2-sites-2025-p1-211x300.jpg 211w, https:\/\/ckcpr.fr\/wp-content\/uploads\/2025\/04\/flyer-2-sites-2025-p1-768x1090.jpg 768w, https:\/\/ckcpr.fr\/wp-content\/uploads\/2025\/04\/flyer-2-sites-2025-p1-1083x1536.jpg 1083w, https:\/\/ckcpr.fr\/wp-content\/uploads\/2025\/04\/flyer-2-sites-2025-p1-1444x2048.jpg 1444w, https:\/\/ckcpr.fr\/wp-content\/uploads\/2025\/04\/flyer-2-sites-2025-p1-600x851.jpg 600w, https:\/\/ckcpr.fr\/wp-content\/uploads\/2025\/04\/flyer-2-sites-2025-p1.jpg 1748w\" sizes=\"(max-width: 722px) 100vw, 722px\" \/>\t\t\t\t\t\t\t\t\t\t\t\t\t\t\t<\/div>\n\t\t\t\t<\/div>\n\t\t\t\t\t<\/div>\n\t\t<\/div>\n\t\t\t\t<div class=\"elementor-column elementor-col-50 elementor-top-column elementor-element elementor-element-83e9544\" data-id=\"83e9544\" data-element_type=\"column\" data-e-type=\"column\">\n\t\t\t<div class=\"elementor-widget-wrap elementor-element-populated\">\n\t\t\t\t\t\t<div class=\"elementor-element elementor-element-8aea2cd elementor-widget elementor-widget-image\" data-id=\"8aea2cd\" data-element_type=\"widget\" data-e-type=\"widget\" data-widget_type=\"image.default\">\n\t\t\t\t<div class=\"elementor-widget-container\">\n\t\t\t\t\t\t\t\t\t\t\t\t\t\t\t<img decoding=\"async\" width=\"491\" height=\"276\" src=\"https:\/\/ckcpr.fr\/wp-content\/uploads\/2025\/04\/Plan-Vilaine-amont-du-pont-2.jpg\" class=\"attachment-large size-large wp-image-14653\" alt=\"\" srcset=\"https:\/\/ckcpr.fr\/wp-content\/uploads\/2025\/04\/Plan-Vilaine-amont-du-pont-2.jpg 491w, https:\/\/ckcpr.fr\/wp-content\/uploads\/2025\/04\/Plan-Vilaine-amont-du-pont-2-300x169.jpg 300w\" sizes=\"(max-width: 491px) 100vw, 491px\" \/>\t\t\t\t\t\t\t\t\t\t\t\t\t\t\t<\/div>\n\t\t\t\t<\/div>\n\t\t\t\t<div class=\"elementor-element elementor-element-05a7db5 elementor-widget elementor-widget-image\" data-id=\"05a7db5\" data-element_type=\"widget\" data-e-type=\"widget\" data-widget_type=\"image.default\">\n\t\t\t\t<div class=\"elementor-widget-container\">\n\t\t\t\t\t\t\t\t\t\t\t\t<figure class=\"wp-caption\">\n\t\t\t\t\t\t\t\t\t\t<img decoding=\"async\" width=\"1024\" height=\"683\" src=\"https:\/\/ckcpr.fr\/wp-content\/uploads\/2025\/04\/DSC_8065-1024x683.jpg\" class=\"attachment-large size-large wp-image-14623\" alt=\"\" srcset=\"https:\/\/ckcpr.fr\/wp-content\/uploads\/2025\/04\/DSC_8065-1024x683.jpg 1024w, https:\/\/ckcpr.fr\/wp-content\/uploads\/2025\/04\/DSC_8065-300x200.jpg 300w, https:\/\/ckcpr.fr\/wp-content\/uploads\/2025\/04\/DSC_8065-768x512.jpg 768w, https:\/\/ckcpr.fr\/wp-content\/uploads\/2025\/04\/DSC_8065-1536x1024.jpg 1536w, https:\/\/ckcpr.fr\/wp-content\/uploads\/2025\/04\/DSC_8065-2048x1365.jpg 2048w, https:\/\/ckcpr.fr\/wp-content\/uploads\/2025\/04\/DSC_8065-600x400.jpg 600w\" sizes=\"(max-width: 1024px) 100vw, 1024px\" \/>\t\t\t\t\t\t\t\t\t\t\t<figcaption class=\"widget-image-caption wp-caption-text\">Balade d\u00e9couverte au fil de la Vilaine<\/figcaption>\n\t\t\t\t\t\t\t\t\t\t<\/figure>\n\t\t\t\t\t\t\t\t\t<\/div>\n\t\t\t\t<\/div>\n\t\t\t\t\t<\/div>\n\t\t<\/div>\n\t\t\t\t\t<\/div>\n\t\t<\/section>\n\t\t\t\t<section class=\"elementor-section elementor-top-section elementor-element elementor-element-b264b44 elementor-section-boxed elementor-section-height-default elementor-section-height-default\" data-id=\"b264b44\" data-element_type=\"section\" data-e-type=\"section\">\n\t\t\t\t\t\t<div class=\"elementor-container elementor-column-gap-default\">\n\t\t\t\t\t<div class=\"elementor-column elementor-col-100 elementor-top-column elementor-element elementor-element-0c2625a\" data-id=\"0c2625a\" data-element_type=\"column\" data-e-type=\"column\">\n\t\t\t<div class=\"elementor-widget-wrap elementor-element-populated\">\n\t\t\t\t\t\t<div class=\"elementor-element elementor-element-a49f5f0 elementor-widget elementor-widget-text-editor\" data-id=\"a49f5f0\" data-element_type=\"widget\" data-e-type=\"widget\" data-widget_type=\"text-editor.default\">\n\t\t\t\t<div class=\"elementor-widget-container\">\n\t\t\t\t\t\t\t\t\t<p>En raison de travaux sur l\u2019\u00e9cluse du Bo\u00ebl, nos activit\u00e9s seront d\u00e9localis\u00e9es \u00e0 la maison \u00e9clusi\u00e8re de Pont-R\u00e9an. Situ\u00e9e \u00e0 quelques pas du club, en amont de l&rsquo;\u00e9cluse de Pont-R\u00e9an, elle offre un cadre charmant. Ce qui promet une exp\u00e9rience toute aussi agr\u00e9able pour tous les amateurs de balades et de sports nautiques.<\/p>\t\t\t\t\t\t\t\t<\/div>\n\t\t\t\t<\/div>\n\t\t\t\t\t<\/div>\n\t\t<\/div>\n\t\t\t\t\t<\/div>\n\t\t<\/section>\n\t\t\t\t<section class=\"elementor-section elementor-top-section elementor-element elementor-element-37a6d91 elementor-section-boxed elementor-section-height-default elementor-section-height-default\" data-id=\"37a6d91\" data-element_type=\"section\" data-e-type=\"section\">\n\t\t\t\t\t\t<div class=\"elementor-container elementor-column-gap-default\">\n\t\t\t\t\t<div class=\"elementor-column elementor-col-100 elementor-top-column elementor-element elementor-element-4d39abb\" data-id=\"4d39abb\" data-element_type=\"column\" data-e-type=\"column\">\n\t\t\t<div class=\"elementor-widget-wrap elementor-element-populated\">\n\t\t\t\t\t\t<div class=\"elementor-element elementor-element-8ba3cc7 elementor-widget elementor-widget-text-editor\" data-id=\"8ba3cc7\" data-element_type=\"widget\" data-e-type=\"widget\" data-widget_type=\"text-editor.default\">\n\t\t\t\t<div class=\"elementor-widget-container\">\n\t\t\t\t\t\t\t\t\t<h5><strong>Nouveaut\u00e9s 2025 : des formules sp\u00e9ciales<\/strong><\/h5>\n<p>Pour rendre cette saison encore plus m\u00e9morable, nous avons imagin\u00e9 des formules exclusives \u00e0 d\u00e9couvrir sur la page\u00a0<a href=\"https:\/\/ckcpr.fr\/location-a-pont-rean\">Locations saisonni\u00e8res<\/a> \u00e0 Pont-R\u00e9an<\/p>\t\t\t\t\t\t\t\t<\/div>\n\t\t\t\t<\/div>\n\t\t\t\t\t<\/div>\n\t\t<\/div>\n\t\t\t\t\t<\/div>\n\t\t<\/section>\n\t\t\t\t<\/div>\n\t\t","protected":false},"excerpt":{"rendered":"<p>Le Cano\u00eb Kayak Club de Pont-R\u00e9an est ravi de vous annoncer le lancement de sa nouvelle saison estivale. Les nouveaut\u00e9s ? Une offre enrichie et une localisation temporaire exceptionnelle.\u00a0 Balade d\u00e9couverte au fil de la Vilaine En raison de travaux sur l\u2019\u00e9cluse du Bo\u00ebl, nos activit\u00e9s seront d\u00e9localis\u00e9es \u00e0 la maison \u00e9clusi\u00e8re de Pont-R\u00e9an. Situ\u00e9e [&hellip;]<\/p>\n","protected":false},"author":221,"featured_media":14637,"comment_status":"open","ping_status":"closed","sticky":false,"template":"","format":"standard","meta":{"site-sidebar-layout":"default","site-content-layout":"","ast-site-content-layout":"default","site-content-style":"default","site-sidebar-style":"default","ast-global-header-display":"","ast-banner-title-visibility":"","ast-main-header-display":"","ast-hfb-above-header-display":"","ast-hfb-below-header-display":"","ast-hfb-mobile-header-display":"","site-post-title":"","ast-breadcrumbs-content":"","ast-featured-img":"","footer-sml-layout":"","ast-disable-related-posts":"","theme-transparent-header-meta":"","adv-header-id-meta":"","stick-header-meta":"","header-above-stick-meta":"","header-main-stick-meta":"","header-below-stick-meta":"","astra-migrate-meta-layouts":"set","ast-page-background-enabled":"default","ast-page-background-meta":{"desktop":{"background-color":"","background-image":"","background-repeat":"repeat","background-position":"center center","background-size":"auto","background-attachment":"scroll","background-type":"","background-media":"","overlay-type":"","overlay-color":"","overlay-opacity":"","overlay-gradient":""},"tablet":{"background-color":"","background-image":"","background-repeat":"repeat","background-position":"center center","background-size":"auto","background-attachment":"scroll","background-type":"","background-media":"","overlay-type":"","overlay-color":"","overlay-opacity":"","overlay-gradient":""},"mobile":{"background-color":"","background-image":"","background-repeat":"repeat","background-position":"center center","background-size":"auto","background-attachment":"scroll","background-type":"","background-media":"","overlay-type":"","overlay-color":"","overlay-opacity":"","overlay-gradient":""}},"ast-content-background-meta":{"desktop":{"background-color":"var(--ast-global-color-5)","background-image":"","background-repeat":"repeat","background-position":"center center","background-size":"auto","background-attachment":"scroll","background-type":"","background-media":"","overlay-type":"","overlay-color":"","overlay-opacity":"","overlay-gradient":""},"tablet":{"background-color":"var(--ast-global-color-5)","background-image":"","background-repeat":"repeat","background-position":"center center","background-size":"auto","background-attachment":"scroll","background-type":"","background-media":"","overlay-type":"","overlay-color":"","overlay-opacity":"","overlay-gradient":""},"mobile":{"background-color":"var(--ast-global-color-5)","background-image":"","background-repeat":"repeat","background-position":"center center","background-size":"auto","background-attachment":"scroll","background-type":"","background-media":"","overlay-type":"","overlay-color":"","overlay-opacity":"","overlay-gradient":""}},"footnotes":""},"categories":[109,113,103,108,1,101],"tags":[179,126,180,181],"class_list":["post-14593","post","type-post","status-publish","format-standard","has-post-thumbnail","hentry","category-autres","category-locations","category-loisirs-adultes","category-loisirs-jeunes","category-non-classe","category-site-web","tag-balade","tag-canoe-kayak-club-pont-rean","tag-nautique","tag-sur-la-vilaine"],"yoast_head":"<!-- This site is optimized with the Yoast SEO plugin v27.4 - https:\/\/yoast.com\/product\/yoast-seo-wordpress\/ -->\n<title>Locations d&#039;embarcations de mai \u00e0 septembre : nouvelle saison, nouvel accueil ! - Cano\u00eb-Kayak Club de Pont-R\u00e9an<\/title>\n<meta name=\"description\" content=\"Le CKCPR vous accueille \u00e0 la maison \u00e9clusi\u00e8re cet \u00e9t\u00e9 pour des balades m\u00e9morables. Plusieurs formules sont propos\u00e9es pour petits et grands.\" \/>\n<meta name=\"robots\" content=\"index, follow, max-snippet:-1, max-image-preview:large, max-video-preview:-1\" \/>\n<link rel=\"canonical\" href=\"https:\/\/ckcpr.fr\/index.php\/2025\/04\/19\/locations-canoe-kayak-pont-rean\/\" \/>\n<meta property=\"og:locale\" content=\"fr_FR\" \/>\n<meta property=\"og:type\" content=\"article\" \/>\n<meta property=\"og:title\" content=\"Locations d&#039;embarcations de mai \u00e0 septembre : nouvelle saison, nouvel accueil ! - Cano\u00eb-Kayak Club de Pont-R\u00e9an\" \/>\n<meta property=\"og:description\" content=\"Le CKCPR vous accueille \u00e0 la maison \u00e9clusi\u00e8re cet \u00e9t\u00e9 pour des balades m\u00e9morables. Plusieurs formules sont propos\u00e9es pour petits et grands.\" \/>\n<meta property=\"og:url\" content=\"https:\/\/ckcpr.fr\/index.php\/2025\/04\/19\/locations-canoe-kayak-pont-rean\/\" \/>\n<meta property=\"og:site_name\" content=\"Cano\u00eb-Kayak Club de Pont-R\u00e9an\" \/>\n<meta property=\"article:published_time\" content=\"2025-04-19T13:22:21+00:00\" \/>\n<meta property=\"article:modified_time\" content=\"2025-04-23T16:46:46+00:00\" \/>\n<meta property=\"og:image\" content=\"https:\/\/ckcpr.fr\/wp-content\/uploads\/2025\/04\/DSC_9686-scaled.jpg\" \/>\n\t<meta property=\"og:image:width\" content=\"2560\" \/>\n\t<meta property=\"og:image:height\" content=\"1707\" \/>\n\t<meta property=\"og:image:type\" content=\"image\/jpeg\" \/>\n<meta name=\"author\" content=\"Sylvain Delanoue\" \/>\n<meta name=\"twitter:label1\" content=\"\u00c9crit par\" \/>\n\t<meta name=\"twitter:data1\" content=\"Sylvain Delanoue\" \/>\n\t<meta name=\"twitter:label2\" content=\"Dur\u00e9e de lecture estim\u00e9e\" \/>\n\t<meta name=\"twitter:data2\" content=\"2 minutes\" \/>\n<script type=\"application\/ld+json\" class=\"yoast-schema-graph\">{\"@context\":\"https:\\\/\\\/schema.org\",\"@graph\":[{\"@type\":\"Article\",\"@id\":\"https:\\\/\\\/ckcpr.fr\\\/index.php\\\/2025\\\/04\\\/19\\\/locations-canoe-kayak-pont-rean\\\/#article\",\"isPartOf\":{\"@id\":\"https:\\\/\\\/ckcpr.fr\\\/index.php\\\/2025\\\/04\\\/19\\\/locations-canoe-kayak-pont-rean\\\/\"},\"author\":{\"name\":\"Sylvain Delanoue\",\"@id\":\"https:\\\/\\\/ckcpr.fr\\\/#\\\/schema\\\/person\\\/77a34d7f553bed8df96c24c7cf869442\"},\"headline\":\"Locations d&#8217;embarcations de mai \u00e0 septembre : nouvelle saison, nouvel accueil !\",\"datePublished\":\"2025-04-19T13:22:21+00:00\",\"dateModified\":\"2025-04-23T16:46:46+00:00\",\"mainEntityOfPage\":{\"@id\":\"https:\\\/\\\/ckcpr.fr\\\/index.php\\\/2025\\\/04\\\/19\\\/locations-canoe-kayak-pont-rean\\\/\"},\"wordCount\":141,\"commentCount\":0,\"publisher\":{\"@id\":\"https:\\\/\\\/ckcpr.fr\\\/#organization\"},\"image\":{\"@id\":\"https:\\\/\\\/ckcpr.fr\\\/index.php\\\/2025\\\/04\\\/19\\\/locations-canoe-kayak-pont-rean\\\/#primaryimage\"},\"thumbnailUrl\":\"https:\\\/\\\/ckcpr.fr\\\/wp-content\\\/uploads\\\/2025\\\/04\\\/DSC_9686-scaled.jpg\",\"keywords\":[\"balade\",\"Cano\u00eb Kayak Club Pont R\u00e9an\",\"nautique\",\"sur la Vilaine\"],\"articleSection\":{\"0\":\"Autres\",\"1\":\"Locations\",\"2\":\"Loisirs adultes\",\"3\":\"Loisirs jeunes\",\"5\":\"Site web\"},\"inLanguage\":\"fr-FR\",\"potentialAction\":[{\"@type\":\"CommentAction\",\"name\":\"Comment\",\"target\":[\"https:\\\/\\\/ckcpr.fr\\\/index.php\\\/2025\\\/04\\\/19\\\/locations-canoe-kayak-pont-rean\\\/#respond\"]}]},{\"@type\":\"WebPage\",\"@id\":\"https:\\\/\\\/ckcpr.fr\\\/index.php\\\/2025\\\/04\\\/19\\\/locations-canoe-kayak-pont-rean\\\/\",\"url\":\"https:\\\/\\\/ckcpr.fr\\\/index.php\\\/2025\\\/04\\\/19\\\/locations-canoe-kayak-pont-rean\\\/\",\"name\":\"Locations d'embarcations de mai \u00e0 septembre : nouvelle saison, nouvel accueil ! - Cano\u00eb-Kayak Club de Pont-R\u00e9an\",\"isPartOf\":{\"@id\":\"https:\\\/\\\/ckcpr.fr\\\/#website\"},\"primaryImageOfPage\":{\"@id\":\"https:\\\/\\\/ckcpr.fr\\\/index.php\\\/2025\\\/04\\\/19\\\/locations-canoe-kayak-pont-rean\\\/#primaryimage\"},\"image\":{\"@id\":\"https:\\\/\\\/ckcpr.fr\\\/index.php\\\/2025\\\/04\\\/19\\\/locations-canoe-kayak-pont-rean\\\/#primaryimage\"},\"thumbnailUrl\":\"https:\\\/\\\/ckcpr.fr\\\/wp-content\\\/uploads\\\/2025\\\/04\\\/DSC_9686-scaled.jpg\",\"datePublished\":\"2025-04-19T13:22:21+00:00\",\"dateModified\":\"2025-04-23T16:46:46+00:00\",\"description\":\"Le CKCPR vous accueille \u00e0 la maison \u00e9clusi\u00e8re cet \u00e9t\u00e9 pour des balades m\u00e9morables. Plusieurs formules sont propos\u00e9es pour petits et grands.\",\"breadcrumb\":{\"@id\":\"https:\\\/\\\/ckcpr.fr\\\/index.php\\\/2025\\\/04\\\/19\\\/locations-canoe-kayak-pont-rean\\\/#breadcrumb\"},\"inLanguage\":\"fr-FR\",\"potentialAction\":[{\"@type\":\"ReadAction\",\"target\":[\"https:\\\/\\\/ckcpr.fr\\\/index.php\\\/2025\\\/04\\\/19\\\/locations-canoe-kayak-pont-rean\\\/\"]}]},{\"@type\":\"ImageObject\",\"inLanguage\":\"fr-FR\",\"@id\":\"https:\\\/\\\/ckcpr.fr\\\/index.php\\\/2025\\\/04\\\/19\\\/locations-canoe-kayak-pont-rean\\\/#primaryimage\",\"url\":\"https:\\\/\\\/ckcpr.fr\\\/wp-content\\\/uploads\\\/2025\\\/04\\\/DSC_9686-scaled.jpg\",\"contentUrl\":\"https:\\\/\\\/ckcpr.fr\\\/wp-content\\\/uploads\\\/2025\\\/04\\\/DSC_9686-scaled.jpg\",\"width\":2560,\"height\":1707},{\"@type\":\"BreadcrumbList\",\"@id\":\"https:\\\/\\\/ckcpr.fr\\\/index.php\\\/2025\\\/04\\\/19\\\/locations-canoe-kayak-pont-rean\\\/#breadcrumb\",\"itemListElement\":[{\"@type\":\"ListItem\",\"position\":1,\"name\":\"Accueil\",\"item\":\"https:\\\/\\\/ckcpr.fr\\\/\"},{\"@type\":\"ListItem\",\"position\":2,\"name\":\"Locations d&#8217;embarcations de mai \u00e0 septembre : nouvelle saison, nouvel accueil !\"}]},{\"@type\":\"WebSite\",\"@id\":\"https:\\\/\\\/ckcpr.fr\\\/#website\",\"url\":\"https:\\\/\\\/ckcpr.fr\\\/\",\"name\":\"Cano\u00eb-Kayak Club de Pont-R\u00e9an\",\"description\":\"\",\"publisher\":{\"@id\":\"https:\\\/\\\/ckcpr.fr\\\/#organization\"},\"potentialAction\":[{\"@type\":\"SearchAction\",\"target\":{\"@type\":\"EntryPoint\",\"urlTemplate\":\"https:\\\/\\\/ckcpr.fr\\\/?s={search_term_string}\"},\"query-input\":{\"@type\":\"PropertyValueSpecification\",\"valueRequired\":true,\"valueName\":\"search_term_string\"}}],\"inLanguage\":\"fr-FR\"},{\"@type\":\"Organization\",\"@id\":\"https:\\\/\\\/ckcpr.fr\\\/#organization\",\"name\":\"Cano\u00eb-Kayak Club de Pont-R\u00e9an\",\"url\":\"https:\\\/\\\/ckcpr.fr\\\/\",\"logo\":{\"@type\":\"ImageObject\",\"inLanguage\":\"fr-FR\",\"@id\":\"https:\\\/\\\/ckcpr.fr\\\/#\\\/schema\\\/logo\\\/image\\\/\",\"url\":\"https:\\\/\\\/ckcpr.fr\\\/wp-content\\\/uploads\\\/2022\\\/03\\\/cropped-cropped-Logo_ckcpr_horizontal.jpg\",\"contentUrl\":\"https:\\\/\\\/ckcpr.fr\\\/wp-content\\\/uploads\\\/2022\\\/03\\\/cropped-cropped-Logo_ckcpr_horizontal.jpg\",\"width\":468,\"height\":156,\"caption\":\"Cano\u00eb-Kayak Club de Pont-R\u00e9an\"},\"image\":{\"@id\":\"https:\\\/\\\/ckcpr.fr\\\/#\\\/schema\\\/logo\\\/image\\\/\"}},{\"@type\":\"Person\",\"@id\":\"https:\\\/\\\/ckcpr.fr\\\/#\\\/schema\\\/person\\\/77a34d7f553bed8df96c24c7cf869442\",\"name\":\"Sylvain Delanoue\",\"image\":{\"@type\":\"ImageObject\",\"inLanguage\":\"fr-FR\",\"@id\":\"https:\\\/\\\/secure.gravatar.com\\\/avatar\\\/6c5b1df0270a361ae25dda674737c67563ad68fec3de6c98fe2d46aa5159e8ce?s=96&d=mm&r=g\",\"url\":\"https:\\\/\\\/secure.gravatar.com\\\/avatar\\\/6c5b1df0270a361ae25dda674737c67563ad68fec3de6c98fe2d46aa5159e8ce?s=96&d=mm&r=g\",\"contentUrl\":\"https:\\\/\\\/secure.gravatar.com\\\/avatar\\\/6c5b1df0270a361ae25dda674737c67563ad68fec3de6c98fe2d46aa5159e8ce?s=96&d=mm&r=g\",\"caption\":\"Sylvain Delanoue\"},\"url\":\"https:\\\/\\\/ckcpr.fr\\\/index.php\\\/author\\\/delanoueorange-fr\\\/\"}]}<\/script>\n<!-- \/ Yoast SEO plugin. -->","yoast_head_json":{"title":"Locations d'embarcations de mai \u00e0 septembre : nouvelle saison, nouvel accueil ! - Cano\u00eb-Kayak Club de Pont-R\u00e9an","description":"Le CKCPR vous accueille \u00e0 la maison \u00e9clusi\u00e8re cet \u00e9t\u00e9 pour des balades m\u00e9morables. Plusieurs formules sont propos\u00e9es pour petits et grands.","robots":{"index":"index","follow":"follow","max-snippet":"max-snippet:-1","max-image-preview":"max-image-preview:large","max-video-preview":"max-video-preview:-1"},"canonical":"https:\/\/ckcpr.fr\/index.php\/2025\/04\/19\/locations-canoe-kayak-pont-rean\/","og_locale":"fr_FR","og_type":"article","og_title":"Locations d'embarcations de mai \u00e0 septembre : nouvelle saison, nouvel accueil ! - Cano\u00eb-Kayak Club de Pont-R\u00e9an","og_description":"Le CKCPR vous accueille \u00e0 la maison \u00e9clusi\u00e8re cet \u00e9t\u00e9 pour des balades m\u00e9morables. Plusieurs formules sont propos\u00e9es pour petits et grands.","og_url":"https:\/\/ckcpr.fr\/index.php\/2025\/04\/19\/locations-canoe-kayak-pont-rean\/","og_site_name":"Cano\u00eb-Kayak Club de Pont-R\u00e9an","article_published_time":"2025-04-19T13:22:21+00:00","article_modified_time":"2025-04-23T16:46:46+00:00","og_image":[{"width":2560,"height":1707,"url":"https:\/\/ckcpr.fr\/wp-content\/uploads\/2025\/04\/DSC_9686-scaled.jpg","type":"image\/jpeg"}],"author":"Sylvain Delanoue","twitter_misc":{"\u00c9crit par":"Sylvain Delanoue","Dur\u00e9e de lecture estim\u00e9e":"2 minutes"},"schema":{"@context":"https:\/\/schema.org","@graph":[{"@type":"Article","@id":"https:\/\/ckcpr.fr\/index.php\/2025\/04\/19\/locations-canoe-kayak-pont-rean\/#article","isPartOf":{"@id":"https:\/\/ckcpr.fr\/index.php\/2025\/04\/19\/locations-canoe-kayak-pont-rean\/"},"author":{"name":"Sylvain Delanoue","@id":"https:\/\/ckcpr.fr\/#\/schema\/person\/77a34d7f553bed8df96c24c7cf869442"},"headline":"Locations d&#8217;embarcations de mai \u00e0 septembre : nouvelle saison, nouvel accueil !","datePublished":"2025-04-19T13:22:21+00:00","dateModified":"2025-04-23T16:46:46+00:00","mainEntityOfPage":{"@id":"https:\/\/ckcpr.fr\/index.php\/2025\/04\/19\/locations-canoe-kayak-pont-rean\/"},"wordCount":141,"commentCount":0,"publisher":{"@id":"https:\/\/ckcpr.fr\/#organization"},"image":{"@id":"https:\/\/ckcpr.fr\/index.php\/2025\/04\/19\/locations-canoe-kayak-pont-rean\/#primaryimage"},"thumbnailUrl":"https:\/\/ckcpr.fr\/wp-content\/uploads\/2025\/04\/DSC_9686-scaled.jpg","keywords":["balade","Cano\u00eb Kayak Club Pont R\u00e9an","nautique","sur la Vilaine"],"articleSection":{"0":"Autres","1":"Locations","2":"Loisirs adultes","3":"Loisirs jeunes","5":"Site web"},"inLanguage":"fr-FR","potentialAction":[{"@type":"CommentAction","name":"Comment","target":["https:\/\/ckcpr.fr\/index.php\/2025\/04\/19\/locations-canoe-kayak-pont-rean\/#respond"]}]},{"@type":"WebPage","@id":"https:\/\/ckcpr.fr\/index.php\/2025\/04\/19\/locations-canoe-kayak-pont-rean\/","url":"https:\/\/ckcpr.fr\/index.php\/2025\/04\/19\/locations-canoe-kayak-pont-rean\/","name":"Locations d'embarcations de mai \u00e0 septembre : nouvelle saison, nouvel accueil ! - Cano\u00eb-Kayak Club de Pont-R\u00e9an","isPartOf":{"@id":"https:\/\/ckcpr.fr\/#website"},"primaryImageOfPage":{"@id":"https:\/\/ckcpr.fr\/index.php\/2025\/04\/19\/locations-canoe-kayak-pont-rean\/#primaryimage"},"image":{"@id":"https:\/\/ckcpr.fr\/index.php\/2025\/04\/19\/locations-canoe-kayak-pont-rean\/#primaryimage"},"thumbnailUrl":"https:\/\/ckcpr.fr\/wp-content\/uploads\/2025\/04\/DSC_9686-scaled.jpg","datePublished":"2025-04-19T13:22:21+00:00","dateModified":"2025-04-23T16:46:46+00:00","description":"Le CKCPR vous accueille \u00e0 la maison \u00e9clusi\u00e8re cet \u00e9t\u00e9 pour des balades m\u00e9morables. Plusieurs formules sont propos\u00e9es pour petits et grands.","breadcrumb":{"@id":"https:\/\/ckcpr.fr\/index.php\/2025\/04\/19\/locations-canoe-kayak-pont-rean\/#breadcrumb"},"inLanguage":"fr-FR","potentialAction":[{"@type":"ReadAction","target":["https:\/\/ckcpr.fr\/index.php\/2025\/04\/19\/locations-canoe-kayak-pont-rean\/"]}]},{"@type":"ImageObject","inLanguage":"fr-FR","@id":"https:\/\/ckcpr.fr\/index.php\/2025\/04\/19\/locations-canoe-kayak-pont-rean\/#primaryimage","url":"https:\/\/ckcpr.fr\/wp-content\/uploads\/2025\/04\/DSC_9686-scaled.jpg","contentUrl":"https:\/\/ckcpr.fr\/wp-content\/uploads\/2025\/04\/DSC_9686-scaled.jpg","width":2560,"height":1707},{"@type":"BreadcrumbList","@id":"https:\/\/ckcpr.fr\/index.php\/2025\/04\/19\/locations-canoe-kayak-pont-rean\/#breadcrumb","itemListElement":[{"@type":"ListItem","position":1,"name":"Accueil","item":"https:\/\/ckcpr.fr\/"},{"@type":"ListItem","position":2,"name":"Locations d&#8217;embarcations de mai \u00e0 septembre : nouvelle saison, nouvel accueil !"}]},{"@type":"WebSite","@id":"https:\/\/ckcpr.fr\/#website","url":"https:\/\/ckcpr.fr\/","name":"Cano\u00eb-Kayak Club de Pont-R\u00e9an","description":"","publisher":{"@id":"https:\/\/ckcpr.fr\/#organization"},"potentialAction":[{"@type":"SearchAction","target":{"@type":"EntryPoint","urlTemplate":"https:\/\/ckcpr.fr\/?s={search_term_string}"},"query-input":{"@type":"PropertyValueSpecification","valueRequired":true,"valueName":"search_term_string"}}],"inLanguage":"fr-FR"},{"@type":"Organization","@id":"https:\/\/ckcpr.fr\/#organization","name":"Cano\u00eb-Kayak Club de Pont-R\u00e9an","url":"https:\/\/ckcpr.fr\/","logo":{"@type":"ImageObject","inLanguage":"fr-FR","@id":"https:\/\/ckcpr.fr\/#\/schema\/logo\/image\/","url":"https:\/\/ckcpr.fr\/wp-content\/uploads\/2022\/03\/cropped-cropped-Logo_ckcpr_horizontal.jpg","contentUrl":"https:\/\/ckcpr.fr\/wp-content\/uploads\/2022\/03\/cropped-cropped-Logo_ckcpr_horizontal.jpg","width":468,"height":156,"caption":"Cano\u00eb-Kayak Club de Pont-R\u00e9an"},"image":{"@id":"https:\/\/ckcpr.fr\/#\/schema\/logo\/image\/"}},{"@type":"Person","@id":"https:\/\/ckcpr.fr\/#\/schema\/person\/77a34d7f553bed8df96c24c7cf869442","name":"Sylvain Delanoue","image":{"@type":"ImageObject","inLanguage":"fr-FR","@id":"https:\/\/secure.gravatar.com\/avatar\/6c5b1df0270a361ae25dda674737c67563ad68fec3de6c98fe2d46aa5159e8ce?s=96&d=mm&r=g","url":"https:\/\/secure.gravatar.com\/avatar\/6c5b1df0270a361ae25dda674737c67563ad68fec3de6c98fe2d46aa5159e8ce?s=96&d=mm&r=g","contentUrl":"https:\/\/secure.gravatar.com\/avatar\/6c5b1df0270a361ae25dda674737c67563ad68fec3de6c98fe2d46aa5159e8ce?s=96&d=mm&r=g","caption":"Sylvain Delanoue"},"url":"https:\/\/ckcpr.fr\/index.php\/author\/delanoueorange-fr\/"}]}},"_links":{"self":[{"href":"https:\/\/ckcpr.fr\/index.php\/wp-json\/wp\/v2\/posts\/14593","targetHints":{"allow":["GET"]}}],"collection":[{"href":"https:\/\/ckcpr.fr\/index.php\/wp-json\/wp\/v2\/posts"}],"about":[{"href":"https:\/\/ckcpr.fr\/index.php\/wp-json\/wp\/v2\/types\/post"}],"author":[{"embeddable":true,"href":"https:\/\/ckcpr.fr\/index.php\/wp-json\/wp\/v2\/users\/221"}],"replies":[{"embeddable":true,"href":"https:\/\/ckcpr.fr\/index.php\/wp-json\/wp\/v2\/comments?post=14593"}],"version-history":[{"count":41,"href":"https:\/\/ckcpr.fr\/index.php\/wp-json\/wp\/v2\/posts\/14593\/revisions"}],"predecessor-version":[{"id":14991,"href":"https:\/\/ckcpr.fr\/index.php\/wp-json\/wp\/v2\/posts\/14593\/revisions\/14991"}],"wp:featuredmedia":[{"embeddable":true,"href":"https:\/\/ckcpr.fr\/index.php\/wp-json\/wp\/v2\/media\/14637"}],"wp:attachment":[{"href":"https:\/\/ckcpr.fr\/index.php\/wp-json\/wp\/v2\/media?parent=14593"}],"wp:term":[{"taxonomy":"category","embeddable":true,"href":"https:\/\/ckcpr.fr\/index.php\/wp-json\/wp\/v2\/categories?post=14593"},{"taxonomy":"post_tag","embeddable":true,"href":"https:\/\/ckcpr.fr\/index.php\/wp-json\/wp\/v2\/tags?post=14593"}],"curies":[{"name":"wp","href":"https:\/\/api.w.org\/{rel}","templated":true}]}}