{"id":1550,"date":"2017-06-29T11:02:29","date_gmt":"2017-06-29T11:02:29","guid":{"rendered":"https:\/\/ckcpr.fr\/index.php\/2017\/06\/29\/fin-de-championnat-regional-kayak-polo\/"},"modified":"2017-06-29T11:02:29","modified_gmt":"2017-06-29T11:02:29","slug":"fin-de-championnat-regional-kayak-polo","status":"publish","type":"post","link":"https:\/\/ckcpr.fr\/index.php\/2017\/06\/29\/fin-de-championnat-regional-kayak-polo\/","title":{"rendered":"Fin de championnat r\u00e9gional kayak polo"},"content":{"rendered":"<p>Fin du championnat R\u00e9gional Bretagne open 2017 <a href=\\\"https:\/\/ckcpr.fr\/fin-de-championnat-regional-kayak-polo\/19477922_249967825488326_627530596_n\/\\\" rel=\\\"attachment wp-att-1592\\\"><img class=\\\"aligncenter size-medium wp-image-1592\\\" src=\\\"https:\/\/ckcpr.fr\/wordpress\/wp-content\/uploads\/2017\/06\/19477922_249967825488326_627530596_n-300x169.jpg\\\" alt=\\\"\\\" width=\\\"300\\\" height=\\\"169\\\" \/><\/a>\u00e0 Acign\u00e9.<br \/>\n2 matchs gagn\u00e9s (3\/1 et 4\/0), un perdu 2\/0 et un nul 2\/2. Une journ\u00e9e que nous avons jou\u00e9e avec un niveau moyen mais nous acc\u00e9dons tout de m\u00eame \u00e0 la 5\u00e8me place \u00e0 un point (goal average en notre d\u00e9faveur) de la 4\u00e8me place car nous sommes ex aequo. Heureusement nous avons bien progress\u00e9 depuis l\u2019an dernier et gr\u00e2ce \u00e0 de jolis matchs, o\u00f9 nous avons r\u00e9ussi \u00e0 mettre en place nos tactiques nous pourrons peut-\u00eatre monter en \u00e9lite r\u00e9gionale ! Bravo \u00e0 Vern \/ Seiche III , \u00e0 Acign\u00e9 IV , \u00e0 Saint Domineuc II et \u00e0 Acign\u00e9 V 4\u00e8me .<br \/>\nL\u2019an prochain pont-R\u00e9an aura deux \u00e9quipes, une \u00e9quipe 2, avec plut\u00f4t des jeunes et des \u00ab d\u00e9butants \u00bb polo, qui \u00e9voluera en open et une \u00e9quipe1 avec des plus exp\u00e9riment\u00e9s, qui joueront, en fonction des descentes et mont\u00e9es des N4 et r\u00e9gionale \u00e9lite, en r\u00e9gionale open ou r\u00e9gionale \u00e9lite.<br \/>\nIl va nous falloir gagner en technique et intensit\u00e9 de jeux et pour certains assurer l\u2019esquimautage car en \u00e9lite r\u00e9gionale il faut esquimauter !<br \/>\nFin ao\u00fbt 3 d\\&rsquo;entre eux se forment \u00e0 l\\&rsquo;arbitrage. Le polo, \u00e7a nous gagne!<br \/>\nBravo \u00e0 tous les joueurs : Katell, Yuna, Fanch, Vincent, Marin, Antonin, Antoine, Gr\u00e9goire, Florian, Yoann et Bubu. Merci aussi aux parents et amis qui nous ont suivi et soutenu.<br \/>\n@ l\u2019ann\u00e9e prochaine \u2026<\/p>\n<p><a href=\\\"https:\/\/ckcpr.fr\/fin-de-championnat-regional-kayak-polo\/classement-final\/\\\" rel=\\\"attachment wp-att-1593\\\">Classement final<\/a><\/p>\n<p><a href=\\\"https:\/\/ckcpr.fr\/fin-de-championnat-regional-kayak-polo\/19477922_249967825488326_627530596_n\/\\\" rel=\\\"attachment wp-att-1592\\\"><img class=\\\"aligncenter size-medium wp-image-1592\\\" src=\\\"https:\/\/ckcpr.fr\/wordpress\/wp-content\/uploads\/2017\/06\/19477922_249967825488326_627530596_n-300x169.jpg\\\" alt=\\\"\\\" width=\\\"300\\\" height=\\\"169\\\" \/><\/a><\/p>\n","protected":false},"excerpt":{"rendered":"<p>Fin du championnat R\u00e9gional Bretagne open 2017 \u00e0 Acign\u00e9. 2 matchs gagn\u00e9s (3\/1 et 4\/0), un perdu 2\/0 et un nul 2\/2. Une journ\u00e9e que nous avons jou\u00e9e avec un niveau moyen mais nous acc\u00e9dons tout de m\u00eame \u00e0 la 5\u00e8me place \u00e0 un point (goal average en notre d\u00e9faveur) de la 4\u00e8me place car [&hellip;]<\/p>\n","protected":false},"author":14,"featured_media":1023,"comment_status":"closed","ping_status":"open","sticky":false,"template":"","format":"standard","meta":{"site-sidebar-layout":"default","site-content-layout":"","ast-site-content-layout":"default","site-content-style":"default","site-sidebar-style":"default","ast-global-header-display":"","ast-banner-title-visibility":"","ast-main-header-display":"","ast-hfb-above-header-display":"","ast-hfb-below-header-display":"","ast-hfb-mobile-header-display":"","site-post-title":"","ast-breadcrumbs-content":"","ast-featured-img":"","footer-sml-layout":"","ast-disable-related-posts":"","theme-transparent-header-meta":"","adv-header-id-meta":"","stick-header-meta":"","header-above-stick-meta":"","header-main-stick-meta":"","header-below-stick-meta":"","astra-migrate-meta-layouts":"default","ast-page-background-enabled":"default","ast-page-background-meta":{"desktop":{"background-color":"","background-image":"","background-repeat":"repeat","background-position":"center center","background-size":"auto","background-attachment":"scroll","background-type":"","background-media":"","overlay-type":"","overlay-color":"","overlay-opacity":"","overlay-gradient":""},"tablet":{"background-color":"","background-image":"","background-repeat":"repeat","background-position":"center center","background-size":"auto","background-attachment":"scroll","background-type":"","background-media":"","overlay-type":"","overlay-color":"","overlay-opacity":"","overlay-gradient":""},"mobile":{"background-color":"","background-image":"","background-repeat":"repeat","background-position":"center center","background-size":"auto","background-attachment":"scroll","background-type":"","background-media":"","overlay-type":"","overlay-color":"","overlay-opacity":"","overlay-gradient":""}},"ast-content-background-meta":{"desktop":{"background-color":"var(--ast-global-color-5)","background-image":"","background-repeat":"repeat","background-position":"center center","background-size":"auto","background-attachment":"scroll","background-type":"","background-media":"","overlay-type":"","overlay-color":"","overlay-opacity":"","overlay-gradient":""},"tablet":{"background-color":"var(--ast-global-color-5)","background-image":"","background-repeat":"repeat","background-position":"center center","background-size":"auto","background-attachment":"scroll","background-type":"","background-media":"","overlay-type":"","overlay-color":"","overlay-opacity":"","overlay-gradient":""},"mobile":{"background-color":"var(--ast-global-color-5)","background-image":"","background-repeat":"repeat","background-position":"center center","background-size":"auto","background-attachment":"scroll","background-type":"","background-media":"","overlay-type":"","overlay-color":"","overlay-opacity":"","overlay-gradient":""}},"footnotes":""},"categories":[109],"tags":[],"class_list":["post-1550","post","type-post","status-publish","format-standard","has-post-thumbnail","hentry","category-autres"],"yoast_head":"<!-- This site is optimized with the Yoast SEO plugin v27.5 - https:\/\/yoast.com\/product\/yoast-seo-wordpress\/ -->\n<title>Fin de championnat r\u00e9gional kayak polo - Cano\u00eb-Kayak Club de Pont-R\u00e9an<\/title>\n<meta name=\"robots\" content=\"index, follow, max-snippet:-1, max-image-preview:large, max-video-preview:-1\" \/>\n<link rel=\"canonical\" href=\"https:\/\/ckcpr.fr\/index.php\/2017\/06\/29\/fin-de-championnat-regional-kayak-polo\/\" \/>\n<meta property=\"og:locale\" content=\"fr_FR\" \/>\n<meta property=\"og:type\" content=\"article\" \/>\n<meta property=\"og:title\" content=\"Fin de championnat r\u00e9gional kayak polo - Cano\u00eb-Kayak Club de Pont-R\u00e9an\" \/>\n<meta property=\"og:description\" content=\"Fin du championnat R\u00e9gional Bretagne open 2017 \u00e0 Acign\u00e9. 2 matchs gagn\u00e9s (3\/1 et 4\/0), un perdu 2\/0 et un nul 2\/2. Une journ\u00e9e que nous avons jou\u00e9e avec un niveau moyen mais nous acc\u00e9dons tout de m\u00eame \u00e0 la 5\u00e8me place \u00e0 un point (goal average en notre d\u00e9faveur) de la 4\u00e8me place car [&hellip;]\" \/>\n<meta property=\"og:url\" content=\"https:\/\/ckcpr.fr\/index.php\/2017\/06\/29\/fin-de-championnat-regional-kayak-polo\/\" \/>\n<meta property=\"og:site_name\" content=\"Cano\u00eb-Kayak Club de Pont-R\u00e9an\" \/>\n<meta property=\"article:published_time\" content=\"2017-06-29T11:02:29+00:00\" \/>\n<meta name=\"author\" content=\"Bubu\" \/>\n<meta name=\"twitter:label1\" content=\"\u00c9crit par\" \/>\n\t<meta name=\"twitter:data1\" content=\"Bubu\" \/>\n\t<meta name=\"twitter:label2\" content=\"Dur\u00e9e de lecture estim\u00e9e\" \/>\n\t<meta name=\"twitter:data2\" content=\"1 minute\" \/>\n<script type=\"application\/ld+json\" class=\"yoast-schema-graph\">{\"@context\":\"https:\\\/\\\/schema.org\",\"@graph\":[{\"@type\":\"Article\",\"@id\":\"https:\\\/\\\/ckcpr.fr\\\/index.php\\\/2017\\\/06\\\/29\\\/fin-de-championnat-regional-kayak-polo\\\/#article\",\"isPartOf\":{\"@id\":\"https:\\\/\\\/ckcpr.fr\\\/index.php\\\/2017\\\/06\\\/29\\\/fin-de-championnat-regional-kayak-polo\\\/\"},\"author\":{\"name\":\"Bubu\",\"@id\":\"https:\\\/\\\/ckcpr.fr\\\/#\\\/schema\\\/person\\\/bb83b4f4ecb046538577160b8771e990\"},\"headline\":\"Fin de championnat r\u00e9gional kayak polo\",\"datePublished\":\"2017-06-29T11:02:29+00:00\",\"mainEntityOfPage\":{\"@id\":\"https:\\\/\\\/ckcpr.fr\\\/index.php\\\/2017\\\/06\\\/29\\\/fin-de-championnat-regional-kayak-polo\\\/\"},\"wordCount\":242,\"publisher\":{\"@id\":\"https:\\\/\\\/ckcpr.fr\\\/#organization\"},\"image\":{\"@id\":\"https:\\\/\\\/ckcpr.fr\\\/index.php\\\/2017\\\/06\\\/29\\\/fin-de-championnat-regional-kayak-polo\\\/#primaryimage\"},\"thumbnailUrl\":\"\",\"articleSection\":[\"Autres\"],\"inLanguage\":\"fr-FR\"},{\"@type\":\"WebPage\",\"@id\":\"https:\\\/\\\/ckcpr.fr\\\/index.php\\\/2017\\\/06\\\/29\\\/fin-de-championnat-regional-kayak-polo\\\/\",\"url\":\"https:\\\/\\\/ckcpr.fr\\\/index.php\\\/2017\\\/06\\\/29\\\/fin-de-championnat-regional-kayak-polo\\\/\",\"name\":\"Fin de championnat r\u00e9gional kayak polo - Cano\u00eb-Kayak Club de Pont-R\u00e9an\",\"isPartOf\":{\"@id\":\"https:\\\/\\\/ckcpr.fr\\\/#website\"},\"primaryImageOfPage\":{\"@id\":\"https:\\\/\\\/ckcpr.fr\\\/index.php\\\/2017\\\/06\\\/29\\\/fin-de-championnat-regional-kayak-polo\\\/#primaryimage\"},\"image\":{\"@id\":\"https:\\\/\\\/ckcpr.fr\\\/index.php\\\/2017\\\/06\\\/29\\\/fin-de-championnat-regional-kayak-polo\\\/#primaryimage\"},\"thumbnailUrl\":\"\",\"datePublished\":\"2017-06-29T11:02:29+00:00\",\"breadcrumb\":{\"@id\":\"https:\\\/\\\/ckcpr.fr\\\/index.php\\\/2017\\\/06\\\/29\\\/fin-de-championnat-regional-kayak-polo\\\/#breadcrumb\"},\"inLanguage\":\"fr-FR\",\"potentialAction\":[{\"@type\":\"ReadAction\",\"target\":[\"https:\\\/\\\/ckcpr.fr\\\/index.php\\\/2017\\\/06\\\/29\\\/fin-de-championnat-regional-kayak-polo\\\/\"]}]},{\"@type\":\"ImageObject\",\"inLanguage\":\"fr-FR\",\"@id\":\"https:\\\/\\\/ckcpr.fr\\\/index.php\\\/2017\\\/06\\\/29\\\/fin-de-championnat-regional-kayak-polo\\\/#primaryimage\",\"url\":\"\",\"contentUrl\":\"\"},{\"@type\":\"BreadcrumbList\",\"@id\":\"https:\\\/\\\/ckcpr.fr\\\/index.php\\\/2017\\\/06\\\/29\\\/fin-de-championnat-regional-kayak-polo\\\/#breadcrumb\",\"itemListElement\":[{\"@type\":\"ListItem\",\"position\":1,\"name\":\"Accueil\",\"item\":\"https:\\\/\\\/ckcpr.fr\\\/\"},{\"@type\":\"ListItem\",\"position\":2,\"name\":\"Fin de championnat r\u00e9gional kayak polo\"}]},{\"@type\":\"WebSite\",\"@id\":\"https:\\\/\\\/ckcpr.fr\\\/#website\",\"url\":\"https:\\\/\\\/ckcpr.fr\\\/\",\"name\":\"Cano\u00eb-Kayak Club de Pont-R\u00e9an\",\"description\":\"\",\"publisher\":{\"@id\":\"https:\\\/\\\/ckcpr.fr\\\/#organization\"},\"potentialAction\":[{\"@type\":\"SearchAction\",\"target\":{\"@type\":\"EntryPoint\",\"urlTemplate\":\"https:\\\/\\\/ckcpr.fr\\\/?s={search_term_string}\"},\"query-input\":{\"@type\":\"PropertyValueSpecification\",\"valueRequired\":true,\"valueName\":\"search_term_string\"}}],\"inLanguage\":\"fr-FR\"},{\"@type\":\"Organization\",\"@id\":\"https:\\\/\\\/ckcpr.fr\\\/#organization\",\"name\":\"Cano\u00eb-Kayak Club de Pont-R\u00e9an\",\"url\":\"https:\\\/\\\/ckcpr.fr\\\/\",\"logo\":{\"@type\":\"ImageObject\",\"inLanguage\":\"fr-FR\",\"@id\":\"https:\\\/\\\/ckcpr.fr\\\/#\\\/schema\\\/logo\\\/image\\\/\",\"url\":\"https:\\\/\\\/ckcpr.fr\\\/wp-content\\\/uploads\\\/2022\\\/03\\\/cropped-cropped-Logo_ckcpr_horizontal.jpg\",\"contentUrl\":\"https:\\\/\\\/ckcpr.fr\\\/wp-content\\\/uploads\\\/2022\\\/03\\\/cropped-cropped-Logo_ckcpr_horizontal.jpg\",\"width\":468,\"height\":156,\"caption\":\"Cano\u00eb-Kayak Club de Pont-R\u00e9an\"},\"image\":{\"@id\":\"https:\\\/\\\/ckcpr.fr\\\/#\\\/schema\\\/logo\\\/image\\\/\"}},{\"@type\":\"Person\",\"@id\":\"https:\\\/\\\/ckcpr.fr\\\/#\\\/schema\\\/person\\\/bb83b4f4ecb046538577160b8771e990\",\"name\":\"Bubu\",\"image\":{\"@type\":\"ImageObject\",\"inLanguage\":\"fr-FR\",\"@id\":\"https:\\\/\\\/secure.gravatar.com\\\/avatar\\\/?s=96&d=mm&r=g\",\"url\":\"https:\\\/\\\/secure.gravatar.com\\\/avatar\\\/?s=96&d=mm&r=g\",\"contentUrl\":\"https:\\\/\\\/secure.gravatar.com\\\/avatar\\\/?s=96&d=mm&r=g\",\"caption\":\"Bubu\"},\"url\":\"https:\\\/\\\/ckcpr.fr\\\/index.php\\\/author\\\/bubu\\\/\"}]}<\/script>\n<!-- \/ Yoast SEO plugin. -->","yoast_head_json":{"title":"Fin de championnat r\u00e9gional kayak polo - Cano\u00eb-Kayak Club de Pont-R\u00e9an","robots":{"index":"index","follow":"follow","max-snippet":"max-snippet:-1","max-image-preview":"max-image-preview:large","max-video-preview":"max-video-preview:-1"},"canonical":"https:\/\/ckcpr.fr\/index.php\/2017\/06\/29\/fin-de-championnat-regional-kayak-polo\/","og_locale":"fr_FR","og_type":"article","og_title":"Fin de championnat r\u00e9gional kayak polo - Cano\u00eb-Kayak Club de Pont-R\u00e9an","og_description":"Fin du championnat R\u00e9gional Bretagne open 2017 \u00e0 Acign\u00e9. 2 matchs gagn\u00e9s (3\/1 et 4\/0), un perdu 2\/0 et un nul 2\/2. Une journ\u00e9e que nous avons jou\u00e9e avec un niveau moyen mais nous acc\u00e9dons tout de m\u00eame \u00e0 la 5\u00e8me place \u00e0 un point (goal average en notre d\u00e9faveur) de la 4\u00e8me place car [&hellip;]","og_url":"https:\/\/ckcpr.fr\/index.php\/2017\/06\/29\/fin-de-championnat-regional-kayak-polo\/","og_site_name":"Cano\u00eb-Kayak Club de Pont-R\u00e9an","article_published_time":"2017-06-29T11:02:29+00:00","author":"Bubu","twitter_misc":{"\u00c9crit par":"Bubu","Dur\u00e9e de lecture estim\u00e9e":"1 minute"},"schema":{"@context":"https:\/\/schema.org","@graph":[{"@type":"Article","@id":"https:\/\/ckcpr.fr\/index.php\/2017\/06\/29\/fin-de-championnat-regional-kayak-polo\/#article","isPartOf":{"@id":"https:\/\/ckcpr.fr\/index.php\/2017\/06\/29\/fin-de-championnat-regional-kayak-polo\/"},"author":{"name":"Bubu","@id":"https:\/\/ckcpr.fr\/#\/schema\/person\/bb83b4f4ecb046538577160b8771e990"},"headline":"Fin de championnat r\u00e9gional kayak polo","datePublished":"2017-06-29T11:02:29+00:00","mainEntityOfPage":{"@id":"https:\/\/ckcpr.fr\/index.php\/2017\/06\/29\/fin-de-championnat-regional-kayak-polo\/"},"wordCount":242,"publisher":{"@id":"https:\/\/ckcpr.fr\/#organization"},"image":{"@id":"https:\/\/ckcpr.fr\/index.php\/2017\/06\/29\/fin-de-championnat-regional-kayak-polo\/#primaryimage"},"thumbnailUrl":"","articleSection":["Autres"],"inLanguage":"fr-FR"},{"@type":"WebPage","@id":"https:\/\/ckcpr.fr\/index.php\/2017\/06\/29\/fin-de-championnat-regional-kayak-polo\/","url":"https:\/\/ckcpr.fr\/index.php\/2017\/06\/29\/fin-de-championnat-regional-kayak-polo\/","name":"Fin de championnat r\u00e9gional kayak polo - Cano\u00eb-Kayak Club de Pont-R\u00e9an","isPartOf":{"@id":"https:\/\/ckcpr.fr\/#website"},"primaryImageOfPage":{"@id":"https:\/\/ckcpr.fr\/index.php\/2017\/06\/29\/fin-de-championnat-regional-kayak-polo\/#primaryimage"},"image":{"@id":"https:\/\/ckcpr.fr\/index.php\/2017\/06\/29\/fin-de-championnat-regional-kayak-polo\/#primaryimage"},"thumbnailUrl":"","datePublished":"2017-06-29T11:02:29+00:00","breadcrumb":{"@id":"https:\/\/ckcpr.fr\/index.php\/2017\/06\/29\/fin-de-championnat-regional-kayak-polo\/#breadcrumb"},"inLanguage":"fr-FR","potentialAction":[{"@type":"ReadAction","target":["https:\/\/ckcpr.fr\/index.php\/2017\/06\/29\/fin-de-championnat-regional-kayak-polo\/"]}]},{"@type":"ImageObject","inLanguage":"fr-FR","@id":"https:\/\/ckcpr.fr\/index.php\/2017\/06\/29\/fin-de-championnat-regional-kayak-polo\/#primaryimage","url":"","contentUrl":""},{"@type":"BreadcrumbList","@id":"https:\/\/ckcpr.fr\/index.php\/2017\/06\/29\/fin-de-championnat-regional-kayak-polo\/#breadcrumb","itemListElement":[{"@type":"ListItem","position":1,"name":"Accueil","item":"https:\/\/ckcpr.fr\/"},{"@type":"ListItem","position":2,"name":"Fin de championnat r\u00e9gional kayak polo"}]},{"@type":"WebSite","@id":"https:\/\/ckcpr.fr\/#website","url":"https:\/\/ckcpr.fr\/","name":"Cano\u00eb-Kayak Club de Pont-R\u00e9an","description":"","publisher":{"@id":"https:\/\/ckcpr.fr\/#organization"},"potentialAction":[{"@type":"SearchAction","target":{"@type":"EntryPoint","urlTemplate":"https:\/\/ckcpr.fr\/?s={search_term_string}"},"query-input":{"@type":"PropertyValueSpecification","valueRequired":true,"valueName":"search_term_string"}}],"inLanguage":"fr-FR"},{"@type":"Organization","@id":"https:\/\/ckcpr.fr\/#organization","name":"Cano\u00eb-Kayak Club de Pont-R\u00e9an","url":"https:\/\/ckcpr.fr\/","logo":{"@type":"ImageObject","inLanguage":"fr-FR","@id":"https:\/\/ckcpr.fr\/#\/schema\/logo\/image\/","url":"https:\/\/ckcpr.fr\/wp-content\/uploads\/2022\/03\/cropped-cropped-Logo_ckcpr_horizontal.jpg","contentUrl":"https:\/\/ckcpr.fr\/wp-content\/uploads\/2022\/03\/cropped-cropped-Logo_ckcpr_horizontal.jpg","width":468,"height":156,"caption":"Cano\u00eb-Kayak Club de Pont-R\u00e9an"},"image":{"@id":"https:\/\/ckcpr.fr\/#\/schema\/logo\/image\/"}},{"@type":"Person","@id":"https:\/\/ckcpr.fr\/#\/schema\/person\/bb83b4f4ecb046538577160b8771e990","name":"Bubu","image":{"@type":"ImageObject","inLanguage":"fr-FR","@id":"https:\/\/secure.gravatar.com\/avatar\/?s=96&d=mm&r=g","url":"https:\/\/secure.gravatar.com\/avatar\/?s=96&d=mm&r=g","contentUrl":"https:\/\/secure.gravatar.com\/avatar\/?s=96&d=mm&r=g","caption":"Bubu"},"url":"https:\/\/ckcpr.fr\/index.php\/author\/bubu\/"}]}},"_links":{"self":[{"href":"https:\/\/ckcpr.fr\/index.php\/wp-json\/wp\/v2\/posts\/1550","targetHints":{"allow":["GET"]}}],"collection":[{"href":"https:\/\/ckcpr.fr\/index.php\/wp-json\/wp\/v2\/posts"}],"about":[{"href":"https:\/\/ckcpr.fr\/index.php\/wp-json\/wp\/v2\/types\/post"}],"author":[{"embeddable":true,"href":"https:\/\/ckcpr.fr\/index.php\/wp-json\/wp\/v2\/users\/14"}],"replies":[{"embeddable":true,"href":"https:\/\/ckcpr.fr\/index.php\/wp-json\/wp\/v2\/comments?post=1550"}],"version-history":[{"count":0,"href":"https:\/\/ckcpr.fr\/index.php\/wp-json\/wp\/v2\/posts\/1550\/revisions"}],"wp:featuredmedia":[{"embeddable":true,"href":"https:\/\/ckcpr.fr\/index.php\/wp-json\/"}],"wp:attachment":[{"href":"https:\/\/ckcpr.fr\/index.php\/wp-json\/wp\/v2\/media?parent=1550"}],"wp:term":[{"taxonomy":"category","embeddable":true,"href":"https:\/\/ckcpr.fr\/index.php\/wp-json\/wp\/v2\/categories?post=1550"},{"taxonomy":"post_tag","embeddable":true,"href":"https:\/\/ckcpr.fr\/index.php\/wp-json\/wp\/v2\/tags?post=1550"}],"curies":[{"name":"wp","href":"https:\/\/api.w.org\/{rel}","templated":true}]}}