{"id":1810,"date":"2018-04-21T16:19:00","date_gmt":"2018-04-21T16:19:00","guid":{"rendered":"https:\/\/ckcpr.fr\/index.php\/2018\/04\/21\/dimanche-15-avril-vern-sur-seiche-journee-regionale-pour-les-championnats-regionaux-elite-et-open\/"},"modified":"2018-04-21T16:19:00","modified_gmt":"2018-04-21T16:19:00","slug":"dimanche-15-avril-vern-sur-seiche-journee-regionale-pour-les-championnats-regionaux-elite-et-open","status":"publish","type":"post","link":"https:\/\/ckcpr.fr\/index.php\/2018\/04\/21\/dimanche-15-avril-vern-sur-seiche-journee-regionale-pour-les-championnats-regionaux-elite-et-open\/","title":{"rendered":"Dimanche 15 avril, Vern sur Seiche, journ\u00e9e r\u00e9gionale pour les championnats r\u00e9gionaux Elite et Open"},"content":{"rendered":"<p>Les deux \u00e9quipes de Pont-R\u00e9an se sont donn\u00e9 rendez-vous \u00e0 Vern sur Seiche dans le cadre de leur championnat r\u00e9gional respectif. L\u2019\u00e9quipe 1 disputait sa deuxi\u00e8me journ\u00e9e et l\u2019\u00e9quipe 2 sa premi\u00e8re journ\u00e9e.<br \/>\nLa journ\u00e9e a mal d\u00e9but\u00e9 pour l\u2019\u00e9quipe 1 avec 2 lourdes d\u00e9faites. De gros doutes se sont immisc\u00e9s et ont entam\u00e9s le moral de la troupe qui avait beaucoup de mal \u00e0 se trouver sur le terrain aussi bien en d\u00e9fense qu\u2019en attaque. Elle se devait donc de se remobiliser lors du dernier face \u00e0 une \u00e9quipe de Plo\u00ebrmel en pleine ascension. Lors du dernier match, l\u2019\u00e9quipe a su se remobiliser et a prouv\u00e9 sa bonne dynamique de groupe avec du dialogue et de l\u2019entraide sur le terrain. La victoire a fait beaucoup de bien aux jeunes comme aux moins jeunes. Si l\u2019\u00e9quipe arrive \u00e0 reproduire son dernier match lors des prochaines journ\u00e9es cela augure de bonnes perspectives et une bien meilleure place au classement.<br \/>\nR\u00e9sultats Elite : Pont-R\u00e9an I 2 \/ 7 Acign\u00e9 IV ; Pont-R\u00e9an I 0 \/ 7 Pontivy I ; Pont-R\u00e9an II 6 \/ 1 Vern sur Seiche III<br \/>\nClassement : Saint-Domineuc II, Dinard I et Pontivy I se partagent les premi\u00e8res places, Pont-R\u00e9an I et Plo\u00ebrmel II sont 8\u00e8me et derni\u00e8res.<\/p>\n<p>L\u2019\u00e9quipe 2 d\u00e9butait, elle, son championnat. Elle ne connaissait pas trop la pression ou surtout ne savait pas trop la g\u00e9rer. Mais ce fut une agr\u00e9able surprise aussi bien pour leur cadre entour\u00e9e de l\u2019\u00e9quipe 1 pr\u00e9sente pour les encourager, que pour elle-m\u00eame. M\u00eame si elle s\u2019incline lors des premiers matchs, la progression au cours des diff\u00e9rents matchs se faisait sentir, les erreurs de jeunesse, comme la position sur le terrain, celles des passes al\u00e9atoires ou des tirs non cadr\u00e9s se sont vite estomp\u00e9es.<br \/>\nR\u00e9sultats Open : Pont-R\u00e9an II 2 \/ 6 Lochrist II ; Pont-R\u00e9an II 2 \/ 6 Quimperl\u00e9 ; Pont-R\u00e9an II 6 \/ 1 Vern sur Seiche III.<br \/>\nPas de classement pour le moment car les \u00e9quipes n\u2019ont pas le m\u00eame nombre de matchs.<\/p>\n<p>Prochaines journ\u00e9es : le 13 mai \u00e0 Pontivy pour l\u2019Elite et \u00e0 Brest pour l\u2019Open, les 9 et 10 mai \u00e0 Acign\u00e9 puis le 24 juin \u00e0 Vannes pour les deux \u00e9quipes.<\/p>\n<p><a href=\\\"https:\/\/ckcpr.fr\/dimanche-15-avril-vern-sur-seiche-journee-regionale-pour-les-championnats-regionaux-elite-et-open\/j2-bis-vern\/\\\" rel=\\\"attachment wp-att-1815\\\"><img class=\\\"wp-image-1815 alignright\\\" src=\\\"https:\/\/ckcpr.fr\/wordpress\/wp-content\/uploads\/2018\/04\/J2-bis-vern-300x169.jpg\\\" alt=\\\"\\\" width=\\\"286\\\" height=\\\"161\\\" \/><\/a><img class=\\\"wp-image-1816 alignleft\\\" src=\\\"https:\/\/ckcpr.fr\/wordpress\/wp-content\/uploads\/2018\/04\/j2-Vern-300x169.jpg\\\" alt=\\\"\\\" width=\\\"275\\\" height=\\\"155\\\" \/><\/p>\n","protected":false},"excerpt":{"rendered":"<p>Les deux \u00e9quipes de Pont-R\u00e9an se sont donn\u00e9 rendez-vous \u00e0 Vern sur Seiche dans le cadre de leur championnat r\u00e9gional respectif. L\u2019\u00e9quipe 1 disputait sa deuxi\u00e8me journ\u00e9e et l\u2019\u00e9quipe 2 sa premi\u00e8re journ\u00e9e. La journ\u00e9e a mal d\u00e9but\u00e9 pour l\u2019\u00e9quipe 1 avec 2 lourdes d\u00e9faites. De gros doutes se sont immisc\u00e9s et ont entam\u00e9s le [&hellip;]<\/p>\n","protected":false},"author":14,"featured_media":1813,"comment_status":"closed","ping_status":"open","sticky":false,"template":"","format":"standard","meta":{"site-sidebar-layout":"default","site-content-layout":"","ast-site-content-layout":"default","site-content-style":"default","site-sidebar-style":"default","ast-global-header-display":"","ast-banner-title-visibility":"","ast-main-header-display":"","ast-hfb-above-header-display":"","ast-hfb-below-header-display":"","ast-hfb-mobile-header-display":"","site-post-title":"","ast-breadcrumbs-content":"","ast-featured-img":"","footer-sml-layout":"","ast-disable-related-posts":"","theme-transparent-header-meta":"","adv-header-id-meta":"","stick-header-meta":"","header-above-stick-meta":"","header-main-stick-meta":"","header-below-stick-meta":"","astra-migrate-meta-layouts":"default","ast-page-background-enabled":"default","ast-page-background-meta":{"desktop":{"background-color":"","background-image":"","background-repeat":"repeat","background-position":"center center","background-size":"auto","background-attachment":"scroll","background-type":"","background-media":"","overlay-type":"","overlay-color":"","overlay-opacity":"","overlay-gradient":""},"tablet":{"background-color":"","background-image":"","background-repeat":"repeat","background-position":"center center","background-size":"auto","background-attachment":"scroll","background-type":"","background-media":"","overlay-type":"","overlay-color":"","overlay-opacity":"","overlay-gradient":""},"mobile":{"background-color":"","background-image":"","background-repeat":"repeat","background-position":"center center","background-size":"auto","background-attachment":"scroll","background-type":"","background-media":"","overlay-type":"","overlay-color":"","overlay-opacity":"","overlay-gradient":""}},"ast-content-background-meta":{"desktop":{"background-color":"var(--ast-global-color-5)","background-image":"","background-repeat":"repeat","background-position":"center center","background-size":"auto","background-attachment":"scroll","background-type":"","background-media":"","overlay-type":"","overlay-color":"","overlay-opacity":"","overlay-gradient":""},"tablet":{"background-color":"var(--ast-global-color-5)","background-image":"","background-repeat":"repeat","background-position":"center center","background-size":"auto","background-attachment":"scroll","background-type":"","background-media":"","overlay-type":"","overlay-color":"","overlay-opacity":"","overlay-gradient":""},"mobile":{"background-color":"var(--ast-global-color-5)","background-image":"","background-repeat":"repeat","background-position":"center center","background-size":"auto","background-attachment":"scroll","background-type":"","background-media":"","overlay-type":"","overlay-color":"","overlay-opacity":"","overlay-gradient":""}},"footnotes":""},"categories":[109],"tags":[],"class_list":["post-1810","post","type-post","status-publish","format-standard","has-post-thumbnail","hentry","category-autres"],"yoast_head":"<!-- This site is optimized with the Yoast SEO plugin v27.5 - https:\/\/yoast.com\/product\/yoast-seo-wordpress\/ -->\n<title>Dimanche 15 avril, Vern sur Seiche, journ\u00e9e r\u00e9gionale pour les championnats r\u00e9gionaux Elite et Open - Cano\u00eb-Kayak Club de Pont-R\u00e9an<\/title>\n<meta name=\"robots\" content=\"index, follow, max-snippet:-1, max-image-preview:large, max-video-preview:-1\" \/>\n<link rel=\"canonical\" href=\"https:\/\/ckcpr.fr\/index.php\/2018\/04\/21\/dimanche-15-avril-vern-sur-seiche-journee-regionale-pour-les-championnats-regionaux-elite-et-open\/\" \/>\n<meta property=\"og:locale\" content=\"fr_FR\" \/>\n<meta property=\"og:type\" content=\"article\" \/>\n<meta property=\"og:title\" content=\"Dimanche 15 avril, Vern sur Seiche, journ\u00e9e r\u00e9gionale pour les championnats r\u00e9gionaux Elite et Open - Cano\u00eb-Kayak Club de Pont-R\u00e9an\" \/>\n<meta property=\"og:description\" content=\"Les deux \u00e9quipes de Pont-R\u00e9an se sont donn\u00e9 rendez-vous \u00e0 Vern sur Seiche dans le cadre de leur championnat r\u00e9gional respectif. L\u2019\u00e9quipe 1 disputait sa deuxi\u00e8me journ\u00e9e et l\u2019\u00e9quipe 2 sa premi\u00e8re journ\u00e9e. La journ\u00e9e a mal d\u00e9but\u00e9 pour l\u2019\u00e9quipe 1 avec 2 lourdes d\u00e9faites. De gros doutes se sont immisc\u00e9s et ont entam\u00e9s le [&hellip;]\" \/>\n<meta property=\"og:url\" content=\"https:\/\/ckcpr.fr\/index.php\/2018\/04\/21\/dimanche-15-avril-vern-sur-seiche-journee-regionale-pour-les-championnats-regionaux-elite-et-open\/\" \/>\n<meta property=\"og:site_name\" content=\"Cano\u00eb-Kayak Club de Pont-R\u00e9an\" \/>\n<meta property=\"article:published_time\" content=\"2018-04-21T16:19:00+00:00\" \/>\n<meta name=\"author\" content=\"Bubu\" \/>\n<meta name=\"twitter:label1\" content=\"\u00c9crit par\" \/>\n\t<meta name=\"twitter:data1\" content=\"Bubu\" \/>\n\t<meta name=\"twitter:label2\" content=\"Dur\u00e9e de lecture estim\u00e9e\" \/>\n\t<meta name=\"twitter:data2\" content=\"2 minutes\" \/>\n<script type=\"application\/ld+json\" class=\"yoast-schema-graph\">{\"@context\":\"https:\\\/\\\/schema.org\",\"@graph\":[{\"@type\":\"Article\",\"@id\":\"https:\\\/\\\/ckcpr.fr\\\/index.php\\\/2018\\\/04\\\/21\\\/dimanche-15-avril-vern-sur-seiche-journee-regionale-pour-les-championnats-regionaux-elite-et-open\\\/#article\",\"isPartOf\":{\"@id\":\"https:\\\/\\\/ckcpr.fr\\\/index.php\\\/2018\\\/04\\\/21\\\/dimanche-15-avril-vern-sur-seiche-journee-regionale-pour-les-championnats-regionaux-elite-et-open\\\/\"},\"author\":{\"name\":\"Bubu\",\"@id\":\"https:\\\/\\\/ckcpr.fr\\\/#\\\/schema\\\/person\\\/bb83b4f4ecb046538577160b8771e990\"},\"headline\":\"Dimanche 15 avril, Vern sur Seiche, journ\u00e9e r\u00e9gionale pour les championnats r\u00e9gionaux Elite et Open\",\"datePublished\":\"2018-04-21T16:19:00+00:00\",\"mainEntityOfPage\":{\"@id\":\"https:\\\/\\\/ckcpr.fr\\\/index.php\\\/2018\\\/04\\\/21\\\/dimanche-15-avril-vern-sur-seiche-journee-regionale-pour-les-championnats-regionaux-elite-et-open\\\/\"},\"wordCount\":393,\"publisher\":{\"@id\":\"https:\\\/\\\/ckcpr.fr\\\/#organization\"},\"image\":{\"@id\":\"https:\\\/\\\/ckcpr.fr\\\/index.php\\\/2018\\\/04\\\/21\\\/dimanche-15-avril-vern-sur-seiche-journee-regionale-pour-les-championnats-regionaux-elite-et-open\\\/#primaryimage\"},\"thumbnailUrl\":\"\",\"articleSection\":[\"Autres\"],\"inLanguage\":\"fr-FR\"},{\"@type\":\"WebPage\",\"@id\":\"https:\\\/\\\/ckcpr.fr\\\/index.php\\\/2018\\\/04\\\/21\\\/dimanche-15-avril-vern-sur-seiche-journee-regionale-pour-les-championnats-regionaux-elite-et-open\\\/\",\"url\":\"https:\\\/\\\/ckcpr.fr\\\/index.php\\\/2018\\\/04\\\/21\\\/dimanche-15-avril-vern-sur-seiche-journee-regionale-pour-les-championnats-regionaux-elite-et-open\\\/\",\"name\":\"Dimanche 15 avril, Vern sur Seiche, journ\u00e9e r\u00e9gionale pour les championnats r\u00e9gionaux Elite et Open - Cano\u00eb-Kayak Club de Pont-R\u00e9an\",\"isPartOf\":{\"@id\":\"https:\\\/\\\/ckcpr.fr\\\/#website\"},\"primaryImageOfPage\":{\"@id\":\"https:\\\/\\\/ckcpr.fr\\\/index.php\\\/2018\\\/04\\\/21\\\/dimanche-15-avril-vern-sur-seiche-journee-regionale-pour-les-championnats-regionaux-elite-et-open\\\/#primaryimage\"},\"image\":{\"@id\":\"https:\\\/\\\/ckcpr.fr\\\/index.php\\\/2018\\\/04\\\/21\\\/dimanche-15-avril-vern-sur-seiche-journee-regionale-pour-les-championnats-regionaux-elite-et-open\\\/#primaryimage\"},\"thumbnailUrl\":\"\",\"datePublished\":\"2018-04-21T16:19:00+00:00\",\"breadcrumb\":{\"@id\":\"https:\\\/\\\/ckcpr.fr\\\/index.php\\\/2018\\\/04\\\/21\\\/dimanche-15-avril-vern-sur-seiche-journee-regionale-pour-les-championnats-regionaux-elite-et-open\\\/#breadcrumb\"},\"inLanguage\":\"fr-FR\",\"potentialAction\":[{\"@type\":\"ReadAction\",\"target\":[\"https:\\\/\\\/ckcpr.fr\\\/index.php\\\/2018\\\/04\\\/21\\\/dimanche-15-avril-vern-sur-seiche-journee-regionale-pour-les-championnats-regionaux-elite-et-open\\\/\"]}]},{\"@type\":\"ImageObject\",\"inLanguage\":\"fr-FR\",\"@id\":\"https:\\\/\\\/ckcpr.fr\\\/index.php\\\/2018\\\/04\\\/21\\\/dimanche-15-avril-vern-sur-seiche-journee-regionale-pour-les-championnats-regionaux-elite-et-open\\\/#primaryimage\",\"url\":\"\",\"contentUrl\":\"\"},{\"@type\":\"BreadcrumbList\",\"@id\":\"https:\\\/\\\/ckcpr.fr\\\/index.php\\\/2018\\\/04\\\/21\\\/dimanche-15-avril-vern-sur-seiche-journee-regionale-pour-les-championnats-regionaux-elite-et-open\\\/#breadcrumb\",\"itemListElement\":[{\"@type\":\"ListItem\",\"position\":1,\"name\":\"Accueil\",\"item\":\"https:\\\/\\\/ckcpr.fr\\\/\"},{\"@type\":\"ListItem\",\"position\":2,\"name\":\"Dimanche 15 avril, Vern sur Seiche, journ\u00e9e r\u00e9gionale pour les championnats r\u00e9gionaux Elite et Open\"}]},{\"@type\":\"WebSite\",\"@id\":\"https:\\\/\\\/ckcpr.fr\\\/#website\",\"url\":\"https:\\\/\\\/ckcpr.fr\\\/\",\"name\":\"Cano\u00eb-Kayak Club de Pont-R\u00e9an\",\"description\":\"\",\"publisher\":{\"@id\":\"https:\\\/\\\/ckcpr.fr\\\/#organization\"},\"potentialAction\":[{\"@type\":\"SearchAction\",\"target\":{\"@type\":\"EntryPoint\",\"urlTemplate\":\"https:\\\/\\\/ckcpr.fr\\\/?s={search_term_string}\"},\"query-input\":{\"@type\":\"PropertyValueSpecification\",\"valueRequired\":true,\"valueName\":\"search_term_string\"}}],\"inLanguage\":\"fr-FR\"},{\"@type\":\"Organization\",\"@id\":\"https:\\\/\\\/ckcpr.fr\\\/#organization\",\"name\":\"Cano\u00eb-Kayak Club de Pont-R\u00e9an\",\"url\":\"https:\\\/\\\/ckcpr.fr\\\/\",\"logo\":{\"@type\":\"ImageObject\",\"inLanguage\":\"fr-FR\",\"@id\":\"https:\\\/\\\/ckcpr.fr\\\/#\\\/schema\\\/logo\\\/image\\\/\",\"url\":\"https:\\\/\\\/ckcpr.fr\\\/wp-content\\\/uploads\\\/2022\\\/03\\\/cropped-cropped-Logo_ckcpr_horizontal.jpg\",\"contentUrl\":\"https:\\\/\\\/ckcpr.fr\\\/wp-content\\\/uploads\\\/2022\\\/03\\\/cropped-cropped-Logo_ckcpr_horizontal.jpg\",\"width\":468,\"height\":156,\"caption\":\"Cano\u00eb-Kayak Club de Pont-R\u00e9an\"},\"image\":{\"@id\":\"https:\\\/\\\/ckcpr.fr\\\/#\\\/schema\\\/logo\\\/image\\\/\"}},{\"@type\":\"Person\",\"@id\":\"https:\\\/\\\/ckcpr.fr\\\/#\\\/schema\\\/person\\\/bb83b4f4ecb046538577160b8771e990\",\"name\":\"Bubu\",\"image\":{\"@type\":\"ImageObject\",\"inLanguage\":\"fr-FR\",\"@id\":\"https:\\\/\\\/secure.gravatar.com\\\/avatar\\\/?s=96&d=mm&r=g\",\"url\":\"https:\\\/\\\/secure.gravatar.com\\\/avatar\\\/?s=96&d=mm&r=g\",\"contentUrl\":\"https:\\\/\\\/secure.gravatar.com\\\/avatar\\\/?s=96&d=mm&r=g\",\"caption\":\"Bubu\"},\"url\":\"https:\\\/\\\/ckcpr.fr\\\/index.php\\\/author\\\/bubu\\\/\"}]}<\/script>\n<!-- \/ Yoast SEO plugin. -->","yoast_head_json":{"title":"Dimanche 15 avril, Vern sur Seiche, journ\u00e9e r\u00e9gionale pour les championnats r\u00e9gionaux Elite et Open - Cano\u00eb-Kayak Club de Pont-R\u00e9an","robots":{"index":"index","follow":"follow","max-snippet":"max-snippet:-1","max-image-preview":"max-image-preview:large","max-video-preview":"max-video-preview:-1"},"canonical":"https:\/\/ckcpr.fr\/index.php\/2018\/04\/21\/dimanche-15-avril-vern-sur-seiche-journee-regionale-pour-les-championnats-regionaux-elite-et-open\/","og_locale":"fr_FR","og_type":"article","og_title":"Dimanche 15 avril, Vern sur Seiche, journ\u00e9e r\u00e9gionale pour les championnats r\u00e9gionaux Elite et Open - Cano\u00eb-Kayak Club de Pont-R\u00e9an","og_description":"Les deux \u00e9quipes de Pont-R\u00e9an se sont donn\u00e9 rendez-vous \u00e0 Vern sur Seiche dans le cadre de leur championnat r\u00e9gional respectif. L\u2019\u00e9quipe 1 disputait sa deuxi\u00e8me journ\u00e9e et l\u2019\u00e9quipe 2 sa premi\u00e8re journ\u00e9e. La journ\u00e9e a mal d\u00e9but\u00e9 pour l\u2019\u00e9quipe 1 avec 2 lourdes d\u00e9faites. De gros doutes se sont immisc\u00e9s et ont entam\u00e9s le [&hellip;]","og_url":"https:\/\/ckcpr.fr\/index.php\/2018\/04\/21\/dimanche-15-avril-vern-sur-seiche-journee-regionale-pour-les-championnats-regionaux-elite-et-open\/","og_site_name":"Cano\u00eb-Kayak Club de Pont-R\u00e9an","article_published_time":"2018-04-21T16:19:00+00:00","author":"Bubu","twitter_misc":{"\u00c9crit par":"Bubu","Dur\u00e9e de lecture estim\u00e9e":"2 minutes"},"schema":{"@context":"https:\/\/schema.org","@graph":[{"@type":"Article","@id":"https:\/\/ckcpr.fr\/index.php\/2018\/04\/21\/dimanche-15-avril-vern-sur-seiche-journee-regionale-pour-les-championnats-regionaux-elite-et-open\/#article","isPartOf":{"@id":"https:\/\/ckcpr.fr\/index.php\/2018\/04\/21\/dimanche-15-avril-vern-sur-seiche-journee-regionale-pour-les-championnats-regionaux-elite-et-open\/"},"author":{"name":"Bubu","@id":"https:\/\/ckcpr.fr\/#\/schema\/person\/bb83b4f4ecb046538577160b8771e990"},"headline":"Dimanche 15 avril, Vern sur Seiche, journ\u00e9e r\u00e9gionale pour les championnats r\u00e9gionaux Elite et Open","datePublished":"2018-04-21T16:19:00+00:00","mainEntityOfPage":{"@id":"https:\/\/ckcpr.fr\/index.php\/2018\/04\/21\/dimanche-15-avril-vern-sur-seiche-journee-regionale-pour-les-championnats-regionaux-elite-et-open\/"},"wordCount":393,"publisher":{"@id":"https:\/\/ckcpr.fr\/#organization"},"image":{"@id":"https:\/\/ckcpr.fr\/index.php\/2018\/04\/21\/dimanche-15-avril-vern-sur-seiche-journee-regionale-pour-les-championnats-regionaux-elite-et-open\/#primaryimage"},"thumbnailUrl":"","articleSection":["Autres"],"inLanguage":"fr-FR"},{"@type":"WebPage","@id":"https:\/\/ckcpr.fr\/index.php\/2018\/04\/21\/dimanche-15-avril-vern-sur-seiche-journee-regionale-pour-les-championnats-regionaux-elite-et-open\/","url":"https:\/\/ckcpr.fr\/index.php\/2018\/04\/21\/dimanche-15-avril-vern-sur-seiche-journee-regionale-pour-les-championnats-regionaux-elite-et-open\/","name":"Dimanche 15 avril, Vern sur Seiche, journ\u00e9e r\u00e9gionale pour les championnats r\u00e9gionaux Elite et Open - Cano\u00eb-Kayak Club de Pont-R\u00e9an","isPartOf":{"@id":"https:\/\/ckcpr.fr\/#website"},"primaryImageOfPage":{"@id":"https:\/\/ckcpr.fr\/index.php\/2018\/04\/21\/dimanche-15-avril-vern-sur-seiche-journee-regionale-pour-les-championnats-regionaux-elite-et-open\/#primaryimage"},"image":{"@id":"https:\/\/ckcpr.fr\/index.php\/2018\/04\/21\/dimanche-15-avril-vern-sur-seiche-journee-regionale-pour-les-championnats-regionaux-elite-et-open\/#primaryimage"},"thumbnailUrl":"","datePublished":"2018-04-21T16:19:00+00:00","breadcrumb":{"@id":"https:\/\/ckcpr.fr\/index.php\/2018\/04\/21\/dimanche-15-avril-vern-sur-seiche-journee-regionale-pour-les-championnats-regionaux-elite-et-open\/#breadcrumb"},"inLanguage":"fr-FR","potentialAction":[{"@type":"ReadAction","target":["https:\/\/ckcpr.fr\/index.php\/2018\/04\/21\/dimanche-15-avril-vern-sur-seiche-journee-regionale-pour-les-championnats-regionaux-elite-et-open\/"]}]},{"@type":"ImageObject","inLanguage":"fr-FR","@id":"https:\/\/ckcpr.fr\/index.php\/2018\/04\/21\/dimanche-15-avril-vern-sur-seiche-journee-regionale-pour-les-championnats-regionaux-elite-et-open\/#primaryimage","url":"","contentUrl":""},{"@type":"BreadcrumbList","@id":"https:\/\/ckcpr.fr\/index.php\/2018\/04\/21\/dimanche-15-avril-vern-sur-seiche-journee-regionale-pour-les-championnats-regionaux-elite-et-open\/#breadcrumb","itemListElement":[{"@type":"ListItem","position":1,"name":"Accueil","item":"https:\/\/ckcpr.fr\/"},{"@type":"ListItem","position":2,"name":"Dimanche 15 avril, Vern sur Seiche, journ\u00e9e r\u00e9gionale pour les championnats r\u00e9gionaux Elite et Open"}]},{"@type":"WebSite","@id":"https:\/\/ckcpr.fr\/#website","url":"https:\/\/ckcpr.fr\/","name":"Cano\u00eb-Kayak Club de Pont-R\u00e9an","description":"","publisher":{"@id":"https:\/\/ckcpr.fr\/#organization"},"potentialAction":[{"@type":"SearchAction","target":{"@type":"EntryPoint","urlTemplate":"https:\/\/ckcpr.fr\/?s={search_term_string}"},"query-input":{"@type":"PropertyValueSpecification","valueRequired":true,"valueName":"search_term_string"}}],"inLanguage":"fr-FR"},{"@type":"Organization","@id":"https:\/\/ckcpr.fr\/#organization","name":"Cano\u00eb-Kayak Club de Pont-R\u00e9an","url":"https:\/\/ckcpr.fr\/","logo":{"@type":"ImageObject","inLanguage":"fr-FR","@id":"https:\/\/ckcpr.fr\/#\/schema\/logo\/image\/","url":"https:\/\/ckcpr.fr\/wp-content\/uploads\/2022\/03\/cropped-cropped-Logo_ckcpr_horizontal.jpg","contentUrl":"https:\/\/ckcpr.fr\/wp-content\/uploads\/2022\/03\/cropped-cropped-Logo_ckcpr_horizontal.jpg","width":468,"height":156,"caption":"Cano\u00eb-Kayak Club de Pont-R\u00e9an"},"image":{"@id":"https:\/\/ckcpr.fr\/#\/schema\/logo\/image\/"}},{"@type":"Person","@id":"https:\/\/ckcpr.fr\/#\/schema\/person\/bb83b4f4ecb046538577160b8771e990","name":"Bubu","image":{"@type":"ImageObject","inLanguage":"fr-FR","@id":"https:\/\/secure.gravatar.com\/avatar\/?s=96&d=mm&r=g","url":"https:\/\/secure.gravatar.com\/avatar\/?s=96&d=mm&r=g","contentUrl":"https:\/\/secure.gravatar.com\/avatar\/?s=96&d=mm&r=g","caption":"Bubu"},"url":"https:\/\/ckcpr.fr\/index.php\/author\/bubu\/"}]}},"_links":{"self":[{"href":"https:\/\/ckcpr.fr\/index.php\/wp-json\/wp\/v2\/posts\/1810","targetHints":{"allow":["GET"]}}],"collection":[{"href":"https:\/\/ckcpr.fr\/index.php\/wp-json\/wp\/v2\/posts"}],"about":[{"href":"https:\/\/ckcpr.fr\/index.php\/wp-json\/wp\/v2\/types\/post"}],"author":[{"embeddable":true,"href":"https:\/\/ckcpr.fr\/index.php\/wp-json\/wp\/v2\/users\/14"}],"replies":[{"embeddable":true,"href":"https:\/\/ckcpr.fr\/index.php\/wp-json\/wp\/v2\/comments?post=1810"}],"version-history":[{"count":0,"href":"https:\/\/ckcpr.fr\/index.php\/wp-json\/wp\/v2\/posts\/1810\/revisions"}],"wp:featuredmedia":[{"embeddable":true,"href":"https:\/\/ckcpr.fr\/index.php\/wp-json\/"}],"wp:attachment":[{"href":"https:\/\/ckcpr.fr\/index.php\/wp-json\/wp\/v2\/media?parent=1810"}],"wp:term":[{"taxonomy":"category","embeddable":true,"href":"https:\/\/ckcpr.fr\/index.php\/wp-json\/wp\/v2\/categories?post=1810"},{"taxonomy":"post_tag","embeddable":true,"href":"https:\/\/ckcpr.fr\/index.php\/wp-json\/wp\/v2\/tags?post=1810"}],"curies":[{"name":"wp","href":"https:\/\/api.w.org\/{rel}","templated":true}]}}