{"id":1826,"date":"2018-05-04T10:41:18","date_gmt":"2018-05-04T10:41:18","guid":{"rendered":"https:\/\/ckcpr.fr\/index.php\/2018\/05\/04\/selection-equipe-de-france-descente\/"},"modified":"2018-05-04T10:41:18","modified_gmt":"2018-05-04T10:41:18","slug":"selection-equipe-de-france-descente","status":"publish","type":"post","link":"https:\/\/ckcpr.fr\/index.php\/2018\/05\/04\/selection-equipe-de-france-descente\/","title":{"rendered":"S\u00e9lection \u00e9quipe de France descente"},"content":{"rendered":"<p>Du 10 au 13 avril, 5 athl\u00e8tes du Cano\u00eb Kayak Club de Pont R\u00e9an participaient aux \\&rsquo;\\&rsquo;piges\\&rsquo;\\&rsquo; senior, les s\u00e9lections pour les championnats du Monde et les autres \u00e9ch\u00e9ances internationales. Les s\u00e9lections se basaient sur 4 courses, 2 sprints et 2 classiques, sur la rivi\u00e8re de renomm\u00e9e: la Noguera Pallaresa en Espagne. C\\&rsquo;est avec un niveau d\\&rsquo;eau tr\u00e8s important, rendant la rivi\u00e8re tr\u00e8s volumineuse et difficile \u00e0 naviguer que nos Pont-R\u00e9annais ont tent\u00e9 de prendre chacun un des tickets pour les Mondiaux.<br \/>\nMyriam Le Joncourt s\\&rsquo;alignait en K1 Dame -23 ans, malheureusement, malgr\u00e9 des r\u00e9sultats tr\u00e8s prometteurs en d\u00e9but de saison, une erreur sur les qualifications en sprint l\\&rsquo;\u00e9carte rapidement de la s\u00e9lection, elle finira la semaine 9\u00e8me f\u00e9minine. Elle s\\&rsquo;est cependant battue jusqu\u2019\u00e0 la derni\u00e8re course, en d\u00e9crochant une 4\u00e8me place sur la classique, une performance tr\u00e8s prometteuse pour les ann\u00e9es \u00e0 venir.<br \/>\nLe C2 Mathieu Ravarino\/Thomas Spindler courait \u00e9galement pour les s\u00e9lections -23 ans, ils ont malheureusement rencontr\u00e9 eux aussi quelques difficult\u00e9s lors des qualifications qui leurs enl\u00e8vent leur ticket pour les mondiaux, mais ils ont pris beaucoup d\\&rsquo;exp\u00e9rience cette semaine, qui leur servira pour les prochaines s\u00e9lections.<br \/>\nLA surprise pour H\u00e9l\u00e8ne Ragu\u00e8nes en C1 Dame, qui, encore junior (-18 ans), r\u00e9alise de superbes manches, dont une victoire en sprint, effa\u00e7ant totalement les habitu\u00e9es de l\\&rsquo;international de la cat\u00e9gories, et qui se s\u00e9lectionne \u00e0 17 ans aux Mondiaux chez les seniors. Bravo \u00e0 elle !!<br \/>\nQuant \u00e0 Tony Debray, il r\u00e9alise l\\&rsquo;exploit qu\\&rsquo;il attendait depuis 7 ans cette ann\u00e9e : la double s\u00e9lections en C1 et en C2 ! Si il \u00e9crase les s\u00e9lections en C2 avec son co\u00e9quipier Louis Lapointe, le doute et la tension \u00e9taient de la partie pour le C1 jusqu\u2019\u00e0 la derni\u00e8re course, avec finalement, la d\u00e9livrance de voire son nom dans les 3 premiers de la cat\u00e9gorie, synonyme de s\u00e9lections : bravo \u00e0 lui.<\/p>\n<p>F\u00e9licitations \u00e0 tous ces athl\u00e8tes, les mondiaux seront en Juin \u00e0 Muhotatal en Suisse Pour Tony et H\u00e9l\u00e8ne, bravo aussi \u00e0 Myriam, Thomas et Mathieu !<\/p>\n<p><a href=\\\"https:\/\/ckcpr.fr\/selection-equipe-de-france-descente\/mymypiges\/\\\" rel=\\\"attachment wp-att-1832\\\"><img class=\\\"wp-image-1832 alignnone\\\" src=\\\"https:\/\/ckcpr.fr\/wordpress\/wp-content\/uploads\/2018\/05\/Mymypiges-300x198.jpg\\\" alt=\\\"\\\" width=\\\"298\\\" height=\\\"197\\\" \/><\/a> <a href=\\\"https:\/\/ckcpr.fr\/selection-equipe-de-france-descente\/thomas-matthieu\/\\\" rel=\\\"attachment wp-att-1833\\\"><img class=\\\"size-medium wp-image-1833 alignnone\\\" src=\\\"https:\/\/ckcpr.fr\/wordpress\/wp-content\/uploads\/2018\/05\/Thomas-Matthieu-300x198.jpg\\\" alt=\\\"\\\" width=\\\"300\\\" height=\\\"198\\\" \/><\/a><a href=\\\"https:\/\/ckcpr.fr\/selection-equipe-de-france-descente\/tony-louis\/\\\" rel=\\\"attachment wp-att-1834\\\"><img class=\\\"size-medium wp-image-1834 alignnone\\\" src=\\\"https:\/\/ckcpr.fr\/wordpress\/wp-content\/uploads\/2018\/05\/Tony-Louis-300x198.jpg\\\" alt=\\\"\\\" width=\\\"300\\\" height=\\\"198\\\" \/><\/a> <a href=\\\"https:\/\/ckcpr.fr\/selection-equipe-de-france-descente\/tonypiges\/\\\" rel=\\\"attachment wp-att-1835\\\"><img class=\\\"size-medium wp-image-1835 alignnone\\\" src=\\\"https:\/\/ckcpr.fr\/wordpress\/wp-content\/uploads\/2018\/05\/Tonypiges-300x198.jpg\\\" alt=\\\"\\\" width=\\\"300\\\" height=\\\"198\\\" \/><\/a><\/p>\n","protected":false},"excerpt":{"rendered":"<p>Du 10 au 13 avril, 5 athl\u00e8tes du Cano\u00eb Kayak Club de Pont R\u00e9an participaient aux \\&rsquo;\\&rsquo;piges\\&rsquo;\\&rsquo; senior, les s\u00e9lections pour les championnats du Monde et les autres \u00e9ch\u00e9ances internationales. Les s\u00e9lections se basaient sur 4 courses, 2 sprints et 2 classiques, sur la rivi\u00e8re de renomm\u00e9e: la Noguera Pallaresa en Espagne. C\\&rsquo;est avec un [&hellip;]<\/p>\n","protected":false},"author":14,"featured_media":1831,"comment_status":"closed","ping_status":"open","sticky":false,"template":"","format":"standard","meta":{"site-sidebar-layout":"default","site-content-layout":"","ast-site-content-layout":"default","site-content-style":"default","site-sidebar-style":"default","ast-global-header-display":"","ast-banner-title-visibility":"","ast-main-header-display":"","ast-hfb-above-header-display":"","ast-hfb-below-header-display":"","ast-hfb-mobile-header-display":"","site-post-title":"","ast-breadcrumbs-content":"","ast-featured-img":"","footer-sml-layout":"","ast-disable-related-posts":"","theme-transparent-header-meta":"","adv-header-id-meta":"","stick-header-meta":"","header-above-stick-meta":"","header-main-stick-meta":"","header-below-stick-meta":"","astra-migrate-meta-layouts":"default","ast-page-background-enabled":"default","ast-page-background-meta":{"desktop":{"background-color":"","background-image":"","background-repeat":"repeat","background-position":"center center","background-size":"auto","background-attachment":"scroll","background-type":"","background-media":"","overlay-type":"","overlay-color":"","overlay-opacity":"","overlay-gradient":""},"tablet":{"background-color":"","background-image":"","background-repeat":"repeat","background-position":"center center","background-size":"auto","background-attachment":"scroll","background-type":"","background-media":"","overlay-type":"","overlay-color":"","overlay-opacity":"","overlay-gradient":""},"mobile":{"background-color":"","background-image":"","background-repeat":"repeat","background-position":"center center","background-size":"auto","background-attachment":"scroll","background-type":"","background-media":"","overlay-type":"","overlay-color":"","overlay-opacity":"","overlay-gradient":""}},"ast-content-background-meta":{"desktop":{"background-color":"var(--ast-global-color-5)","background-image":"","background-repeat":"repeat","background-position":"center center","background-size":"auto","background-attachment":"scroll","background-type":"","background-media":"","overlay-type":"","overlay-color":"","overlay-opacity":"","overlay-gradient":""},"tablet":{"background-color":"var(--ast-global-color-5)","background-image":"","background-repeat":"repeat","background-position":"center center","background-size":"auto","background-attachment":"scroll","background-type":"","background-media":"","overlay-type":"","overlay-color":"","overlay-opacity":"","overlay-gradient":""},"mobile":{"background-color":"var(--ast-global-color-5)","background-image":"","background-repeat":"repeat","background-position":"center center","background-size":"auto","background-attachment":"scroll","background-type":"","background-media":"","overlay-type":"","overlay-color":"","overlay-opacity":"","overlay-gradient":""}},"footnotes":""},"categories":[109],"tags":[],"class_list":["post-1826","post","type-post","status-publish","format-standard","has-post-thumbnail","hentry","category-autres"],"yoast_head":"<!-- This site is optimized with the Yoast SEO plugin v27.5 - https:\/\/yoast.com\/product\/yoast-seo-wordpress\/ -->\n<title>S\u00e9lection \u00e9quipe de France descente - Cano\u00eb-Kayak Club de Pont-R\u00e9an<\/title>\n<meta name=\"robots\" content=\"index, follow, max-snippet:-1, max-image-preview:large, max-video-preview:-1\" \/>\n<link rel=\"canonical\" href=\"https:\/\/ckcpr.fr\/index.php\/2018\/05\/04\/selection-equipe-de-france-descente\/\" \/>\n<meta property=\"og:locale\" content=\"fr_FR\" \/>\n<meta property=\"og:type\" content=\"article\" \/>\n<meta property=\"og:title\" content=\"S\u00e9lection \u00e9quipe de France descente - Cano\u00eb-Kayak Club de Pont-R\u00e9an\" \/>\n<meta property=\"og:description\" content=\"Du 10 au 13 avril, 5 athl\u00e8tes du Cano\u00eb Kayak Club de Pont R\u00e9an participaient aux &rsquo;&rsquo;piges&rsquo;&rsquo; senior, les s\u00e9lections pour les championnats du Monde et les autres \u00e9ch\u00e9ances internationales. Les s\u00e9lections se basaient sur 4 courses, 2 sprints et 2 classiques, sur la rivi\u00e8re de renomm\u00e9e: la Noguera Pallaresa en Espagne. C&rsquo;est avec un [&hellip;]\" \/>\n<meta property=\"og:url\" content=\"https:\/\/ckcpr.fr\/index.php\/2018\/05\/04\/selection-equipe-de-france-descente\/\" \/>\n<meta property=\"og:site_name\" content=\"Cano\u00eb-Kayak Club de Pont-R\u00e9an\" \/>\n<meta property=\"article:published_time\" content=\"2018-05-04T10:41:18+00:00\" \/>\n<meta name=\"author\" content=\"Bubu\" \/>\n<meta name=\"twitter:label1\" content=\"\u00c9crit par\" \/>\n\t<meta name=\"twitter:data1\" content=\"Bubu\" \/>\n\t<meta name=\"twitter:label2\" content=\"Dur\u00e9e de lecture estim\u00e9e\" \/>\n\t<meta name=\"twitter:data2\" content=\"2 minutes\" \/>\n<script type=\"application\/ld+json\" class=\"yoast-schema-graph\">{\"@context\":\"https:\\\/\\\/schema.org\",\"@graph\":[{\"@type\":\"Article\",\"@id\":\"https:\\\/\\\/ckcpr.fr\\\/index.php\\\/2018\\\/05\\\/04\\\/selection-equipe-de-france-descente\\\/#article\",\"isPartOf\":{\"@id\":\"https:\\\/\\\/ckcpr.fr\\\/index.php\\\/2018\\\/05\\\/04\\\/selection-equipe-de-france-descente\\\/\"},\"author\":{\"name\":\"Bubu\",\"@id\":\"https:\\\/\\\/ckcpr.fr\\\/#\\\/schema\\\/person\\\/bb83b4f4ecb046538577160b8771e990\"},\"headline\":\"S\u00e9lection \u00e9quipe de France descente\",\"datePublished\":\"2018-05-04T10:41:18+00:00\",\"mainEntityOfPage\":{\"@id\":\"https:\\\/\\\/ckcpr.fr\\\/index.php\\\/2018\\\/05\\\/04\\\/selection-equipe-de-france-descente\\\/\"},\"wordCount\":376,\"publisher\":{\"@id\":\"https:\\\/\\\/ckcpr.fr\\\/#organization\"},\"image\":{\"@id\":\"https:\\\/\\\/ckcpr.fr\\\/index.php\\\/2018\\\/05\\\/04\\\/selection-equipe-de-france-descente\\\/#primaryimage\"},\"thumbnailUrl\":\"\",\"articleSection\":[\"Autres\"],\"inLanguage\":\"fr-FR\"},{\"@type\":\"WebPage\",\"@id\":\"https:\\\/\\\/ckcpr.fr\\\/index.php\\\/2018\\\/05\\\/04\\\/selection-equipe-de-france-descente\\\/\",\"url\":\"https:\\\/\\\/ckcpr.fr\\\/index.php\\\/2018\\\/05\\\/04\\\/selection-equipe-de-france-descente\\\/\",\"name\":\"S\u00e9lection \u00e9quipe de France descente - Cano\u00eb-Kayak Club de Pont-R\u00e9an\",\"isPartOf\":{\"@id\":\"https:\\\/\\\/ckcpr.fr\\\/#website\"},\"primaryImageOfPage\":{\"@id\":\"https:\\\/\\\/ckcpr.fr\\\/index.php\\\/2018\\\/05\\\/04\\\/selection-equipe-de-france-descente\\\/#primaryimage\"},\"image\":{\"@id\":\"https:\\\/\\\/ckcpr.fr\\\/index.php\\\/2018\\\/05\\\/04\\\/selection-equipe-de-france-descente\\\/#primaryimage\"},\"thumbnailUrl\":\"\",\"datePublished\":\"2018-05-04T10:41:18+00:00\",\"breadcrumb\":{\"@id\":\"https:\\\/\\\/ckcpr.fr\\\/index.php\\\/2018\\\/05\\\/04\\\/selection-equipe-de-france-descente\\\/#breadcrumb\"},\"inLanguage\":\"fr-FR\",\"potentialAction\":[{\"@type\":\"ReadAction\",\"target\":[\"https:\\\/\\\/ckcpr.fr\\\/index.php\\\/2018\\\/05\\\/04\\\/selection-equipe-de-france-descente\\\/\"]}]},{\"@type\":\"ImageObject\",\"inLanguage\":\"fr-FR\",\"@id\":\"https:\\\/\\\/ckcpr.fr\\\/index.php\\\/2018\\\/05\\\/04\\\/selection-equipe-de-france-descente\\\/#primaryimage\",\"url\":\"\",\"contentUrl\":\"\"},{\"@type\":\"BreadcrumbList\",\"@id\":\"https:\\\/\\\/ckcpr.fr\\\/index.php\\\/2018\\\/05\\\/04\\\/selection-equipe-de-france-descente\\\/#breadcrumb\",\"itemListElement\":[{\"@type\":\"ListItem\",\"position\":1,\"name\":\"Accueil\",\"item\":\"https:\\\/\\\/ckcpr.fr\\\/\"},{\"@type\":\"ListItem\",\"position\":2,\"name\":\"S\u00e9lection \u00e9quipe de France descente\"}]},{\"@type\":\"WebSite\",\"@id\":\"https:\\\/\\\/ckcpr.fr\\\/#website\",\"url\":\"https:\\\/\\\/ckcpr.fr\\\/\",\"name\":\"Cano\u00eb-Kayak Club de Pont-R\u00e9an\",\"description\":\"\",\"publisher\":{\"@id\":\"https:\\\/\\\/ckcpr.fr\\\/#organization\"},\"potentialAction\":[{\"@type\":\"SearchAction\",\"target\":{\"@type\":\"EntryPoint\",\"urlTemplate\":\"https:\\\/\\\/ckcpr.fr\\\/?s={search_term_string}\"},\"query-input\":{\"@type\":\"PropertyValueSpecification\",\"valueRequired\":true,\"valueName\":\"search_term_string\"}}],\"inLanguage\":\"fr-FR\"},{\"@type\":\"Organization\",\"@id\":\"https:\\\/\\\/ckcpr.fr\\\/#organization\",\"name\":\"Cano\u00eb-Kayak Club de Pont-R\u00e9an\",\"url\":\"https:\\\/\\\/ckcpr.fr\\\/\",\"logo\":{\"@type\":\"ImageObject\",\"inLanguage\":\"fr-FR\",\"@id\":\"https:\\\/\\\/ckcpr.fr\\\/#\\\/schema\\\/logo\\\/image\\\/\",\"url\":\"https:\\\/\\\/ckcpr.fr\\\/wp-content\\\/uploads\\\/2022\\\/03\\\/cropped-cropped-Logo_ckcpr_horizontal.jpg\",\"contentUrl\":\"https:\\\/\\\/ckcpr.fr\\\/wp-content\\\/uploads\\\/2022\\\/03\\\/cropped-cropped-Logo_ckcpr_horizontal.jpg\",\"width\":468,\"height\":156,\"caption\":\"Cano\u00eb-Kayak Club de Pont-R\u00e9an\"},\"image\":{\"@id\":\"https:\\\/\\\/ckcpr.fr\\\/#\\\/schema\\\/logo\\\/image\\\/\"}},{\"@type\":\"Person\",\"@id\":\"https:\\\/\\\/ckcpr.fr\\\/#\\\/schema\\\/person\\\/bb83b4f4ecb046538577160b8771e990\",\"name\":\"Bubu\",\"image\":{\"@type\":\"ImageObject\",\"inLanguage\":\"fr-FR\",\"@id\":\"https:\\\/\\\/secure.gravatar.com\\\/avatar\\\/?s=96&d=mm&r=g\",\"url\":\"https:\\\/\\\/secure.gravatar.com\\\/avatar\\\/?s=96&d=mm&r=g\",\"contentUrl\":\"https:\\\/\\\/secure.gravatar.com\\\/avatar\\\/?s=96&d=mm&r=g\",\"caption\":\"Bubu\"},\"url\":\"https:\\\/\\\/ckcpr.fr\\\/index.php\\\/author\\\/bubu\\\/\"}]}<\/script>\n<!-- \/ Yoast SEO plugin. -->","yoast_head_json":{"title":"S\u00e9lection \u00e9quipe de France descente - Cano\u00eb-Kayak Club de Pont-R\u00e9an","robots":{"index":"index","follow":"follow","max-snippet":"max-snippet:-1","max-image-preview":"max-image-preview:large","max-video-preview":"max-video-preview:-1"},"canonical":"https:\/\/ckcpr.fr\/index.php\/2018\/05\/04\/selection-equipe-de-france-descente\/","og_locale":"fr_FR","og_type":"article","og_title":"S\u00e9lection \u00e9quipe de France descente - Cano\u00eb-Kayak Club de Pont-R\u00e9an","og_description":"Du 10 au 13 avril, 5 athl\u00e8tes du Cano\u00eb Kayak Club de Pont R\u00e9an participaient aux &rsquo;&rsquo;piges&rsquo;&rsquo; senior, les s\u00e9lections pour les championnats du Monde et les autres \u00e9ch\u00e9ances internationales. Les s\u00e9lections se basaient sur 4 courses, 2 sprints et 2 classiques, sur la rivi\u00e8re de renomm\u00e9e: la Noguera Pallaresa en Espagne. C&rsquo;est avec un [&hellip;]","og_url":"https:\/\/ckcpr.fr\/index.php\/2018\/05\/04\/selection-equipe-de-france-descente\/","og_site_name":"Cano\u00eb-Kayak Club de Pont-R\u00e9an","article_published_time":"2018-05-04T10:41:18+00:00","author":"Bubu","twitter_misc":{"\u00c9crit par":"Bubu","Dur\u00e9e de lecture estim\u00e9e":"2 minutes"},"schema":{"@context":"https:\/\/schema.org","@graph":[{"@type":"Article","@id":"https:\/\/ckcpr.fr\/index.php\/2018\/05\/04\/selection-equipe-de-france-descente\/#article","isPartOf":{"@id":"https:\/\/ckcpr.fr\/index.php\/2018\/05\/04\/selection-equipe-de-france-descente\/"},"author":{"name":"Bubu","@id":"https:\/\/ckcpr.fr\/#\/schema\/person\/bb83b4f4ecb046538577160b8771e990"},"headline":"S\u00e9lection \u00e9quipe de France descente","datePublished":"2018-05-04T10:41:18+00:00","mainEntityOfPage":{"@id":"https:\/\/ckcpr.fr\/index.php\/2018\/05\/04\/selection-equipe-de-france-descente\/"},"wordCount":376,"publisher":{"@id":"https:\/\/ckcpr.fr\/#organization"},"image":{"@id":"https:\/\/ckcpr.fr\/index.php\/2018\/05\/04\/selection-equipe-de-france-descente\/#primaryimage"},"thumbnailUrl":"","articleSection":["Autres"],"inLanguage":"fr-FR"},{"@type":"WebPage","@id":"https:\/\/ckcpr.fr\/index.php\/2018\/05\/04\/selection-equipe-de-france-descente\/","url":"https:\/\/ckcpr.fr\/index.php\/2018\/05\/04\/selection-equipe-de-france-descente\/","name":"S\u00e9lection \u00e9quipe de France descente - Cano\u00eb-Kayak Club de Pont-R\u00e9an","isPartOf":{"@id":"https:\/\/ckcpr.fr\/#website"},"primaryImageOfPage":{"@id":"https:\/\/ckcpr.fr\/index.php\/2018\/05\/04\/selection-equipe-de-france-descente\/#primaryimage"},"image":{"@id":"https:\/\/ckcpr.fr\/index.php\/2018\/05\/04\/selection-equipe-de-france-descente\/#primaryimage"},"thumbnailUrl":"","datePublished":"2018-05-04T10:41:18+00:00","breadcrumb":{"@id":"https:\/\/ckcpr.fr\/index.php\/2018\/05\/04\/selection-equipe-de-france-descente\/#breadcrumb"},"inLanguage":"fr-FR","potentialAction":[{"@type":"ReadAction","target":["https:\/\/ckcpr.fr\/index.php\/2018\/05\/04\/selection-equipe-de-france-descente\/"]}]},{"@type":"ImageObject","inLanguage":"fr-FR","@id":"https:\/\/ckcpr.fr\/index.php\/2018\/05\/04\/selection-equipe-de-france-descente\/#primaryimage","url":"","contentUrl":""},{"@type":"BreadcrumbList","@id":"https:\/\/ckcpr.fr\/index.php\/2018\/05\/04\/selection-equipe-de-france-descente\/#breadcrumb","itemListElement":[{"@type":"ListItem","position":1,"name":"Accueil","item":"https:\/\/ckcpr.fr\/"},{"@type":"ListItem","position":2,"name":"S\u00e9lection \u00e9quipe de France descente"}]},{"@type":"WebSite","@id":"https:\/\/ckcpr.fr\/#website","url":"https:\/\/ckcpr.fr\/","name":"Cano\u00eb-Kayak Club de Pont-R\u00e9an","description":"","publisher":{"@id":"https:\/\/ckcpr.fr\/#organization"},"potentialAction":[{"@type":"SearchAction","target":{"@type":"EntryPoint","urlTemplate":"https:\/\/ckcpr.fr\/?s={search_term_string}"},"query-input":{"@type":"PropertyValueSpecification","valueRequired":true,"valueName":"search_term_string"}}],"inLanguage":"fr-FR"},{"@type":"Organization","@id":"https:\/\/ckcpr.fr\/#organization","name":"Cano\u00eb-Kayak Club de Pont-R\u00e9an","url":"https:\/\/ckcpr.fr\/","logo":{"@type":"ImageObject","inLanguage":"fr-FR","@id":"https:\/\/ckcpr.fr\/#\/schema\/logo\/image\/","url":"https:\/\/ckcpr.fr\/wp-content\/uploads\/2022\/03\/cropped-cropped-Logo_ckcpr_horizontal.jpg","contentUrl":"https:\/\/ckcpr.fr\/wp-content\/uploads\/2022\/03\/cropped-cropped-Logo_ckcpr_horizontal.jpg","width":468,"height":156,"caption":"Cano\u00eb-Kayak Club de Pont-R\u00e9an"},"image":{"@id":"https:\/\/ckcpr.fr\/#\/schema\/logo\/image\/"}},{"@type":"Person","@id":"https:\/\/ckcpr.fr\/#\/schema\/person\/bb83b4f4ecb046538577160b8771e990","name":"Bubu","image":{"@type":"ImageObject","inLanguage":"fr-FR","@id":"https:\/\/secure.gravatar.com\/avatar\/?s=96&d=mm&r=g","url":"https:\/\/secure.gravatar.com\/avatar\/?s=96&d=mm&r=g","contentUrl":"https:\/\/secure.gravatar.com\/avatar\/?s=96&d=mm&r=g","caption":"Bubu"},"url":"https:\/\/ckcpr.fr\/index.php\/author\/bubu\/"}]}},"_links":{"self":[{"href":"https:\/\/ckcpr.fr\/index.php\/wp-json\/wp\/v2\/posts\/1826","targetHints":{"allow":["GET"]}}],"collection":[{"href":"https:\/\/ckcpr.fr\/index.php\/wp-json\/wp\/v2\/posts"}],"about":[{"href":"https:\/\/ckcpr.fr\/index.php\/wp-json\/wp\/v2\/types\/post"}],"author":[{"embeddable":true,"href":"https:\/\/ckcpr.fr\/index.php\/wp-json\/wp\/v2\/users\/14"}],"replies":[{"embeddable":true,"href":"https:\/\/ckcpr.fr\/index.php\/wp-json\/wp\/v2\/comments?post=1826"}],"version-history":[{"count":0,"href":"https:\/\/ckcpr.fr\/index.php\/wp-json\/wp\/v2\/posts\/1826\/revisions"}],"wp:featuredmedia":[{"embeddable":true,"href":"https:\/\/ckcpr.fr\/index.php\/wp-json\/"}],"wp:attachment":[{"href":"https:\/\/ckcpr.fr\/index.php\/wp-json\/wp\/v2\/media?parent=1826"}],"wp:term":[{"taxonomy":"category","embeddable":true,"href":"https:\/\/ckcpr.fr\/index.php\/wp-json\/wp\/v2\/categories?post=1826"},{"taxonomy":"post_tag","embeddable":true,"href":"https:\/\/ckcpr.fr\/index.php\/wp-json\/wp\/v2\/tags?post=1826"}],"curies":[{"name":"wp","href":"https:\/\/api.w.org\/{rel}","templated":true}]}}