{"id":1842,"date":"2018-05-04T11:11:36","date_gmt":"2018-05-04T11:11:36","guid":{"rendered":"https:\/\/ckcpr.fr\/index.php\/2018\/05\/04\/randonnee-nautique-descente-de-la-seiche-dimanche-27-mai-2018-2\/"},"modified":"2018-05-04T11:11:36","modified_gmt":"2018-05-04T11:11:36","slug":"randonnee-nautique-descente-de-la-seiche-dimanche-27-mai-2018-2","status":"publish","type":"post","link":"https:\/\/ckcpr.fr\/index.php\/2018\/05\/04\/randonnee-nautique-descente-de-la-seiche-dimanche-27-mai-2018-2\/","title":{"rendered":"Randonn\u00e9e nautique &#8211; descente de la Seiche &#8211; Dimanche 27 Mai 2018"},"content":{"rendered":"<p>Le Cano\u00eb-Kayak club de Pont-R\u00e9an vous invite \u00e0 <strong>une randonn\u00e9e d\\&rsquo;1h30<\/strong>, \u00e0 faire en famille ou entre amis. Depuis une descente de rivi\u00e8re accessible \u00e0 tous, vous d\u00e9couvrirez des informations sur le patrimoine qui entoure la Seiche et la Vilaine.<br \/>\nVous trouverez ci dessous les informations n\u00e9cessaires ainsi que le formulaire d\\&rsquo;inscription*.<\/p>\n<p><strong>Lieu<\/strong>:<br \/>\nRendez-vous au parking de l\\&rsquo;an 2000, route de Laill\u00e9 , Bruz 35170.<\/p>\n<p><strong>Tarif<\/strong>:<br \/>\n12\u20ac pour un adulte , 6\u20ac pour les &#8211; de 12ans<br \/>\nR\u00e8glement au d\u00e9part.<\/p>\n<p>-Navette organis\u00e9e pour votre retour au d\u00e9part.<\/p>\n<p><strong>A pr\u00e9voir<\/strong>:<br \/>\nChaussures ferm\u00e9es , casquettes , cr\u00e8me solaire (selon m\u00e9t\u00e9o)<\/p>\n<p>-Nous fournissons le gilet , la pagaie et le bateau!<br \/>\nune collation vous sera offerte \u00e0 l\\&rsquo;arriv\u00e9e.<\/p>\n<p>&#8211;<strong> Pour tout autre renseignement<\/strong>, vous pouvez nous contacter au 07-82-09-47-98.<\/p>\n<p>Un bulletin d\\&rsquo;inscription pour chaque bateau.<\/p>\n<p>*Obligatoire<\/p>\n<p><strong>Lien pour inscription google form:\u00a0<\/strong><\/p>\n<p>https:\/\/docs.google.com\/forms\/d\/e\/1FAIpQLSdMW2lBozeDss4mAmVS_Xk2MCMLmqn17BVTpn3XUH09f_OSfA\/viewform?c=0&#038;w=1<\/p>\n","protected":false},"excerpt":{"rendered":"<p>Le Cano\u00eb-Kayak club de Pont-R\u00e9an vous invite \u00e0 une randonn\u00e9e d\\&rsquo;1h30, \u00e0 faire en famille ou entre amis. Depuis une descente de rivi\u00e8re accessible \u00e0 tous, vous d\u00e9couvrirez des informations sur le patrimoine qui entoure la Seiche et la Vilaine. Vous trouverez ci dessous les informations n\u00e9cessaires ainsi que le formulaire d\\&rsquo;inscription*. Lieu: Rendez-vous au [&hellip;]<\/p>\n","protected":false},"author":14,"featured_media":1839,"comment_status":"closed","ping_status":"open","sticky":false,"template":"","format":"standard","meta":{"site-sidebar-layout":"default","site-content-layout":"","ast-site-content-layout":"default","site-content-style":"default","site-sidebar-style":"default","ast-global-header-display":"","ast-banner-title-visibility":"","ast-main-header-display":"","ast-hfb-above-header-display":"","ast-hfb-below-header-display":"","ast-hfb-mobile-header-display":"","site-post-title":"","ast-breadcrumbs-content":"","ast-featured-img":"","footer-sml-layout":"","ast-disable-related-posts":"","theme-transparent-header-meta":"","adv-header-id-meta":"","stick-header-meta":"","header-above-stick-meta":"","header-main-stick-meta":"","header-below-stick-meta":"","astra-migrate-meta-layouts":"default","ast-page-background-enabled":"default","ast-page-background-meta":{"desktop":{"background-color":"","background-image":"","background-repeat":"repeat","background-position":"center center","background-size":"auto","background-attachment":"scroll","background-type":"","background-media":"","overlay-type":"","overlay-color":"","overlay-opacity":"","overlay-gradient":""},"tablet":{"background-color":"","background-image":"","background-repeat":"repeat","background-position":"center center","background-size":"auto","background-attachment":"scroll","background-type":"","background-media":"","overlay-type":"","overlay-color":"","overlay-opacity":"","overlay-gradient":""},"mobile":{"background-color":"","background-image":"","background-repeat":"repeat","background-position":"center center","background-size":"auto","background-attachment":"scroll","background-type":"","background-media":"","overlay-type":"","overlay-color":"","overlay-opacity":"","overlay-gradient":""}},"ast-content-background-meta":{"desktop":{"background-color":"var(--ast-global-color-5)","background-image":"","background-repeat":"repeat","background-position":"center center","background-size":"auto","background-attachment":"scroll","background-type":"","background-media":"","overlay-type":"","overlay-color":"","overlay-opacity":"","overlay-gradient":""},"tablet":{"background-color":"var(--ast-global-color-5)","background-image":"","background-repeat":"repeat","background-position":"center center","background-size":"auto","background-attachment":"scroll","background-type":"","background-media":"","overlay-type":"","overlay-color":"","overlay-opacity":"","overlay-gradient":""},"mobile":{"background-color":"var(--ast-global-color-5)","background-image":"","background-repeat":"repeat","background-position":"center center","background-size":"auto","background-attachment":"scroll","background-type":"","background-media":"","overlay-type":"","overlay-color":"","overlay-opacity":"","overlay-gradient":""}},"footnotes":""},"categories":[109],"tags":[],"class_list":["post-1842","post","type-post","status-publish","format-standard","has-post-thumbnail","hentry","category-autres"],"yoast_head":"<!-- This site is optimized with the Yoast SEO plugin v27.5 - https:\/\/yoast.com\/product\/yoast-seo-wordpress\/ -->\n<title>Randonn\u00e9e nautique - descente de la Seiche - Dimanche 27 Mai 2018 - Cano\u00eb-Kayak Club de Pont-R\u00e9an<\/title>\n<meta name=\"robots\" content=\"index, follow, max-snippet:-1, max-image-preview:large, max-video-preview:-1\" \/>\n<link rel=\"canonical\" href=\"https:\/\/ckcpr.fr\/index.php\/2018\/05\/04\/randonnee-nautique-descente-de-la-seiche-dimanche-27-mai-2018-2\/\" \/>\n<meta property=\"og:locale\" content=\"fr_FR\" \/>\n<meta property=\"og:type\" content=\"article\" \/>\n<meta property=\"og:title\" content=\"Randonn\u00e9e nautique - descente de la Seiche - Dimanche 27 Mai 2018 - Cano\u00eb-Kayak Club de Pont-R\u00e9an\" \/>\n<meta property=\"og:description\" content=\"Le Cano\u00eb-Kayak club de Pont-R\u00e9an vous invite \u00e0 une randonn\u00e9e d&rsquo;1h30, \u00e0 faire en famille ou entre amis. Depuis une descente de rivi\u00e8re accessible \u00e0 tous, vous d\u00e9couvrirez des informations sur le patrimoine qui entoure la Seiche et la Vilaine. Vous trouverez ci dessous les informations n\u00e9cessaires ainsi que le formulaire d&rsquo;inscription*. Lieu: Rendez-vous au [&hellip;]\" \/>\n<meta property=\"og:url\" content=\"https:\/\/ckcpr.fr\/index.php\/2018\/05\/04\/randonnee-nautique-descente-de-la-seiche-dimanche-27-mai-2018-2\/\" \/>\n<meta property=\"og:site_name\" content=\"Cano\u00eb-Kayak Club de Pont-R\u00e9an\" \/>\n<meta property=\"article:published_time\" content=\"2018-05-04T11:11:36+00:00\" \/>\n<meta name=\"author\" content=\"Bubu\" \/>\n<meta name=\"twitter:label1\" content=\"\u00c9crit par\" \/>\n\t<meta name=\"twitter:data1\" content=\"Bubu\" \/>\n\t<meta name=\"twitter:label2\" content=\"Dur\u00e9e de lecture estim\u00e9e\" \/>\n\t<meta name=\"twitter:data2\" content=\"1 minute\" \/>\n<script type=\"application\/ld+json\" class=\"yoast-schema-graph\">{\"@context\":\"https:\\\/\\\/schema.org\",\"@graph\":[{\"@type\":\"Article\",\"@id\":\"https:\\\/\\\/ckcpr.fr\\\/index.php\\\/2018\\\/05\\\/04\\\/randonnee-nautique-descente-de-la-seiche-dimanche-27-mai-2018-2\\\/#article\",\"isPartOf\":{\"@id\":\"https:\\\/\\\/ckcpr.fr\\\/index.php\\\/2018\\\/05\\\/04\\\/randonnee-nautique-descente-de-la-seiche-dimanche-27-mai-2018-2\\\/\"},\"author\":{\"name\":\"Bubu\",\"@id\":\"https:\\\/\\\/ckcpr.fr\\\/#\\\/schema\\\/person\\\/bb83b4f4ecb046538577160b8771e990\"},\"headline\":\"Randonn\u00e9e nautique &#8211; descente de la Seiche &#8211; Dimanche 27 Mai 2018\",\"datePublished\":\"2018-05-04T11:11:36+00:00\",\"mainEntityOfPage\":{\"@id\":\"https:\\\/\\\/ckcpr.fr\\\/index.php\\\/2018\\\/05\\\/04\\\/randonnee-nautique-descente-de-la-seiche-dimanche-27-mai-2018-2\\\/\"},\"wordCount\":180,\"publisher\":{\"@id\":\"https:\\\/\\\/ckcpr.fr\\\/#organization\"},\"image\":{\"@id\":\"https:\\\/\\\/ckcpr.fr\\\/index.php\\\/2018\\\/05\\\/04\\\/randonnee-nautique-descente-de-la-seiche-dimanche-27-mai-2018-2\\\/#primaryimage\"},\"thumbnailUrl\":\"\",\"articleSection\":[\"Autres\"],\"inLanguage\":\"fr-FR\"},{\"@type\":\"WebPage\",\"@id\":\"https:\\\/\\\/ckcpr.fr\\\/index.php\\\/2018\\\/05\\\/04\\\/randonnee-nautique-descente-de-la-seiche-dimanche-27-mai-2018-2\\\/\",\"url\":\"https:\\\/\\\/ckcpr.fr\\\/index.php\\\/2018\\\/05\\\/04\\\/randonnee-nautique-descente-de-la-seiche-dimanche-27-mai-2018-2\\\/\",\"name\":\"Randonn\u00e9e nautique - descente de la Seiche - Dimanche 27 Mai 2018 - Cano\u00eb-Kayak Club de Pont-R\u00e9an\",\"isPartOf\":{\"@id\":\"https:\\\/\\\/ckcpr.fr\\\/#website\"},\"primaryImageOfPage\":{\"@id\":\"https:\\\/\\\/ckcpr.fr\\\/index.php\\\/2018\\\/05\\\/04\\\/randonnee-nautique-descente-de-la-seiche-dimanche-27-mai-2018-2\\\/#primaryimage\"},\"image\":{\"@id\":\"https:\\\/\\\/ckcpr.fr\\\/index.php\\\/2018\\\/05\\\/04\\\/randonnee-nautique-descente-de-la-seiche-dimanche-27-mai-2018-2\\\/#primaryimage\"},\"thumbnailUrl\":\"\",\"datePublished\":\"2018-05-04T11:11:36+00:00\",\"breadcrumb\":{\"@id\":\"https:\\\/\\\/ckcpr.fr\\\/index.php\\\/2018\\\/05\\\/04\\\/randonnee-nautique-descente-de-la-seiche-dimanche-27-mai-2018-2\\\/#breadcrumb\"},\"inLanguage\":\"fr-FR\",\"potentialAction\":[{\"@type\":\"ReadAction\",\"target\":[\"https:\\\/\\\/ckcpr.fr\\\/index.php\\\/2018\\\/05\\\/04\\\/randonnee-nautique-descente-de-la-seiche-dimanche-27-mai-2018-2\\\/\"]}]},{\"@type\":\"ImageObject\",\"inLanguage\":\"fr-FR\",\"@id\":\"https:\\\/\\\/ckcpr.fr\\\/index.php\\\/2018\\\/05\\\/04\\\/randonnee-nautique-descente-de-la-seiche-dimanche-27-mai-2018-2\\\/#primaryimage\",\"url\":\"\",\"contentUrl\":\"\"},{\"@type\":\"BreadcrumbList\",\"@id\":\"https:\\\/\\\/ckcpr.fr\\\/index.php\\\/2018\\\/05\\\/04\\\/randonnee-nautique-descente-de-la-seiche-dimanche-27-mai-2018-2\\\/#breadcrumb\",\"itemListElement\":[{\"@type\":\"ListItem\",\"position\":1,\"name\":\"Accueil\",\"item\":\"https:\\\/\\\/ckcpr.fr\\\/\"},{\"@type\":\"ListItem\",\"position\":2,\"name\":\"Randonn\u00e9e nautique &#8211; descente de la Seiche &#8211; Dimanche 27 Mai 2018\"}]},{\"@type\":\"WebSite\",\"@id\":\"https:\\\/\\\/ckcpr.fr\\\/#website\",\"url\":\"https:\\\/\\\/ckcpr.fr\\\/\",\"name\":\"Cano\u00eb-Kayak Club de Pont-R\u00e9an\",\"description\":\"\",\"publisher\":{\"@id\":\"https:\\\/\\\/ckcpr.fr\\\/#organization\"},\"potentialAction\":[{\"@type\":\"SearchAction\",\"target\":{\"@type\":\"EntryPoint\",\"urlTemplate\":\"https:\\\/\\\/ckcpr.fr\\\/?s={search_term_string}\"},\"query-input\":{\"@type\":\"PropertyValueSpecification\",\"valueRequired\":true,\"valueName\":\"search_term_string\"}}],\"inLanguage\":\"fr-FR\"},{\"@type\":\"Organization\",\"@id\":\"https:\\\/\\\/ckcpr.fr\\\/#organization\",\"name\":\"Cano\u00eb-Kayak Club de Pont-R\u00e9an\",\"url\":\"https:\\\/\\\/ckcpr.fr\\\/\",\"logo\":{\"@type\":\"ImageObject\",\"inLanguage\":\"fr-FR\",\"@id\":\"https:\\\/\\\/ckcpr.fr\\\/#\\\/schema\\\/logo\\\/image\\\/\",\"url\":\"https:\\\/\\\/ckcpr.fr\\\/wp-content\\\/uploads\\\/2022\\\/03\\\/cropped-cropped-Logo_ckcpr_horizontal.jpg\",\"contentUrl\":\"https:\\\/\\\/ckcpr.fr\\\/wp-content\\\/uploads\\\/2022\\\/03\\\/cropped-cropped-Logo_ckcpr_horizontal.jpg\",\"width\":468,\"height\":156,\"caption\":\"Cano\u00eb-Kayak Club de Pont-R\u00e9an\"},\"image\":{\"@id\":\"https:\\\/\\\/ckcpr.fr\\\/#\\\/schema\\\/logo\\\/image\\\/\"}},{\"@type\":\"Person\",\"@id\":\"https:\\\/\\\/ckcpr.fr\\\/#\\\/schema\\\/person\\\/bb83b4f4ecb046538577160b8771e990\",\"name\":\"Bubu\",\"image\":{\"@type\":\"ImageObject\",\"inLanguage\":\"fr-FR\",\"@id\":\"https:\\\/\\\/secure.gravatar.com\\\/avatar\\\/?s=96&d=mm&r=g\",\"url\":\"https:\\\/\\\/secure.gravatar.com\\\/avatar\\\/?s=96&d=mm&r=g\",\"contentUrl\":\"https:\\\/\\\/secure.gravatar.com\\\/avatar\\\/?s=96&d=mm&r=g\",\"caption\":\"Bubu\"},\"url\":\"https:\\\/\\\/ckcpr.fr\\\/index.php\\\/author\\\/bubu\\\/\"}]}<\/script>\n<!-- \/ Yoast SEO plugin. -->","yoast_head_json":{"title":"Randonn\u00e9e nautique - descente de la Seiche - Dimanche 27 Mai 2018 - Cano\u00eb-Kayak Club de Pont-R\u00e9an","robots":{"index":"index","follow":"follow","max-snippet":"max-snippet:-1","max-image-preview":"max-image-preview:large","max-video-preview":"max-video-preview:-1"},"canonical":"https:\/\/ckcpr.fr\/index.php\/2018\/05\/04\/randonnee-nautique-descente-de-la-seiche-dimanche-27-mai-2018-2\/","og_locale":"fr_FR","og_type":"article","og_title":"Randonn\u00e9e nautique - descente de la Seiche - Dimanche 27 Mai 2018 - Cano\u00eb-Kayak Club de Pont-R\u00e9an","og_description":"Le Cano\u00eb-Kayak club de Pont-R\u00e9an vous invite \u00e0 une randonn\u00e9e d&rsquo;1h30, \u00e0 faire en famille ou entre amis. Depuis une descente de rivi\u00e8re accessible \u00e0 tous, vous d\u00e9couvrirez des informations sur le patrimoine qui entoure la Seiche et la Vilaine. Vous trouverez ci dessous les informations n\u00e9cessaires ainsi que le formulaire d&rsquo;inscription*. Lieu: Rendez-vous au [&hellip;]","og_url":"https:\/\/ckcpr.fr\/index.php\/2018\/05\/04\/randonnee-nautique-descente-de-la-seiche-dimanche-27-mai-2018-2\/","og_site_name":"Cano\u00eb-Kayak Club de Pont-R\u00e9an","article_published_time":"2018-05-04T11:11:36+00:00","author":"Bubu","twitter_misc":{"\u00c9crit par":"Bubu","Dur\u00e9e de lecture estim\u00e9e":"1 minute"},"schema":{"@context":"https:\/\/schema.org","@graph":[{"@type":"Article","@id":"https:\/\/ckcpr.fr\/index.php\/2018\/05\/04\/randonnee-nautique-descente-de-la-seiche-dimanche-27-mai-2018-2\/#article","isPartOf":{"@id":"https:\/\/ckcpr.fr\/index.php\/2018\/05\/04\/randonnee-nautique-descente-de-la-seiche-dimanche-27-mai-2018-2\/"},"author":{"name":"Bubu","@id":"https:\/\/ckcpr.fr\/#\/schema\/person\/bb83b4f4ecb046538577160b8771e990"},"headline":"Randonn\u00e9e nautique &#8211; descente de la Seiche &#8211; Dimanche 27 Mai 2018","datePublished":"2018-05-04T11:11:36+00:00","mainEntityOfPage":{"@id":"https:\/\/ckcpr.fr\/index.php\/2018\/05\/04\/randonnee-nautique-descente-de-la-seiche-dimanche-27-mai-2018-2\/"},"wordCount":180,"publisher":{"@id":"https:\/\/ckcpr.fr\/#organization"},"image":{"@id":"https:\/\/ckcpr.fr\/index.php\/2018\/05\/04\/randonnee-nautique-descente-de-la-seiche-dimanche-27-mai-2018-2\/#primaryimage"},"thumbnailUrl":"","articleSection":["Autres"],"inLanguage":"fr-FR"},{"@type":"WebPage","@id":"https:\/\/ckcpr.fr\/index.php\/2018\/05\/04\/randonnee-nautique-descente-de-la-seiche-dimanche-27-mai-2018-2\/","url":"https:\/\/ckcpr.fr\/index.php\/2018\/05\/04\/randonnee-nautique-descente-de-la-seiche-dimanche-27-mai-2018-2\/","name":"Randonn\u00e9e nautique - descente de la Seiche - Dimanche 27 Mai 2018 - Cano\u00eb-Kayak Club de Pont-R\u00e9an","isPartOf":{"@id":"https:\/\/ckcpr.fr\/#website"},"primaryImageOfPage":{"@id":"https:\/\/ckcpr.fr\/index.php\/2018\/05\/04\/randonnee-nautique-descente-de-la-seiche-dimanche-27-mai-2018-2\/#primaryimage"},"image":{"@id":"https:\/\/ckcpr.fr\/index.php\/2018\/05\/04\/randonnee-nautique-descente-de-la-seiche-dimanche-27-mai-2018-2\/#primaryimage"},"thumbnailUrl":"","datePublished":"2018-05-04T11:11:36+00:00","breadcrumb":{"@id":"https:\/\/ckcpr.fr\/index.php\/2018\/05\/04\/randonnee-nautique-descente-de-la-seiche-dimanche-27-mai-2018-2\/#breadcrumb"},"inLanguage":"fr-FR","potentialAction":[{"@type":"ReadAction","target":["https:\/\/ckcpr.fr\/index.php\/2018\/05\/04\/randonnee-nautique-descente-de-la-seiche-dimanche-27-mai-2018-2\/"]}]},{"@type":"ImageObject","inLanguage":"fr-FR","@id":"https:\/\/ckcpr.fr\/index.php\/2018\/05\/04\/randonnee-nautique-descente-de-la-seiche-dimanche-27-mai-2018-2\/#primaryimage","url":"","contentUrl":""},{"@type":"BreadcrumbList","@id":"https:\/\/ckcpr.fr\/index.php\/2018\/05\/04\/randonnee-nautique-descente-de-la-seiche-dimanche-27-mai-2018-2\/#breadcrumb","itemListElement":[{"@type":"ListItem","position":1,"name":"Accueil","item":"https:\/\/ckcpr.fr\/"},{"@type":"ListItem","position":2,"name":"Randonn\u00e9e nautique &#8211; descente de la Seiche &#8211; Dimanche 27 Mai 2018"}]},{"@type":"WebSite","@id":"https:\/\/ckcpr.fr\/#website","url":"https:\/\/ckcpr.fr\/","name":"Cano\u00eb-Kayak Club de Pont-R\u00e9an","description":"","publisher":{"@id":"https:\/\/ckcpr.fr\/#organization"},"potentialAction":[{"@type":"SearchAction","target":{"@type":"EntryPoint","urlTemplate":"https:\/\/ckcpr.fr\/?s={search_term_string}"},"query-input":{"@type":"PropertyValueSpecification","valueRequired":true,"valueName":"search_term_string"}}],"inLanguage":"fr-FR"},{"@type":"Organization","@id":"https:\/\/ckcpr.fr\/#organization","name":"Cano\u00eb-Kayak Club de Pont-R\u00e9an","url":"https:\/\/ckcpr.fr\/","logo":{"@type":"ImageObject","inLanguage":"fr-FR","@id":"https:\/\/ckcpr.fr\/#\/schema\/logo\/image\/","url":"https:\/\/ckcpr.fr\/wp-content\/uploads\/2022\/03\/cropped-cropped-Logo_ckcpr_horizontal.jpg","contentUrl":"https:\/\/ckcpr.fr\/wp-content\/uploads\/2022\/03\/cropped-cropped-Logo_ckcpr_horizontal.jpg","width":468,"height":156,"caption":"Cano\u00eb-Kayak Club de Pont-R\u00e9an"},"image":{"@id":"https:\/\/ckcpr.fr\/#\/schema\/logo\/image\/"}},{"@type":"Person","@id":"https:\/\/ckcpr.fr\/#\/schema\/person\/bb83b4f4ecb046538577160b8771e990","name":"Bubu","image":{"@type":"ImageObject","inLanguage":"fr-FR","@id":"https:\/\/secure.gravatar.com\/avatar\/?s=96&d=mm&r=g","url":"https:\/\/secure.gravatar.com\/avatar\/?s=96&d=mm&r=g","contentUrl":"https:\/\/secure.gravatar.com\/avatar\/?s=96&d=mm&r=g","caption":"Bubu"},"url":"https:\/\/ckcpr.fr\/index.php\/author\/bubu\/"}]}},"_links":{"self":[{"href":"https:\/\/ckcpr.fr\/index.php\/wp-json\/wp\/v2\/posts\/1842","targetHints":{"allow":["GET"]}}],"collection":[{"href":"https:\/\/ckcpr.fr\/index.php\/wp-json\/wp\/v2\/posts"}],"about":[{"href":"https:\/\/ckcpr.fr\/index.php\/wp-json\/wp\/v2\/types\/post"}],"author":[{"embeddable":true,"href":"https:\/\/ckcpr.fr\/index.php\/wp-json\/wp\/v2\/users\/14"}],"replies":[{"embeddable":true,"href":"https:\/\/ckcpr.fr\/index.php\/wp-json\/wp\/v2\/comments?post=1842"}],"version-history":[{"count":0,"href":"https:\/\/ckcpr.fr\/index.php\/wp-json\/wp\/v2\/posts\/1842\/revisions"}],"wp:featuredmedia":[{"embeddable":true,"href":"https:\/\/ckcpr.fr\/index.php\/wp-json\/"}],"wp:attachment":[{"href":"https:\/\/ckcpr.fr\/index.php\/wp-json\/wp\/v2\/media?parent=1842"}],"wp:term":[{"taxonomy":"category","embeddable":true,"href":"https:\/\/ckcpr.fr\/index.php\/wp-json\/wp\/v2\/categories?post=1842"},{"taxonomy":"post_tag","embeddable":true,"href":"https:\/\/ckcpr.fr\/index.php\/wp-json\/wp\/v2\/tags?post=1842"}],"curies":[{"name":"wp","href":"https:\/\/api.w.org\/{rel}","templated":true}]}}