{"id":1868,"date":"2018-05-27T07:43:22","date_gmt":"2018-05-27T07:43:22","guid":{"rendered":"https:\/\/ckcpr.fr\/index.php\/2018\/05\/27\/championnat-de-france-descente-classique\/"},"modified":"2018-05-27T07:43:22","modified_gmt":"2018-05-27T07:43:22","slug":"championnat-de-france-descente-classique","status":"publish","type":"post","link":"https:\/\/ckcpr.fr\/index.php\/2018\/05\/27\/championnat-de-france-descente-classique\/","title":{"rendered":"Championnat de France descente classique 2018"},"content":{"rendered":"<p>Le week-end du 19 et 20 juin 2018 se sont d\u00e9roul\u00e9s les championnats de France classique (course longue, 10 \u00e0 30 min), qui se tenaient \u00e0 Treignac en Corr\u00e8ze (19), o\u00f9 16 licenci\u00e9s du Cano\u00eb-Kayak Club de Pont-R\u00e9an se sont lanc\u00e9s sur la V\u00e9zere, une rivi\u00e8re mythique de la descente de rivi\u00e8re, qui a accueilli les tous premiers championnats du monde en 1959 et de nouveau en 2000, et accueillera en 2019 une manche des coupes du Monde et en 2022 les Championnats du Monde. Un parcours diff\u00e9rent pour les cadets que pour les juniors, seniors et v\u00e9t\u00e9rans, afin que chacun y retrouve son compte. Les cadets se sont donc lanc\u00e9 dimanche matin 5 km au-dessus du Pont Finot, sur un parcours de classe 2 pour un magnifique finish sur le<br \/>\nsprint. L\u2019apr\u00e8s-midi les trois juniors et les 8 seniors ont eux, courus sur un parcours d\\&rsquo;environ 8 km de classe 3 passages 4, o\u00f9 il a fallu jouer entre les cailloux et les vagues tous le long de la course.<br \/>\nL\\&rsquo;aisance en eaux-vives faite tout au long de l\\&rsquo;ann\u00e9e \u00e0 permis de tr\u00e8s beaux r\u00e9sultats, notamment pour Tony Debray qui d\u00e9croche le titre de champion de France en cano\u00eb biplace avec son co\u00e9quipier Louis Lapointe. Et prend un 5\u00e8me en monoplace avec un bateau plein d\\&rsquo;eau l\\&rsquo;excluant du podium. De tr\u00e8s belles performances \u00e9galement pour H\u00e9l\u00e8ne Ragu\u00e9n\u00e8s qui se place 2\u00e9me au classement junior et senior en cano\u00eb et d\u00e9croche un \u00e9tonnant titre en kayak junior, une surprise de<br \/>\nplus pour cette saison.<\/p>\n<p>&nbsp;<\/p>\n<p><a href=\\\"https:\/\/ckcpr.fr\/championnat-de-france-descente-classique\/myriam-treignac\/\\\" rel=\\\"attachment wp-att-1875\\\"><img class=\\\"wp-image-1875 alignleft\\\" src=\\\"https:\/\/ckcpr.fr\/wordpress\/wp-content\/uploads\/2018\/05\/Myriam-Treignac-300x200.jpg\\\" alt=\\\"\\\" width=\\\"338\\\" height=\\\"225\\\" \/><\/a>R\u00e9sultats de la classique :<br \/>\nKayak dame :<br \/>\n\u2013 Ad\u00e8le Caiveau, ouvreuse<br \/>\n\u2013 Mathilde Le Solliec, 16\u00e8me cadette<br \/>\n\u2013 \u00c9lodie Morin-Serot, 13\u00e8me cadette<br \/>\n\u2013 Elena Spindler, 9\u00e8me junior<br \/>\n\u2013 Myriam Le Joncourt 8\u00e8me senior<br \/>\n&#8212; Oc\u00e9ane Le Gall 17\u00e8me senior<br \/>\nCano\u00eb biplace dame :<br \/>\n\u2013 Elena Spindler et \u00c9lodie Morin-Serot, 2\u00e8me junior<\/p>\n<p>Kayak homme :<br \/>\n\u2013 Lo\u00efg Massot, ouvreur<img class=\\\"size-medium wp-image-1872 alignright\\\" src=\\\"https:\/\/ckcpr.fr\/wordpress\/wp-content\/uploads\/2018\/05\/H\u00e9l\u00e9na-Treignac-300x200.jpg\\\" alt=\\\"\\\" width=\\\"300\\\" height=\\\"200\\\" \/> \u2013 Louis Forgeard, 7\u00e8me junior<br \/>\n\u2013 Mathieu Ravarino, 32\u00e8me senior<br \/>\n\u2013 Thibault Ravarino, 21\u00e8me senior<br \/>\n\u2013 Maxence Guiziou, 30\u00e8me senior<br \/>\nCano\u00eb homme :\u00a0\u2013 Alexis Letellier, cadet, 8\u00e8me<br \/>\n&#8212; Pierre Deseuste, senior, 17\u00e8me<br \/>\nCano\u00eb biplace :<br \/>\n\u2013 Mathieu Ravarino et Thomas Spindler, 11\u00e8me senior<br \/>\n\u2013 Pierre Deuseust et Julien Saliba (Torcy), 8\u00e8me senior<\/p>\n<p>Les courses par \u00e9quipes se sont d\u00e9roul\u00e9es ce lundi matin, quatre patrouilles align\u00e9es au d\u00e9part:<br \/>\nEn kayak homme senior L. Forgeard, M. Guiziou et T. Ravarino la 7\u00e8me place<br \/>\nEn kayak dame junior, E.Spindler, E. Morin-Serot et H. Ragu\u00e9n\u00e8s d\u00e9crochent la 4\u00e8me place.<br \/>\nEn cano\u00eb biplace senior, M. LeJoncourt, T. Debray, M. et T. Ravarino, P. Deuseust, et T. Spindler terminent 4\u00e8me<br \/>\nEn cano\u00eb dame M. Le Joncourt, E. Morin-Serot et H. Ragu\u00e9n\u00e8s prennent une deuxi\u00e8me place !<\/p>\n<p>H\u00e9l\u00e8ne RAGUENES<\/p>\n<p><a href=\\\"https:\/\/ckcpr.fr\/championnat-de-france-descente-classique\/helene-treignac\/\\\" rel=\\\"attachment wp-att-1873\\\"><img class=\\\" wp-image-1873 alignleft\\\" src=\\\"https:\/\/ckcpr.fr\/wordpress\/wp-content\/uploads\/2018\/05\/H\u00e9l\u00e8ne-Treignac-300x200.jpg\\\" alt=\\\"\\\" width=\\\"329\\\" height=\\\"219\\\" \/><\/a><a href=\\\"https:\/\/ckcpr.fr\/championnat-de-france-descente-classique\/treignac-c2-filles\/\\\" rel=\\\"attachment wp-att-1877\\\"><img class=\\\"wp-image-1877 alignnone\\\" src=\\\"https:\/\/ckcpr.fr\/wordpress\/wp-content\/uploads\/2018\/05\/Treignac-C2-filles-225x300.jpg\\\" alt=\\\"\\\" width=\\\"289\\\" height=\\\"386\\\" \/><\/a><img class=\\\"wp-image-1874 alignright\\\" src=\\\"https:\/\/ckcpr.fr\/wordpress\/wp-content\/uploads\/2018\/05\/Mathieu-Treignac-300x225.jpg\\\" alt=\\\"\\\" width=\\\"331\\\" height=\\\"248\\\" \/><img class=\\\"wp-image-1876 alignright\\\" src=\\\"https:\/\/ckcpr.fr\/wordpress\/wp-content\/uploads\/2018\/05\/Oc\u00e9ane-Treignac-300x200.jpg\\\" alt=\\\"\\\" width=\\\"315\\\" height=\\\"209\\\" \/><\/p>\n","protected":false},"excerpt":{"rendered":"<p>Le week-end du 19 et 20 juin 2018 se sont d\u00e9roul\u00e9s les championnats de France classique (course longue, 10 \u00e0 30 min), qui se tenaient \u00e0 Treignac en Corr\u00e8ze (19), o\u00f9 16 licenci\u00e9s du Cano\u00eb-Kayak Club de Pont-R\u00e9an se sont lanc\u00e9s sur la V\u00e9zere, une rivi\u00e8re mythique de la descente de rivi\u00e8re, qui a accueilli [&hellip;]<\/p>\n","protected":false},"author":14,"featured_media":1871,"comment_status":"closed","ping_status":"open","sticky":false,"template":"","format":"standard","meta":{"site-sidebar-layout":"default","site-content-layout":"","ast-site-content-layout":"default","site-content-style":"default","site-sidebar-style":"default","ast-global-header-display":"","ast-banner-title-visibility":"","ast-main-header-display":"","ast-hfb-above-header-display":"","ast-hfb-below-header-display":"","ast-hfb-mobile-header-display":"","site-post-title":"","ast-breadcrumbs-content":"","ast-featured-img":"","footer-sml-layout":"","ast-disable-related-posts":"","theme-transparent-header-meta":"","adv-header-id-meta":"","stick-header-meta":"","header-above-stick-meta":"","header-main-stick-meta":"","header-below-stick-meta":"","astra-migrate-meta-layouts":"default","ast-page-background-enabled":"default","ast-page-background-meta":{"desktop":{"background-color":"","background-image":"","background-repeat":"repeat","background-position":"center center","background-size":"auto","background-attachment":"scroll","background-type":"","background-media":"","overlay-type":"","overlay-color":"","overlay-opacity":"","overlay-gradient":""},"tablet":{"background-color":"","background-image":"","background-repeat":"repeat","background-position":"center center","background-size":"auto","background-attachment":"scroll","background-type":"","background-media":"","overlay-type":"","overlay-color":"","overlay-opacity":"","overlay-gradient":""},"mobile":{"background-color":"","background-image":"","background-repeat":"repeat","background-position":"center center","background-size":"auto","background-attachment":"scroll","background-type":"","background-media":"","overlay-type":"","overlay-color":"","overlay-opacity":"","overlay-gradient":""}},"ast-content-background-meta":{"desktop":{"background-color":"var(--ast-global-color-5)","background-image":"","background-repeat":"repeat","background-position":"center center","background-size":"auto","background-attachment":"scroll","background-type":"","background-media":"","overlay-type":"","overlay-color":"","overlay-opacity":"","overlay-gradient":""},"tablet":{"background-color":"var(--ast-global-color-5)","background-image":"","background-repeat":"repeat","background-position":"center center","background-size":"auto","background-attachment":"scroll","background-type":"","background-media":"","overlay-type":"","overlay-color":"","overlay-opacity":"","overlay-gradient":""},"mobile":{"background-color":"var(--ast-global-color-5)","background-image":"","background-repeat":"repeat","background-position":"center center","background-size":"auto","background-attachment":"scroll","background-type":"","background-media":"","overlay-type":"","overlay-color":"","overlay-opacity":"","overlay-gradient":""}},"footnotes":""},"categories":[109],"tags":[],"class_list":["post-1868","post","type-post","status-publish","format-standard","has-post-thumbnail","hentry","category-autres"],"yoast_head":"<!-- This site is optimized with the Yoast SEO plugin v27.5 - https:\/\/yoast.com\/product\/yoast-seo-wordpress\/ -->\n<title>Championnat de France descente classique 2018 - Cano\u00eb-Kayak Club de Pont-R\u00e9an<\/title>\n<meta name=\"robots\" content=\"index, follow, max-snippet:-1, max-image-preview:large, max-video-preview:-1\" \/>\n<link rel=\"canonical\" href=\"https:\/\/ckcpr.fr\/index.php\/2018\/05\/27\/championnat-de-france-descente-classique\/\" \/>\n<meta property=\"og:locale\" content=\"fr_FR\" \/>\n<meta property=\"og:type\" content=\"article\" \/>\n<meta property=\"og:title\" content=\"Championnat de France descente classique 2018 - Cano\u00eb-Kayak Club de Pont-R\u00e9an\" \/>\n<meta property=\"og:description\" content=\"Le week-end du 19 et 20 juin 2018 se sont d\u00e9roul\u00e9s les championnats de France classique (course longue, 10 \u00e0 30 min), qui se tenaient \u00e0 Treignac en Corr\u00e8ze (19), o\u00f9 16 licenci\u00e9s du Cano\u00eb-Kayak Club de Pont-R\u00e9an se sont lanc\u00e9s sur la V\u00e9zere, une rivi\u00e8re mythique de la descente de rivi\u00e8re, qui a accueilli [&hellip;]\" \/>\n<meta property=\"og:url\" content=\"https:\/\/ckcpr.fr\/index.php\/2018\/05\/27\/championnat-de-france-descente-classique\/\" \/>\n<meta property=\"og:site_name\" content=\"Cano\u00eb-Kayak Club de Pont-R\u00e9an\" \/>\n<meta property=\"article:published_time\" content=\"2018-05-27T07:43:22+00:00\" \/>\n<meta name=\"author\" content=\"Bubu\" \/>\n<meta name=\"twitter:label1\" content=\"\u00c9crit par\" \/>\n\t<meta name=\"twitter:data1\" content=\"Bubu\" \/>\n\t<meta name=\"twitter:label2\" content=\"Dur\u00e9e de lecture estim\u00e9e\" \/>\n\t<meta name=\"twitter:data2\" content=\"2 minutes\" \/>\n<script type=\"application\/ld+json\" class=\"yoast-schema-graph\">{\"@context\":\"https:\\\/\\\/schema.org\",\"@graph\":[{\"@type\":\"Article\",\"@id\":\"https:\\\/\\\/ckcpr.fr\\\/index.php\\\/2018\\\/05\\\/27\\\/championnat-de-france-descente-classique\\\/#article\",\"isPartOf\":{\"@id\":\"https:\\\/\\\/ckcpr.fr\\\/index.php\\\/2018\\\/05\\\/27\\\/championnat-de-france-descente-classique\\\/\"},\"author\":{\"name\":\"Bubu\",\"@id\":\"https:\\\/\\\/ckcpr.fr\\\/#\\\/schema\\\/person\\\/bb83b4f4ecb046538577160b8771e990\"},\"headline\":\"Championnat de France descente classique 2018\",\"datePublished\":\"2018-05-27T07:43:22+00:00\",\"mainEntityOfPage\":{\"@id\":\"https:\\\/\\\/ckcpr.fr\\\/index.php\\\/2018\\\/05\\\/27\\\/championnat-de-france-descente-classique\\\/\"},\"wordCount\":459,\"publisher\":{\"@id\":\"https:\\\/\\\/ckcpr.fr\\\/#organization\"},\"image\":{\"@id\":\"https:\\\/\\\/ckcpr.fr\\\/index.php\\\/2018\\\/05\\\/27\\\/championnat-de-france-descente-classique\\\/#primaryimage\"},\"thumbnailUrl\":\"\",\"articleSection\":[\"Autres\"],\"inLanguage\":\"fr-FR\"},{\"@type\":\"WebPage\",\"@id\":\"https:\\\/\\\/ckcpr.fr\\\/index.php\\\/2018\\\/05\\\/27\\\/championnat-de-france-descente-classique\\\/\",\"url\":\"https:\\\/\\\/ckcpr.fr\\\/index.php\\\/2018\\\/05\\\/27\\\/championnat-de-france-descente-classique\\\/\",\"name\":\"Championnat de France descente classique 2018 - Cano\u00eb-Kayak Club de Pont-R\u00e9an\",\"isPartOf\":{\"@id\":\"https:\\\/\\\/ckcpr.fr\\\/#website\"},\"primaryImageOfPage\":{\"@id\":\"https:\\\/\\\/ckcpr.fr\\\/index.php\\\/2018\\\/05\\\/27\\\/championnat-de-france-descente-classique\\\/#primaryimage\"},\"image\":{\"@id\":\"https:\\\/\\\/ckcpr.fr\\\/index.php\\\/2018\\\/05\\\/27\\\/championnat-de-france-descente-classique\\\/#primaryimage\"},\"thumbnailUrl\":\"\",\"datePublished\":\"2018-05-27T07:43:22+00:00\",\"breadcrumb\":{\"@id\":\"https:\\\/\\\/ckcpr.fr\\\/index.php\\\/2018\\\/05\\\/27\\\/championnat-de-france-descente-classique\\\/#breadcrumb\"},\"inLanguage\":\"fr-FR\",\"potentialAction\":[{\"@type\":\"ReadAction\",\"target\":[\"https:\\\/\\\/ckcpr.fr\\\/index.php\\\/2018\\\/05\\\/27\\\/championnat-de-france-descente-classique\\\/\"]}]},{\"@type\":\"ImageObject\",\"inLanguage\":\"fr-FR\",\"@id\":\"https:\\\/\\\/ckcpr.fr\\\/index.php\\\/2018\\\/05\\\/27\\\/championnat-de-france-descente-classique\\\/#primaryimage\",\"url\":\"\",\"contentUrl\":\"\"},{\"@type\":\"BreadcrumbList\",\"@id\":\"https:\\\/\\\/ckcpr.fr\\\/index.php\\\/2018\\\/05\\\/27\\\/championnat-de-france-descente-classique\\\/#breadcrumb\",\"itemListElement\":[{\"@type\":\"ListItem\",\"position\":1,\"name\":\"Accueil\",\"item\":\"https:\\\/\\\/ckcpr.fr\\\/\"},{\"@type\":\"ListItem\",\"position\":2,\"name\":\"Championnat de France descente classique 2018\"}]},{\"@type\":\"WebSite\",\"@id\":\"https:\\\/\\\/ckcpr.fr\\\/#website\",\"url\":\"https:\\\/\\\/ckcpr.fr\\\/\",\"name\":\"Cano\u00eb-Kayak Club de Pont-R\u00e9an\",\"description\":\"\",\"publisher\":{\"@id\":\"https:\\\/\\\/ckcpr.fr\\\/#organization\"},\"potentialAction\":[{\"@type\":\"SearchAction\",\"target\":{\"@type\":\"EntryPoint\",\"urlTemplate\":\"https:\\\/\\\/ckcpr.fr\\\/?s={search_term_string}\"},\"query-input\":{\"@type\":\"PropertyValueSpecification\",\"valueRequired\":true,\"valueName\":\"search_term_string\"}}],\"inLanguage\":\"fr-FR\"},{\"@type\":\"Organization\",\"@id\":\"https:\\\/\\\/ckcpr.fr\\\/#organization\",\"name\":\"Cano\u00eb-Kayak Club de Pont-R\u00e9an\",\"url\":\"https:\\\/\\\/ckcpr.fr\\\/\",\"logo\":{\"@type\":\"ImageObject\",\"inLanguage\":\"fr-FR\",\"@id\":\"https:\\\/\\\/ckcpr.fr\\\/#\\\/schema\\\/logo\\\/image\\\/\",\"url\":\"https:\\\/\\\/ckcpr.fr\\\/wp-content\\\/uploads\\\/2022\\\/03\\\/cropped-cropped-Logo_ckcpr_horizontal.jpg\",\"contentUrl\":\"https:\\\/\\\/ckcpr.fr\\\/wp-content\\\/uploads\\\/2022\\\/03\\\/cropped-cropped-Logo_ckcpr_horizontal.jpg\",\"width\":468,\"height\":156,\"caption\":\"Cano\u00eb-Kayak Club de Pont-R\u00e9an\"},\"image\":{\"@id\":\"https:\\\/\\\/ckcpr.fr\\\/#\\\/schema\\\/logo\\\/image\\\/\"}},{\"@type\":\"Person\",\"@id\":\"https:\\\/\\\/ckcpr.fr\\\/#\\\/schema\\\/person\\\/bb83b4f4ecb046538577160b8771e990\",\"name\":\"Bubu\",\"image\":{\"@type\":\"ImageObject\",\"inLanguage\":\"fr-FR\",\"@id\":\"https:\\\/\\\/secure.gravatar.com\\\/avatar\\\/?s=96&d=mm&r=g\",\"url\":\"https:\\\/\\\/secure.gravatar.com\\\/avatar\\\/?s=96&d=mm&r=g\",\"contentUrl\":\"https:\\\/\\\/secure.gravatar.com\\\/avatar\\\/?s=96&d=mm&r=g\",\"caption\":\"Bubu\"},\"url\":\"https:\\\/\\\/ckcpr.fr\\\/index.php\\\/author\\\/bubu\\\/\"}]}<\/script>\n<!-- \/ Yoast SEO plugin. -->","yoast_head_json":{"title":"Championnat de France descente classique 2018 - Cano\u00eb-Kayak Club de Pont-R\u00e9an","robots":{"index":"index","follow":"follow","max-snippet":"max-snippet:-1","max-image-preview":"max-image-preview:large","max-video-preview":"max-video-preview:-1"},"canonical":"https:\/\/ckcpr.fr\/index.php\/2018\/05\/27\/championnat-de-france-descente-classique\/","og_locale":"fr_FR","og_type":"article","og_title":"Championnat de France descente classique 2018 - Cano\u00eb-Kayak Club de Pont-R\u00e9an","og_description":"Le week-end du 19 et 20 juin 2018 se sont d\u00e9roul\u00e9s les championnats de France classique (course longue, 10 \u00e0 30 min), qui se tenaient \u00e0 Treignac en Corr\u00e8ze (19), o\u00f9 16 licenci\u00e9s du Cano\u00eb-Kayak Club de Pont-R\u00e9an se sont lanc\u00e9s sur la V\u00e9zere, une rivi\u00e8re mythique de la descente de rivi\u00e8re, qui a accueilli [&hellip;]","og_url":"https:\/\/ckcpr.fr\/index.php\/2018\/05\/27\/championnat-de-france-descente-classique\/","og_site_name":"Cano\u00eb-Kayak Club de Pont-R\u00e9an","article_published_time":"2018-05-27T07:43:22+00:00","author":"Bubu","twitter_misc":{"\u00c9crit par":"Bubu","Dur\u00e9e de lecture estim\u00e9e":"2 minutes"},"schema":{"@context":"https:\/\/schema.org","@graph":[{"@type":"Article","@id":"https:\/\/ckcpr.fr\/index.php\/2018\/05\/27\/championnat-de-france-descente-classique\/#article","isPartOf":{"@id":"https:\/\/ckcpr.fr\/index.php\/2018\/05\/27\/championnat-de-france-descente-classique\/"},"author":{"name":"Bubu","@id":"https:\/\/ckcpr.fr\/#\/schema\/person\/bb83b4f4ecb046538577160b8771e990"},"headline":"Championnat de France descente classique 2018","datePublished":"2018-05-27T07:43:22+00:00","mainEntityOfPage":{"@id":"https:\/\/ckcpr.fr\/index.php\/2018\/05\/27\/championnat-de-france-descente-classique\/"},"wordCount":459,"publisher":{"@id":"https:\/\/ckcpr.fr\/#organization"},"image":{"@id":"https:\/\/ckcpr.fr\/index.php\/2018\/05\/27\/championnat-de-france-descente-classique\/#primaryimage"},"thumbnailUrl":"","articleSection":["Autres"],"inLanguage":"fr-FR"},{"@type":"WebPage","@id":"https:\/\/ckcpr.fr\/index.php\/2018\/05\/27\/championnat-de-france-descente-classique\/","url":"https:\/\/ckcpr.fr\/index.php\/2018\/05\/27\/championnat-de-france-descente-classique\/","name":"Championnat de France descente classique 2018 - Cano\u00eb-Kayak Club de Pont-R\u00e9an","isPartOf":{"@id":"https:\/\/ckcpr.fr\/#website"},"primaryImageOfPage":{"@id":"https:\/\/ckcpr.fr\/index.php\/2018\/05\/27\/championnat-de-france-descente-classique\/#primaryimage"},"image":{"@id":"https:\/\/ckcpr.fr\/index.php\/2018\/05\/27\/championnat-de-france-descente-classique\/#primaryimage"},"thumbnailUrl":"","datePublished":"2018-05-27T07:43:22+00:00","breadcrumb":{"@id":"https:\/\/ckcpr.fr\/index.php\/2018\/05\/27\/championnat-de-france-descente-classique\/#breadcrumb"},"inLanguage":"fr-FR","potentialAction":[{"@type":"ReadAction","target":["https:\/\/ckcpr.fr\/index.php\/2018\/05\/27\/championnat-de-france-descente-classique\/"]}]},{"@type":"ImageObject","inLanguage":"fr-FR","@id":"https:\/\/ckcpr.fr\/index.php\/2018\/05\/27\/championnat-de-france-descente-classique\/#primaryimage","url":"","contentUrl":""},{"@type":"BreadcrumbList","@id":"https:\/\/ckcpr.fr\/index.php\/2018\/05\/27\/championnat-de-france-descente-classique\/#breadcrumb","itemListElement":[{"@type":"ListItem","position":1,"name":"Accueil","item":"https:\/\/ckcpr.fr\/"},{"@type":"ListItem","position":2,"name":"Championnat de France descente classique 2018"}]},{"@type":"WebSite","@id":"https:\/\/ckcpr.fr\/#website","url":"https:\/\/ckcpr.fr\/","name":"Cano\u00eb-Kayak Club de Pont-R\u00e9an","description":"","publisher":{"@id":"https:\/\/ckcpr.fr\/#organization"},"potentialAction":[{"@type":"SearchAction","target":{"@type":"EntryPoint","urlTemplate":"https:\/\/ckcpr.fr\/?s={search_term_string}"},"query-input":{"@type":"PropertyValueSpecification","valueRequired":true,"valueName":"search_term_string"}}],"inLanguage":"fr-FR"},{"@type":"Organization","@id":"https:\/\/ckcpr.fr\/#organization","name":"Cano\u00eb-Kayak Club de Pont-R\u00e9an","url":"https:\/\/ckcpr.fr\/","logo":{"@type":"ImageObject","inLanguage":"fr-FR","@id":"https:\/\/ckcpr.fr\/#\/schema\/logo\/image\/","url":"https:\/\/ckcpr.fr\/wp-content\/uploads\/2022\/03\/cropped-cropped-Logo_ckcpr_horizontal.jpg","contentUrl":"https:\/\/ckcpr.fr\/wp-content\/uploads\/2022\/03\/cropped-cropped-Logo_ckcpr_horizontal.jpg","width":468,"height":156,"caption":"Cano\u00eb-Kayak Club de Pont-R\u00e9an"},"image":{"@id":"https:\/\/ckcpr.fr\/#\/schema\/logo\/image\/"}},{"@type":"Person","@id":"https:\/\/ckcpr.fr\/#\/schema\/person\/bb83b4f4ecb046538577160b8771e990","name":"Bubu","image":{"@type":"ImageObject","inLanguage":"fr-FR","@id":"https:\/\/secure.gravatar.com\/avatar\/?s=96&d=mm&r=g","url":"https:\/\/secure.gravatar.com\/avatar\/?s=96&d=mm&r=g","contentUrl":"https:\/\/secure.gravatar.com\/avatar\/?s=96&d=mm&r=g","caption":"Bubu"},"url":"https:\/\/ckcpr.fr\/index.php\/author\/bubu\/"}]}},"_links":{"self":[{"href":"https:\/\/ckcpr.fr\/index.php\/wp-json\/wp\/v2\/posts\/1868","targetHints":{"allow":["GET"]}}],"collection":[{"href":"https:\/\/ckcpr.fr\/index.php\/wp-json\/wp\/v2\/posts"}],"about":[{"href":"https:\/\/ckcpr.fr\/index.php\/wp-json\/wp\/v2\/types\/post"}],"author":[{"embeddable":true,"href":"https:\/\/ckcpr.fr\/index.php\/wp-json\/wp\/v2\/users\/14"}],"replies":[{"embeddable":true,"href":"https:\/\/ckcpr.fr\/index.php\/wp-json\/wp\/v2\/comments?post=1868"}],"version-history":[{"count":0,"href":"https:\/\/ckcpr.fr\/index.php\/wp-json\/wp\/v2\/posts\/1868\/revisions"}],"wp:featuredmedia":[{"embeddable":true,"href":"https:\/\/ckcpr.fr\/index.php\/wp-json\/"}],"wp:attachment":[{"href":"https:\/\/ckcpr.fr\/index.php\/wp-json\/wp\/v2\/media?parent=1868"}],"wp:term":[{"taxonomy":"category","embeddable":true,"href":"https:\/\/ckcpr.fr\/index.php\/wp-json\/wp\/v2\/categories?post=1868"},{"taxonomy":"post_tag","embeddable":true,"href":"https:\/\/ckcpr.fr\/index.php\/wp-json\/wp\/v2\/tags?post=1868"}],"curies":[{"name":"wp","href":"https:\/\/api.w.org\/{rel}","templated":true}]}}