{"id":3034,"date":"2016-06-27T19:44:20","date_gmt":"2016-06-27T19:44:20","guid":{"rendered":"https:\/\/ckcpr.fr\/index.php\/2016\/06\/27\/derniere-journee-de-championnat-regional-kayak-polo\/"},"modified":"2016-06-27T19:44:20","modified_gmt":"2016-06-27T19:44:20","slug":"derniere-journee-de-championnat-regional-kayak-polo","status":"publish","type":"post","link":"https:\/\/ckcpr.fr\/index.php\/2016\/06\/27\/derniere-journee-de-championnat-regional-kayak-polo\/","title":{"rendered":"Derni\u00e8re journ\u00e9e de championnat r\u00e9gional kayak polo"},"content":{"rendered":"<p>En ce dimanche 26 juin, la jeune \u00e9quipe de Pont-R\u00e9an a r\u00e9ussi son pari : NE PAS TERMINER DERNIERE du championnat. Pari r\u00e9ussi elle termine 10\u00e8me ex-aequo avec les ornithorynques brestois sur 13 \u00e9quipes engag\u00e9es ! Dinard termine premi\u00e8re devant Acign\u00e9 V et Broc\u00e9liande 1.<br \/>\nToute l\u2019\u00e9quipe a su montrer, gr\u00e2ce \u00e0 sa pers\u00e9v\u00e9rance, son assiduit\u00e9 et surtout une superbe entente (\u00e9corn\u00e9e parfois par les erreurs dues au manque de maturit\u00e9 et d\u2019exp\u00e9rience) une motivation et un r\u00e9el progr\u00e8s tant au niveau bateau qu\u2019au niveau de jeu. Continuez comme \u00e7a l\u2019ann\u00e9e prochaine c\u2019est super motivant !<br \/>\nMerci Mathilde, Katell, Yuna, Antoine, Antonin, Titouan, Florian, Marin, Elouenn et GG (ainsi que Thomas lors de la premi\u00e8re journ\u00e9e).<br \/>\nProchain rendez-vous les 17 et 18 septembre 2016 pour la BreizhCup \u00e0 Acign\u00e9.<\/p>\n","protected":false},"excerpt":{"rendered":"<p>En ce dimanche 26 juin, la jeune \u00e9quipe de Pont-R\u00e9an a r\u00e9ussi son pari : NE PAS TERMINER DERNIERE du championnat. Pari r\u00e9ussi elle termine 10\u00e8me ex-aequo avec les ornithorynques brestois sur 13 \u00e9quipes engag\u00e9es ! Dinard termine premi\u00e8re devant Acign\u00e9 V et Broc\u00e9liande 1. Toute l\u2019\u00e9quipe a su montrer, gr\u00e2ce \u00e0 sa pers\u00e9v\u00e9rance, son [&hellip;]<\/p>\n","protected":false},"author":14,"featured_media":1023,"comment_status":"closed","ping_status":"open","sticky":false,"template":"","format":"standard","meta":{"site-sidebar-layout":"default","site-content-layout":"","ast-site-content-layout":"default","site-content-style":"default","site-sidebar-style":"default","ast-global-header-display":"","ast-banner-title-visibility":"","ast-main-header-display":"","ast-hfb-above-header-display":"","ast-hfb-below-header-display":"","ast-hfb-mobile-header-display":"","site-post-title":"","ast-breadcrumbs-content":"","ast-featured-img":"","footer-sml-layout":"","ast-disable-related-posts":"","theme-transparent-header-meta":"","adv-header-id-meta":"","stick-header-meta":"","header-above-stick-meta":"","header-main-stick-meta":"","header-below-stick-meta":"","astra-migrate-meta-layouts":"default","ast-page-background-enabled":"default","ast-page-background-meta":{"desktop":{"background-color":"","background-image":"","background-repeat":"repeat","background-position":"center center","background-size":"auto","background-attachment":"scroll","background-type":"","background-media":"","overlay-type":"","overlay-color":"","overlay-opacity":"","overlay-gradient":""},"tablet":{"background-color":"","background-image":"","background-repeat":"repeat","background-position":"center center","background-size":"auto","background-attachment":"scroll","background-type":"","background-media":"","overlay-type":"","overlay-color":"","overlay-opacity":"","overlay-gradient":""},"mobile":{"background-color":"","background-image":"","background-repeat":"repeat","background-position":"center center","background-size":"auto","background-attachment":"scroll","background-type":"","background-media":"","overlay-type":"","overlay-color":"","overlay-opacity":"","overlay-gradient":""}},"ast-content-background-meta":{"desktop":{"background-color":"var(--ast-global-color-5)","background-image":"","background-repeat":"repeat","background-position":"center center","background-size":"auto","background-attachment":"scroll","background-type":"","background-media":"","overlay-type":"","overlay-color":"","overlay-opacity":"","overlay-gradient":""},"tablet":{"background-color":"var(--ast-global-color-5)","background-image":"","background-repeat":"repeat","background-position":"center center","background-size":"auto","background-attachment":"scroll","background-type":"","background-media":"","overlay-type":"","overlay-color":"","overlay-opacity":"","overlay-gradient":""},"mobile":{"background-color":"var(--ast-global-color-5)","background-image":"","background-repeat":"repeat","background-position":"center center","background-size":"auto","background-attachment":"scroll","background-type":"","background-media":"","overlay-type":"","overlay-color":"","overlay-opacity":"","overlay-gradient":""}},"footnotes":""},"categories":[109],"tags":[],"class_list":["post-3034","post","type-post","status-publish","format-standard","has-post-thumbnail","hentry","category-autres"],"yoast_head":"<!-- This site is optimized with the Yoast SEO plugin v27.5 - https:\/\/yoast.com\/product\/yoast-seo-wordpress\/ -->\n<title>Derni\u00e8re journ\u00e9e de championnat r\u00e9gional kayak polo - Cano\u00eb-Kayak Club de Pont-R\u00e9an<\/title>\n<meta name=\"robots\" content=\"index, follow, max-snippet:-1, max-image-preview:large, max-video-preview:-1\" \/>\n<link rel=\"canonical\" href=\"https:\/\/ckcpr.fr\/index.php\/2016\/06\/27\/derniere-journee-de-championnat-regional-kayak-polo\/\" \/>\n<meta property=\"og:locale\" content=\"fr_FR\" \/>\n<meta property=\"og:type\" content=\"article\" \/>\n<meta property=\"og:title\" content=\"Derni\u00e8re journ\u00e9e de championnat r\u00e9gional kayak polo - Cano\u00eb-Kayak Club de Pont-R\u00e9an\" \/>\n<meta property=\"og:description\" content=\"En ce dimanche 26 juin, la jeune \u00e9quipe de Pont-R\u00e9an a r\u00e9ussi son pari : NE PAS TERMINER DERNIERE du championnat. Pari r\u00e9ussi elle termine 10\u00e8me ex-aequo avec les ornithorynques brestois sur 13 \u00e9quipes engag\u00e9es ! Dinard termine premi\u00e8re devant Acign\u00e9 V et Broc\u00e9liande 1. Toute l\u2019\u00e9quipe a su montrer, gr\u00e2ce \u00e0 sa pers\u00e9v\u00e9rance, son [&hellip;]\" \/>\n<meta property=\"og:url\" content=\"https:\/\/ckcpr.fr\/index.php\/2016\/06\/27\/derniere-journee-de-championnat-regional-kayak-polo\/\" \/>\n<meta property=\"og:site_name\" content=\"Cano\u00eb-Kayak Club de Pont-R\u00e9an\" \/>\n<meta property=\"article:published_time\" content=\"2016-06-27T19:44:20+00:00\" \/>\n<meta name=\"author\" content=\"Bubu\" \/>\n<meta name=\"twitter:label1\" content=\"\u00c9crit par\" \/>\n\t<meta name=\"twitter:data1\" content=\"Bubu\" \/>\n\t<meta name=\"twitter:label2\" content=\"Dur\u00e9e de lecture estim\u00e9e\" \/>\n\t<meta name=\"twitter:data2\" content=\"1 minute\" \/>\n<script type=\"application\/ld+json\" class=\"yoast-schema-graph\">{\"@context\":\"https:\\\/\\\/schema.org\",\"@graph\":[{\"@type\":\"Article\",\"@id\":\"https:\\\/\\\/ckcpr.fr\\\/index.php\\\/2016\\\/06\\\/27\\\/derniere-journee-de-championnat-regional-kayak-polo\\\/#article\",\"isPartOf\":{\"@id\":\"https:\\\/\\\/ckcpr.fr\\\/index.php\\\/2016\\\/06\\\/27\\\/derniere-journee-de-championnat-regional-kayak-polo\\\/\"},\"author\":{\"name\":\"Bubu\",\"@id\":\"https:\\\/\\\/ckcpr.fr\\\/#\\\/schema\\\/person\\\/bb83b4f4ecb046538577160b8771e990\"},\"headline\":\"Derni\u00e8re journ\u00e9e de championnat r\u00e9gional kayak polo\",\"datePublished\":\"2016-06-27T19:44:20+00:00\",\"mainEntityOfPage\":{\"@id\":\"https:\\\/\\\/ckcpr.fr\\\/index.php\\\/2016\\\/06\\\/27\\\/derniere-journee-de-championnat-regional-kayak-polo\\\/\"},\"wordCount\":149,\"publisher\":{\"@id\":\"https:\\\/\\\/ckcpr.fr\\\/#organization\"},\"image\":{\"@id\":\"https:\\\/\\\/ckcpr.fr\\\/index.php\\\/2016\\\/06\\\/27\\\/derniere-journee-de-championnat-regional-kayak-polo\\\/#primaryimage\"},\"thumbnailUrl\":\"\",\"articleSection\":[\"Autres\"],\"inLanguage\":\"fr-FR\"},{\"@type\":\"WebPage\",\"@id\":\"https:\\\/\\\/ckcpr.fr\\\/index.php\\\/2016\\\/06\\\/27\\\/derniere-journee-de-championnat-regional-kayak-polo\\\/\",\"url\":\"https:\\\/\\\/ckcpr.fr\\\/index.php\\\/2016\\\/06\\\/27\\\/derniere-journee-de-championnat-regional-kayak-polo\\\/\",\"name\":\"Derni\u00e8re journ\u00e9e de championnat r\u00e9gional kayak polo - Cano\u00eb-Kayak Club de Pont-R\u00e9an\",\"isPartOf\":{\"@id\":\"https:\\\/\\\/ckcpr.fr\\\/#website\"},\"primaryImageOfPage\":{\"@id\":\"https:\\\/\\\/ckcpr.fr\\\/index.php\\\/2016\\\/06\\\/27\\\/derniere-journee-de-championnat-regional-kayak-polo\\\/#primaryimage\"},\"image\":{\"@id\":\"https:\\\/\\\/ckcpr.fr\\\/index.php\\\/2016\\\/06\\\/27\\\/derniere-journee-de-championnat-regional-kayak-polo\\\/#primaryimage\"},\"thumbnailUrl\":\"\",\"datePublished\":\"2016-06-27T19:44:20+00:00\",\"breadcrumb\":{\"@id\":\"https:\\\/\\\/ckcpr.fr\\\/index.php\\\/2016\\\/06\\\/27\\\/derniere-journee-de-championnat-regional-kayak-polo\\\/#breadcrumb\"},\"inLanguage\":\"fr-FR\",\"potentialAction\":[{\"@type\":\"ReadAction\",\"target\":[\"https:\\\/\\\/ckcpr.fr\\\/index.php\\\/2016\\\/06\\\/27\\\/derniere-journee-de-championnat-regional-kayak-polo\\\/\"]}]},{\"@type\":\"ImageObject\",\"inLanguage\":\"fr-FR\",\"@id\":\"https:\\\/\\\/ckcpr.fr\\\/index.php\\\/2016\\\/06\\\/27\\\/derniere-journee-de-championnat-regional-kayak-polo\\\/#primaryimage\",\"url\":\"\",\"contentUrl\":\"\"},{\"@type\":\"BreadcrumbList\",\"@id\":\"https:\\\/\\\/ckcpr.fr\\\/index.php\\\/2016\\\/06\\\/27\\\/derniere-journee-de-championnat-regional-kayak-polo\\\/#breadcrumb\",\"itemListElement\":[{\"@type\":\"ListItem\",\"position\":1,\"name\":\"Accueil\",\"item\":\"https:\\\/\\\/ckcpr.fr\\\/\"},{\"@type\":\"ListItem\",\"position\":2,\"name\":\"Derni\u00e8re journ\u00e9e de championnat r\u00e9gional kayak polo\"}]},{\"@type\":\"WebSite\",\"@id\":\"https:\\\/\\\/ckcpr.fr\\\/#website\",\"url\":\"https:\\\/\\\/ckcpr.fr\\\/\",\"name\":\"Cano\u00eb-Kayak Club de Pont-R\u00e9an\",\"description\":\"\",\"publisher\":{\"@id\":\"https:\\\/\\\/ckcpr.fr\\\/#organization\"},\"potentialAction\":[{\"@type\":\"SearchAction\",\"target\":{\"@type\":\"EntryPoint\",\"urlTemplate\":\"https:\\\/\\\/ckcpr.fr\\\/?s={search_term_string}\"},\"query-input\":{\"@type\":\"PropertyValueSpecification\",\"valueRequired\":true,\"valueName\":\"search_term_string\"}}],\"inLanguage\":\"fr-FR\"},{\"@type\":\"Organization\",\"@id\":\"https:\\\/\\\/ckcpr.fr\\\/#organization\",\"name\":\"Cano\u00eb-Kayak Club de Pont-R\u00e9an\",\"url\":\"https:\\\/\\\/ckcpr.fr\\\/\",\"logo\":{\"@type\":\"ImageObject\",\"inLanguage\":\"fr-FR\",\"@id\":\"https:\\\/\\\/ckcpr.fr\\\/#\\\/schema\\\/logo\\\/image\\\/\",\"url\":\"https:\\\/\\\/ckcpr.fr\\\/wp-content\\\/uploads\\\/2022\\\/03\\\/cropped-cropped-Logo_ckcpr_horizontal.jpg\",\"contentUrl\":\"https:\\\/\\\/ckcpr.fr\\\/wp-content\\\/uploads\\\/2022\\\/03\\\/cropped-cropped-Logo_ckcpr_horizontal.jpg\",\"width\":468,\"height\":156,\"caption\":\"Cano\u00eb-Kayak Club de Pont-R\u00e9an\"},\"image\":{\"@id\":\"https:\\\/\\\/ckcpr.fr\\\/#\\\/schema\\\/logo\\\/image\\\/\"}},{\"@type\":\"Person\",\"@id\":\"https:\\\/\\\/ckcpr.fr\\\/#\\\/schema\\\/person\\\/bb83b4f4ecb046538577160b8771e990\",\"name\":\"Bubu\",\"image\":{\"@type\":\"ImageObject\",\"inLanguage\":\"fr-FR\",\"@id\":\"https:\\\/\\\/secure.gravatar.com\\\/avatar\\\/?s=96&d=mm&r=g\",\"url\":\"https:\\\/\\\/secure.gravatar.com\\\/avatar\\\/?s=96&d=mm&r=g\",\"contentUrl\":\"https:\\\/\\\/secure.gravatar.com\\\/avatar\\\/?s=96&d=mm&r=g\",\"caption\":\"Bubu\"},\"url\":\"https:\\\/\\\/ckcpr.fr\\\/index.php\\\/author\\\/bubu\\\/\"}]}<\/script>\n<!-- \/ Yoast SEO plugin. -->","yoast_head_json":{"title":"Derni\u00e8re journ\u00e9e de championnat r\u00e9gional kayak polo - Cano\u00eb-Kayak Club de Pont-R\u00e9an","robots":{"index":"index","follow":"follow","max-snippet":"max-snippet:-1","max-image-preview":"max-image-preview:large","max-video-preview":"max-video-preview:-1"},"canonical":"https:\/\/ckcpr.fr\/index.php\/2016\/06\/27\/derniere-journee-de-championnat-regional-kayak-polo\/","og_locale":"fr_FR","og_type":"article","og_title":"Derni\u00e8re journ\u00e9e de championnat r\u00e9gional kayak polo - Cano\u00eb-Kayak Club de Pont-R\u00e9an","og_description":"En ce dimanche 26 juin, la jeune \u00e9quipe de Pont-R\u00e9an a r\u00e9ussi son pari : NE PAS TERMINER DERNIERE du championnat. Pari r\u00e9ussi elle termine 10\u00e8me ex-aequo avec les ornithorynques brestois sur 13 \u00e9quipes engag\u00e9es ! Dinard termine premi\u00e8re devant Acign\u00e9 V et Broc\u00e9liande 1. Toute l\u2019\u00e9quipe a su montrer, gr\u00e2ce \u00e0 sa pers\u00e9v\u00e9rance, son [&hellip;]","og_url":"https:\/\/ckcpr.fr\/index.php\/2016\/06\/27\/derniere-journee-de-championnat-regional-kayak-polo\/","og_site_name":"Cano\u00eb-Kayak Club de Pont-R\u00e9an","article_published_time":"2016-06-27T19:44:20+00:00","author":"Bubu","twitter_misc":{"\u00c9crit par":"Bubu","Dur\u00e9e de lecture estim\u00e9e":"1 minute"},"schema":{"@context":"https:\/\/schema.org","@graph":[{"@type":"Article","@id":"https:\/\/ckcpr.fr\/index.php\/2016\/06\/27\/derniere-journee-de-championnat-regional-kayak-polo\/#article","isPartOf":{"@id":"https:\/\/ckcpr.fr\/index.php\/2016\/06\/27\/derniere-journee-de-championnat-regional-kayak-polo\/"},"author":{"name":"Bubu","@id":"https:\/\/ckcpr.fr\/#\/schema\/person\/bb83b4f4ecb046538577160b8771e990"},"headline":"Derni\u00e8re journ\u00e9e de championnat r\u00e9gional kayak polo","datePublished":"2016-06-27T19:44:20+00:00","mainEntityOfPage":{"@id":"https:\/\/ckcpr.fr\/index.php\/2016\/06\/27\/derniere-journee-de-championnat-regional-kayak-polo\/"},"wordCount":149,"publisher":{"@id":"https:\/\/ckcpr.fr\/#organization"},"image":{"@id":"https:\/\/ckcpr.fr\/index.php\/2016\/06\/27\/derniere-journee-de-championnat-regional-kayak-polo\/#primaryimage"},"thumbnailUrl":"","articleSection":["Autres"],"inLanguage":"fr-FR"},{"@type":"WebPage","@id":"https:\/\/ckcpr.fr\/index.php\/2016\/06\/27\/derniere-journee-de-championnat-regional-kayak-polo\/","url":"https:\/\/ckcpr.fr\/index.php\/2016\/06\/27\/derniere-journee-de-championnat-regional-kayak-polo\/","name":"Derni\u00e8re journ\u00e9e de championnat r\u00e9gional kayak polo - Cano\u00eb-Kayak Club de Pont-R\u00e9an","isPartOf":{"@id":"https:\/\/ckcpr.fr\/#website"},"primaryImageOfPage":{"@id":"https:\/\/ckcpr.fr\/index.php\/2016\/06\/27\/derniere-journee-de-championnat-regional-kayak-polo\/#primaryimage"},"image":{"@id":"https:\/\/ckcpr.fr\/index.php\/2016\/06\/27\/derniere-journee-de-championnat-regional-kayak-polo\/#primaryimage"},"thumbnailUrl":"","datePublished":"2016-06-27T19:44:20+00:00","breadcrumb":{"@id":"https:\/\/ckcpr.fr\/index.php\/2016\/06\/27\/derniere-journee-de-championnat-regional-kayak-polo\/#breadcrumb"},"inLanguage":"fr-FR","potentialAction":[{"@type":"ReadAction","target":["https:\/\/ckcpr.fr\/index.php\/2016\/06\/27\/derniere-journee-de-championnat-regional-kayak-polo\/"]}]},{"@type":"ImageObject","inLanguage":"fr-FR","@id":"https:\/\/ckcpr.fr\/index.php\/2016\/06\/27\/derniere-journee-de-championnat-regional-kayak-polo\/#primaryimage","url":"","contentUrl":""},{"@type":"BreadcrumbList","@id":"https:\/\/ckcpr.fr\/index.php\/2016\/06\/27\/derniere-journee-de-championnat-regional-kayak-polo\/#breadcrumb","itemListElement":[{"@type":"ListItem","position":1,"name":"Accueil","item":"https:\/\/ckcpr.fr\/"},{"@type":"ListItem","position":2,"name":"Derni\u00e8re journ\u00e9e de championnat r\u00e9gional kayak polo"}]},{"@type":"WebSite","@id":"https:\/\/ckcpr.fr\/#website","url":"https:\/\/ckcpr.fr\/","name":"Cano\u00eb-Kayak Club de Pont-R\u00e9an","description":"","publisher":{"@id":"https:\/\/ckcpr.fr\/#organization"},"potentialAction":[{"@type":"SearchAction","target":{"@type":"EntryPoint","urlTemplate":"https:\/\/ckcpr.fr\/?s={search_term_string}"},"query-input":{"@type":"PropertyValueSpecification","valueRequired":true,"valueName":"search_term_string"}}],"inLanguage":"fr-FR"},{"@type":"Organization","@id":"https:\/\/ckcpr.fr\/#organization","name":"Cano\u00eb-Kayak Club de Pont-R\u00e9an","url":"https:\/\/ckcpr.fr\/","logo":{"@type":"ImageObject","inLanguage":"fr-FR","@id":"https:\/\/ckcpr.fr\/#\/schema\/logo\/image\/","url":"https:\/\/ckcpr.fr\/wp-content\/uploads\/2022\/03\/cropped-cropped-Logo_ckcpr_horizontal.jpg","contentUrl":"https:\/\/ckcpr.fr\/wp-content\/uploads\/2022\/03\/cropped-cropped-Logo_ckcpr_horizontal.jpg","width":468,"height":156,"caption":"Cano\u00eb-Kayak Club de Pont-R\u00e9an"},"image":{"@id":"https:\/\/ckcpr.fr\/#\/schema\/logo\/image\/"}},{"@type":"Person","@id":"https:\/\/ckcpr.fr\/#\/schema\/person\/bb83b4f4ecb046538577160b8771e990","name":"Bubu","image":{"@type":"ImageObject","inLanguage":"fr-FR","@id":"https:\/\/secure.gravatar.com\/avatar\/?s=96&d=mm&r=g","url":"https:\/\/secure.gravatar.com\/avatar\/?s=96&d=mm&r=g","contentUrl":"https:\/\/secure.gravatar.com\/avatar\/?s=96&d=mm&r=g","caption":"Bubu"},"url":"https:\/\/ckcpr.fr\/index.php\/author\/bubu\/"}]}},"_links":{"self":[{"href":"https:\/\/ckcpr.fr\/index.php\/wp-json\/wp\/v2\/posts\/3034","targetHints":{"allow":["GET"]}}],"collection":[{"href":"https:\/\/ckcpr.fr\/index.php\/wp-json\/wp\/v2\/posts"}],"about":[{"href":"https:\/\/ckcpr.fr\/index.php\/wp-json\/wp\/v2\/types\/post"}],"author":[{"embeddable":true,"href":"https:\/\/ckcpr.fr\/index.php\/wp-json\/wp\/v2\/users\/14"}],"replies":[{"embeddable":true,"href":"https:\/\/ckcpr.fr\/index.php\/wp-json\/wp\/v2\/comments?post=3034"}],"version-history":[{"count":0,"href":"https:\/\/ckcpr.fr\/index.php\/wp-json\/wp\/v2\/posts\/3034\/revisions"}],"wp:featuredmedia":[{"embeddable":true,"href":"https:\/\/ckcpr.fr\/index.php\/wp-json\/"}],"wp:attachment":[{"href":"https:\/\/ckcpr.fr\/index.php\/wp-json\/wp\/v2\/media?parent=3034"}],"wp:term":[{"taxonomy":"category","embeddable":true,"href":"https:\/\/ckcpr.fr\/index.php\/wp-json\/wp\/v2\/categories?post=3034"},{"taxonomy":"post_tag","embeddable":true,"href":"https:\/\/ckcpr.fr\/index.php\/wp-json\/wp\/v2\/tags?post=3034"}],"curies":[{"name":"wp","href":"https:\/\/api.w.org\/{rel}","templated":true}]}}