{"id":4367,"date":"2020-06-23T07:21:05","date_gmt":"2020-06-23T07:21:05","guid":{"rendered":"https:\/\/ckcpr.fr\/index.php\/2020\/06\/23\/balade-apero-du-jeudi-soir\/"},"modified":"2020-06-23T07:21:05","modified_gmt":"2020-06-23T07:21:05","slug":"balade-apero-du-jeudi-soir","status":"publish","type":"post","link":"https:\/\/ckcpr.fr\/index.php\/2020\/06\/23\/balade-apero-du-jeudi-soir\/","title":{"rendered":"Balade ap\u00e9ro du jeudi soir"},"content":{"rendered":"<p>Tous les jeudis, du 1er mai 2021 jusqu\\&rsquo;au 14 octobre inclus, accompagn\u00e9s par l\\&rsquo;un de nos \u00e9ducateurs sportifs, le Cano\u00eb-Kayak Club de Pont-R\u00e9an vous invite \u00e0 venir ressentir la docilit\u00e9 de la Vilaine et la qui\u00e9tude de la Seiche lors d\\&rsquo;une balade nautique au d\u00e9part de la Cale de Pont-R\u00e9an jusqu\\&rsquo;au moulin du Bo\u00ebl.<\/p>\n<p>En fin de balade nous vous offrons un ap\u00e9ro agr\u00e9ment\u00e9 de produits locaux au bord de l\\&rsquo;eau (<a href=\\\"https:\/\/www.dropbox.com\/s\/nnyxp14bmlf9xkl\/flyer-balade-ap%C3%A9ro-2021.pdf?raw=1\\\">voir le flyer<\/a>).<\/p>\n<p>Chaque parcours dure environ 3 heures. Balade tous publics, enfants \u00e0 partir de 8 ans si accompagn\u00e9s. Il n\u2019est pas n\u00e9cessaire de savoir nager.<\/p>\n<p>En partenariat avec l\\&rsquo;office de tourisme de Rennes, nous avons mis en place une billetterie qui vous permet de r\u00e9server et de payer en ligne votre billet (<a href=\\\"https:\/\/www.tourisme-rennes.com\/fr\/reserver-en-ligne\/incontournables\/la-vallee-de-la-vilaine-en-canoe-ou-en-kayak-randonnee-nautique\/\\\">acc\u00e8s \u00e0 la billetterie<\/a>).<\/p>\n<p>Vous avez aussi la possibilit\u00e9 de r\u00e9server un billet open valide n\\&rsquo;importe quel jeudi jusqu\\&rsquo;au 14 oct. inclus (<a href=\\\"https:\/\/billetterie.pumpkin-app.com\/balade-apero-du-jeudi-soir\\\">acc\u00e8s \u00e0 la billetterie<\/a>).<\/p>\n<p>Renseignement et r\u00e9servation au 02.99.42.28.95 ou au 06.81.67.48.64.<\/p>\n<p>Mesures mises en place contre le COVID-19:<\/p>\n<p>Les mesures de distanciation physique sont \u00e0 respecter avant le d\u00e9part, notamment lors de la formation th\u00e9orique. Le port du masque est recommand\u00e9 avant le d\u00e9part, il peut-\u00eatre retir\u00e9 lors de la randonn\u00e9e. Gel hydroalcoolique \u00e0 disposition des participants durant toute la prestation. Les cano\u00ebs, gilets de s\u00e9curit\u00e9 et pagaies sont nettoy\u00e9s et d\u00e9sinfect\u00e9s.<\/p>\n<div><\/div>\n<p><img src=\\\"https:\/\/www.dropbox.com\/s\/c92ui73w7oazidk\/flyer-balade-ap%C3%A9ro-2021-recto.jpg?raw=1\\\" alt=\\\"\\\" \/><\/p>\n<div><\/div>\n<div><\/div>\n<p><img src=\\\"https:\/\/www.dropbox.com\/s\/zvjhotk7k5mdqv6\/flyer-balade-ap%C3%A9ro-2021-verso.jpg?raw=1\\\" alt=\\\"\\\" \/><\/p>\n<div><\/div>\n<p>L\u00e9gende: Flyer balades ap\u00e9ro propos\u00e9es le jeudi soir du 6 mai 2021 au 14 oct. 2021 inclus.<\/p>\n","protected":false},"excerpt":{"rendered":"<p>Tous les jeudis, du 1er mai 2021 jusqu\\&rsquo;au 14 octobre inclus, accompagn\u00e9s par l\\&rsquo;un de nos \u00e9ducateurs sportifs, le Cano\u00eb-Kayak Club de Pont-R\u00e9an vous invite \u00e0 venir ressentir la docilit\u00e9 de la Vilaine et la qui\u00e9tude de la Seiche lors d\\&rsquo;une balade nautique au d\u00e9part de la Cale de Pont-R\u00e9an jusqu\\&rsquo;au moulin du Bo\u00ebl. En [&hellip;]<\/p>\n","protected":false},"author":11,"featured_media":4366,"comment_status":"closed","ping_status":"open","sticky":false,"template":"","format":"standard","meta":{"site-sidebar-layout":"default","site-content-layout":"","ast-site-content-layout":"default","site-content-style":"default","site-sidebar-style":"default","ast-global-header-display":"","ast-banner-title-visibility":"","ast-main-header-display":"","ast-hfb-above-header-display":"","ast-hfb-below-header-display":"","ast-hfb-mobile-header-display":"","site-post-title":"","ast-breadcrumbs-content":"","ast-featured-img":"","footer-sml-layout":"","ast-disable-related-posts":"","theme-transparent-header-meta":"","adv-header-id-meta":"","stick-header-meta":"","header-above-stick-meta":"","header-main-stick-meta":"","header-below-stick-meta":"","astra-migrate-meta-layouts":"default","ast-page-background-enabled":"default","ast-page-background-meta":{"desktop":{"background-color":"","background-image":"","background-repeat":"repeat","background-position":"center center","background-size":"auto","background-attachment":"scroll","background-type":"","background-media":"","overlay-type":"","overlay-color":"","overlay-opacity":"","overlay-gradient":""},"tablet":{"background-color":"","background-image":"","background-repeat":"repeat","background-position":"center center","background-size":"auto","background-attachment":"scroll","background-type":"","background-media":"","overlay-type":"","overlay-color":"","overlay-opacity":"","overlay-gradient":""},"mobile":{"background-color":"","background-image":"","background-repeat":"repeat","background-position":"center center","background-size":"auto","background-attachment":"scroll","background-type":"","background-media":"","overlay-type":"","overlay-color":"","overlay-opacity":"","overlay-gradient":""}},"ast-content-background-meta":{"desktop":{"background-color":"var(--ast-global-color-5)","background-image":"","background-repeat":"repeat","background-position":"center center","background-size":"auto","background-attachment":"scroll","background-type":"","background-media":"","overlay-type":"","overlay-color":"","overlay-opacity":"","overlay-gradient":""},"tablet":{"background-color":"var(--ast-global-color-5)","background-image":"","background-repeat":"repeat","background-position":"center center","background-size":"auto","background-attachment":"scroll","background-type":"","background-media":"","overlay-type":"","overlay-color":"","overlay-opacity":"","overlay-gradient":""},"mobile":{"background-color":"var(--ast-global-color-5)","background-image":"","background-repeat":"repeat","background-position":"center center","background-size":"auto","background-attachment":"scroll","background-type":"","background-media":"","overlay-type":"","overlay-color":"","overlay-opacity":"","overlay-gradient":""}},"footnotes":""},"categories":[109,113],"tags":[],"class_list":["post-4367","post","type-post","status-publish","format-standard","has-post-thumbnail","hentry","category-autres","category-locations"],"yoast_head":"<!-- This site is optimized with the Yoast SEO plugin v27.5 - https:\/\/yoast.com\/product\/yoast-seo-wordpress\/ -->\n<title>Balade ap\u00e9ro du jeudi soir - Cano\u00eb-Kayak Club de Pont-R\u00e9an<\/title>\n<meta name=\"robots\" content=\"index, follow, max-snippet:-1, max-image-preview:large, max-video-preview:-1\" \/>\n<link rel=\"canonical\" href=\"https:\/\/ckcpr.fr\/index.php\/2020\/06\/23\/balade-apero-du-jeudi-soir\/\" \/>\n<meta property=\"og:locale\" content=\"fr_FR\" \/>\n<meta property=\"og:type\" content=\"article\" \/>\n<meta property=\"og:title\" content=\"Balade ap\u00e9ro du jeudi soir - Cano\u00eb-Kayak Club de Pont-R\u00e9an\" \/>\n<meta property=\"og:description\" content=\"Tous les jeudis, du 1er mai 2021 jusqu&rsquo;au 14 octobre inclus, accompagn\u00e9s par l&rsquo;un de nos \u00e9ducateurs sportifs, le Cano\u00eb-Kayak Club de Pont-R\u00e9an vous invite \u00e0 venir ressentir la docilit\u00e9 de la Vilaine et la qui\u00e9tude de la Seiche lors d&rsquo;une balade nautique au d\u00e9part de la Cale de Pont-R\u00e9an jusqu&rsquo;au moulin du Bo\u00ebl. En [&hellip;]\" \/>\n<meta property=\"og:url\" content=\"https:\/\/ckcpr.fr\/index.php\/2020\/06\/23\/balade-apero-du-jeudi-soir\/\" \/>\n<meta property=\"og:site_name\" content=\"Cano\u00eb-Kayak Club de Pont-R\u00e9an\" \/>\n<meta property=\"article:published_time\" content=\"2020-06-23T07:21:05+00:00\" \/>\n<meta name=\"author\" content=\"Fabien SPINDLER\" \/>\n<meta name=\"twitter:label1\" content=\"\u00c9crit par\" \/>\n\t<meta name=\"twitter:data1\" content=\"Fabien SPINDLER\" \/>\n\t<meta name=\"twitter:label2\" content=\"Dur\u00e9e de lecture estim\u00e9e\" \/>\n\t<meta name=\"twitter:data2\" content=\"1 minute\" \/>\n<script type=\"application\/ld+json\" class=\"yoast-schema-graph\">{\"@context\":\"https:\\\/\\\/schema.org\",\"@graph\":[{\"@type\":\"Article\",\"@id\":\"https:\\\/\\\/ckcpr.fr\\\/index.php\\\/2020\\\/06\\\/23\\\/balade-apero-du-jeudi-soir\\\/#article\",\"isPartOf\":{\"@id\":\"https:\\\/\\\/ckcpr.fr\\\/index.php\\\/2020\\\/06\\\/23\\\/balade-apero-du-jeudi-soir\\\/\"},\"author\":{\"name\":\"Fabien SPINDLER\",\"@id\":\"https:\\\/\\\/ckcpr.fr\\\/#\\\/schema\\\/person\\\/77702215a818dc209589f38d0ef2a4ee\"},\"headline\":\"Balade ap\u00e9ro du jeudi soir\",\"datePublished\":\"2020-06-23T07:21:05+00:00\",\"mainEntityOfPage\":{\"@id\":\"https:\\\/\\\/ckcpr.fr\\\/index.php\\\/2020\\\/06\\\/23\\\/balade-apero-du-jeudi-soir\\\/\"},\"wordCount\":264,\"publisher\":{\"@id\":\"https:\\\/\\\/ckcpr.fr\\\/#organization\"},\"image\":{\"@id\":\"https:\\\/\\\/ckcpr.fr\\\/index.php\\\/2020\\\/06\\\/23\\\/balade-apero-du-jeudi-soir\\\/#primaryimage\"},\"thumbnailUrl\":\"\",\"articleSection\":[\"Autres\",\"Locations\"],\"inLanguage\":\"fr-FR\"},{\"@type\":\"WebPage\",\"@id\":\"https:\\\/\\\/ckcpr.fr\\\/index.php\\\/2020\\\/06\\\/23\\\/balade-apero-du-jeudi-soir\\\/\",\"url\":\"https:\\\/\\\/ckcpr.fr\\\/index.php\\\/2020\\\/06\\\/23\\\/balade-apero-du-jeudi-soir\\\/\",\"name\":\"Balade ap\u00e9ro du jeudi soir - Cano\u00eb-Kayak Club de Pont-R\u00e9an\",\"isPartOf\":{\"@id\":\"https:\\\/\\\/ckcpr.fr\\\/#website\"},\"primaryImageOfPage\":{\"@id\":\"https:\\\/\\\/ckcpr.fr\\\/index.php\\\/2020\\\/06\\\/23\\\/balade-apero-du-jeudi-soir\\\/#primaryimage\"},\"image\":{\"@id\":\"https:\\\/\\\/ckcpr.fr\\\/index.php\\\/2020\\\/06\\\/23\\\/balade-apero-du-jeudi-soir\\\/#primaryimage\"},\"thumbnailUrl\":\"\",\"datePublished\":\"2020-06-23T07:21:05+00:00\",\"breadcrumb\":{\"@id\":\"https:\\\/\\\/ckcpr.fr\\\/index.php\\\/2020\\\/06\\\/23\\\/balade-apero-du-jeudi-soir\\\/#breadcrumb\"},\"inLanguage\":\"fr-FR\",\"potentialAction\":[{\"@type\":\"ReadAction\",\"target\":[\"https:\\\/\\\/ckcpr.fr\\\/index.php\\\/2020\\\/06\\\/23\\\/balade-apero-du-jeudi-soir\\\/\"]}]},{\"@type\":\"ImageObject\",\"inLanguage\":\"fr-FR\",\"@id\":\"https:\\\/\\\/ckcpr.fr\\\/index.php\\\/2020\\\/06\\\/23\\\/balade-apero-du-jeudi-soir\\\/#primaryimage\",\"url\":\"\",\"contentUrl\":\"\"},{\"@type\":\"BreadcrumbList\",\"@id\":\"https:\\\/\\\/ckcpr.fr\\\/index.php\\\/2020\\\/06\\\/23\\\/balade-apero-du-jeudi-soir\\\/#breadcrumb\",\"itemListElement\":[{\"@type\":\"ListItem\",\"position\":1,\"name\":\"Accueil\",\"item\":\"https:\\\/\\\/ckcpr.fr\\\/\"},{\"@type\":\"ListItem\",\"position\":2,\"name\":\"Balade ap\u00e9ro du jeudi soir\"}]},{\"@type\":\"WebSite\",\"@id\":\"https:\\\/\\\/ckcpr.fr\\\/#website\",\"url\":\"https:\\\/\\\/ckcpr.fr\\\/\",\"name\":\"Cano\u00eb-Kayak Club de Pont-R\u00e9an\",\"description\":\"\",\"publisher\":{\"@id\":\"https:\\\/\\\/ckcpr.fr\\\/#organization\"},\"potentialAction\":[{\"@type\":\"SearchAction\",\"target\":{\"@type\":\"EntryPoint\",\"urlTemplate\":\"https:\\\/\\\/ckcpr.fr\\\/?s={search_term_string}\"},\"query-input\":{\"@type\":\"PropertyValueSpecification\",\"valueRequired\":true,\"valueName\":\"search_term_string\"}}],\"inLanguage\":\"fr-FR\"},{\"@type\":\"Organization\",\"@id\":\"https:\\\/\\\/ckcpr.fr\\\/#organization\",\"name\":\"Cano\u00eb-Kayak Club de Pont-R\u00e9an\",\"url\":\"https:\\\/\\\/ckcpr.fr\\\/\",\"logo\":{\"@type\":\"ImageObject\",\"inLanguage\":\"fr-FR\",\"@id\":\"https:\\\/\\\/ckcpr.fr\\\/#\\\/schema\\\/logo\\\/image\\\/\",\"url\":\"https:\\\/\\\/ckcpr.fr\\\/wp-content\\\/uploads\\\/2022\\\/03\\\/cropped-cropped-Logo_ckcpr_horizontal.jpg\",\"contentUrl\":\"https:\\\/\\\/ckcpr.fr\\\/wp-content\\\/uploads\\\/2022\\\/03\\\/cropped-cropped-Logo_ckcpr_horizontal.jpg\",\"width\":468,\"height\":156,\"caption\":\"Cano\u00eb-Kayak Club de Pont-R\u00e9an\"},\"image\":{\"@id\":\"https:\\\/\\\/ckcpr.fr\\\/#\\\/schema\\\/logo\\\/image\\\/\"}},{\"@type\":\"Person\",\"@id\":\"https:\\\/\\\/ckcpr.fr\\\/#\\\/schema\\\/person\\\/77702215a818dc209589f38d0ef2a4ee\",\"name\":\"Fabien SPINDLER\",\"image\":{\"@type\":\"ImageObject\",\"inLanguage\":\"fr-FR\",\"@id\":\"https:\\\/\\\/secure.gravatar.com\\\/avatar\\\/39bef6716eae516dda73823f2c63c704b712b863069634c8687b14a1230ea606?s=96&d=mm&r=g\",\"url\":\"https:\\\/\\\/secure.gravatar.com\\\/avatar\\\/39bef6716eae516dda73823f2c63c704b712b863069634c8687b14a1230ea606?s=96&d=mm&r=g\",\"contentUrl\":\"https:\\\/\\\/secure.gravatar.com\\\/avatar\\\/39bef6716eae516dda73823f2c63c704b712b863069634c8687b14a1230ea606?s=96&d=mm&r=g\",\"caption\":\"Fabien SPINDLER\"},\"url\":\"https:\\\/\\\/ckcpr.fr\\\/index.php\\\/author\\\/fabien-spindler35gmail-com\\\/\"}]}<\/script>\n<!-- \/ Yoast SEO plugin. -->","yoast_head_json":{"title":"Balade ap\u00e9ro du jeudi soir - Cano\u00eb-Kayak Club de Pont-R\u00e9an","robots":{"index":"index","follow":"follow","max-snippet":"max-snippet:-1","max-image-preview":"max-image-preview:large","max-video-preview":"max-video-preview:-1"},"canonical":"https:\/\/ckcpr.fr\/index.php\/2020\/06\/23\/balade-apero-du-jeudi-soir\/","og_locale":"fr_FR","og_type":"article","og_title":"Balade ap\u00e9ro du jeudi soir - Cano\u00eb-Kayak Club de Pont-R\u00e9an","og_description":"Tous les jeudis, du 1er mai 2021 jusqu&rsquo;au 14 octobre inclus, accompagn\u00e9s par l&rsquo;un de nos \u00e9ducateurs sportifs, le Cano\u00eb-Kayak Club de Pont-R\u00e9an vous invite \u00e0 venir ressentir la docilit\u00e9 de la Vilaine et la qui\u00e9tude de la Seiche lors d&rsquo;une balade nautique au d\u00e9part de la Cale de Pont-R\u00e9an jusqu&rsquo;au moulin du Bo\u00ebl. En [&hellip;]","og_url":"https:\/\/ckcpr.fr\/index.php\/2020\/06\/23\/balade-apero-du-jeudi-soir\/","og_site_name":"Cano\u00eb-Kayak Club de Pont-R\u00e9an","article_published_time":"2020-06-23T07:21:05+00:00","author":"Fabien SPINDLER","twitter_misc":{"\u00c9crit par":"Fabien SPINDLER","Dur\u00e9e de lecture estim\u00e9e":"1 minute"},"schema":{"@context":"https:\/\/schema.org","@graph":[{"@type":"Article","@id":"https:\/\/ckcpr.fr\/index.php\/2020\/06\/23\/balade-apero-du-jeudi-soir\/#article","isPartOf":{"@id":"https:\/\/ckcpr.fr\/index.php\/2020\/06\/23\/balade-apero-du-jeudi-soir\/"},"author":{"name":"Fabien SPINDLER","@id":"https:\/\/ckcpr.fr\/#\/schema\/person\/77702215a818dc209589f38d0ef2a4ee"},"headline":"Balade ap\u00e9ro du jeudi soir","datePublished":"2020-06-23T07:21:05+00:00","mainEntityOfPage":{"@id":"https:\/\/ckcpr.fr\/index.php\/2020\/06\/23\/balade-apero-du-jeudi-soir\/"},"wordCount":264,"publisher":{"@id":"https:\/\/ckcpr.fr\/#organization"},"image":{"@id":"https:\/\/ckcpr.fr\/index.php\/2020\/06\/23\/balade-apero-du-jeudi-soir\/#primaryimage"},"thumbnailUrl":"","articleSection":["Autres","Locations"],"inLanguage":"fr-FR"},{"@type":"WebPage","@id":"https:\/\/ckcpr.fr\/index.php\/2020\/06\/23\/balade-apero-du-jeudi-soir\/","url":"https:\/\/ckcpr.fr\/index.php\/2020\/06\/23\/balade-apero-du-jeudi-soir\/","name":"Balade ap\u00e9ro du jeudi soir - Cano\u00eb-Kayak Club de Pont-R\u00e9an","isPartOf":{"@id":"https:\/\/ckcpr.fr\/#website"},"primaryImageOfPage":{"@id":"https:\/\/ckcpr.fr\/index.php\/2020\/06\/23\/balade-apero-du-jeudi-soir\/#primaryimage"},"image":{"@id":"https:\/\/ckcpr.fr\/index.php\/2020\/06\/23\/balade-apero-du-jeudi-soir\/#primaryimage"},"thumbnailUrl":"","datePublished":"2020-06-23T07:21:05+00:00","breadcrumb":{"@id":"https:\/\/ckcpr.fr\/index.php\/2020\/06\/23\/balade-apero-du-jeudi-soir\/#breadcrumb"},"inLanguage":"fr-FR","potentialAction":[{"@type":"ReadAction","target":["https:\/\/ckcpr.fr\/index.php\/2020\/06\/23\/balade-apero-du-jeudi-soir\/"]}]},{"@type":"ImageObject","inLanguage":"fr-FR","@id":"https:\/\/ckcpr.fr\/index.php\/2020\/06\/23\/balade-apero-du-jeudi-soir\/#primaryimage","url":"","contentUrl":""},{"@type":"BreadcrumbList","@id":"https:\/\/ckcpr.fr\/index.php\/2020\/06\/23\/balade-apero-du-jeudi-soir\/#breadcrumb","itemListElement":[{"@type":"ListItem","position":1,"name":"Accueil","item":"https:\/\/ckcpr.fr\/"},{"@type":"ListItem","position":2,"name":"Balade ap\u00e9ro du jeudi soir"}]},{"@type":"WebSite","@id":"https:\/\/ckcpr.fr\/#website","url":"https:\/\/ckcpr.fr\/","name":"Cano\u00eb-Kayak Club de Pont-R\u00e9an","description":"","publisher":{"@id":"https:\/\/ckcpr.fr\/#organization"},"potentialAction":[{"@type":"SearchAction","target":{"@type":"EntryPoint","urlTemplate":"https:\/\/ckcpr.fr\/?s={search_term_string}"},"query-input":{"@type":"PropertyValueSpecification","valueRequired":true,"valueName":"search_term_string"}}],"inLanguage":"fr-FR"},{"@type":"Organization","@id":"https:\/\/ckcpr.fr\/#organization","name":"Cano\u00eb-Kayak Club de Pont-R\u00e9an","url":"https:\/\/ckcpr.fr\/","logo":{"@type":"ImageObject","inLanguage":"fr-FR","@id":"https:\/\/ckcpr.fr\/#\/schema\/logo\/image\/","url":"https:\/\/ckcpr.fr\/wp-content\/uploads\/2022\/03\/cropped-cropped-Logo_ckcpr_horizontal.jpg","contentUrl":"https:\/\/ckcpr.fr\/wp-content\/uploads\/2022\/03\/cropped-cropped-Logo_ckcpr_horizontal.jpg","width":468,"height":156,"caption":"Cano\u00eb-Kayak Club de Pont-R\u00e9an"},"image":{"@id":"https:\/\/ckcpr.fr\/#\/schema\/logo\/image\/"}},{"@type":"Person","@id":"https:\/\/ckcpr.fr\/#\/schema\/person\/77702215a818dc209589f38d0ef2a4ee","name":"Fabien SPINDLER","image":{"@type":"ImageObject","inLanguage":"fr-FR","@id":"https:\/\/secure.gravatar.com\/avatar\/39bef6716eae516dda73823f2c63c704b712b863069634c8687b14a1230ea606?s=96&d=mm&r=g","url":"https:\/\/secure.gravatar.com\/avatar\/39bef6716eae516dda73823f2c63c704b712b863069634c8687b14a1230ea606?s=96&d=mm&r=g","contentUrl":"https:\/\/secure.gravatar.com\/avatar\/39bef6716eae516dda73823f2c63c704b712b863069634c8687b14a1230ea606?s=96&d=mm&r=g","caption":"Fabien SPINDLER"},"url":"https:\/\/ckcpr.fr\/index.php\/author\/fabien-spindler35gmail-com\/"}]}},"_links":{"self":[{"href":"https:\/\/ckcpr.fr\/index.php\/wp-json\/wp\/v2\/posts\/4367","targetHints":{"allow":["GET"]}}],"collection":[{"href":"https:\/\/ckcpr.fr\/index.php\/wp-json\/wp\/v2\/posts"}],"about":[{"href":"https:\/\/ckcpr.fr\/index.php\/wp-json\/wp\/v2\/types\/post"}],"author":[{"embeddable":true,"href":"https:\/\/ckcpr.fr\/index.php\/wp-json\/wp\/v2\/users\/11"}],"replies":[{"embeddable":true,"href":"https:\/\/ckcpr.fr\/index.php\/wp-json\/wp\/v2\/comments?post=4367"}],"version-history":[{"count":0,"href":"https:\/\/ckcpr.fr\/index.php\/wp-json\/wp\/v2\/posts\/4367\/revisions"}],"wp:featuredmedia":[{"embeddable":true,"href":"https:\/\/ckcpr.fr\/index.php\/wp-json\/"}],"wp:attachment":[{"href":"https:\/\/ckcpr.fr\/index.php\/wp-json\/wp\/v2\/media?parent=4367"}],"wp:term":[{"taxonomy":"category","embeddable":true,"href":"https:\/\/ckcpr.fr\/index.php\/wp-json\/wp\/v2\/categories?post=4367"},{"taxonomy":"post_tag","embeddable":true,"href":"https:\/\/ckcpr.fr\/index.php\/wp-json\/wp\/v2\/tags?post=4367"}],"curies":[{"name":"wp","href":"https:\/\/api.w.org\/{rel}","templated":true}]}}