{"id":700,"date":"2015-10-05T17:08:13","date_gmt":"2015-10-05T17:08:13","guid":{"rendered":"https:\/\/ckcpr.fr\/index.php\/2015\/10\/05\/dimanche-28-tournoi-regional-jeune-kayak-polo-a-vern\/"},"modified":"2015-10-05T17:08:13","modified_gmt":"2015-10-05T17:08:13","slug":"dimanche-28-tournoi-regional-jeune-kayak-polo-a-vern","status":"publish","type":"post","link":"https:\/\/ckcpr.fr\/index.php\/2015\/10\/05\/dimanche-28-tournoi-regional-jeune-kayak-polo-a-vern\/","title":{"rendered":"Dimanche 28, Tournoi r\u00e9gional jeune kayak polo \u00e0 Vern"},"content":{"rendered":"<p><span style=\\\"color: #000000\\\">Une \u00e9quipe du groupe loisir jeune s\\&rsquo;est adonn\u00e9e aux premiers vrais coups de pagaie autour d\\&rsquo;un ballon lors du tournoi de kayak polo r\u00e9gional jeune \u00e0 Vern sur Seiche. Ce ne sont ni les buts encaiss\u00e9s, ni le manque de pratique qui les ont d\u00e9courag\u00e9s, bien au contraire! Apr\u00e8s une s\u00e9v\u00e8re d\u00e9faite contre Plo\u00ebrmel(17-0) qui aurait pu mettre \u00e0 mal leur moral, les jeunes ont su se remobiliser\u00a0et montrer, lors des matchs de l\\&rsquo;apr\u00e8s-midi un autre jeu avec plus de d\u00e9fense et des attaques qui, si le ballon avait \u00e9t\u00e9 bien cadr\u00e9, aurait fait mal aux autres \u00e9quipes. Les jeunes de Pont-R\u00e9an s\\&rsquo;en sortent d\\&rsquo;ailleurs avec un score de 1 but contre 3 \u00a0face \u00e0 Acign\u00e9 3, club o\u00f9 le polo est roi\u00a0!<\/span><\/p>\n<p><span style=\\\"color: #000000\\\">\u00a0Ce n\\&rsquo;\u00e9tait qu\u2019un d\u00e9but, et cela a permis aux jeunes de se rendre compte en r\u00e9el de ce que vaut le jeu d\\&rsquo;une \u00e9quipe. Les jeunes ont pris beaucoup de plaisir et sont motiv\u00e9s pour s\\&rsquo;entrainer et d\u00e9termin\u00e9s pour essayer de faire beaucoup mieux lors de la prochaine journ\u00e9e qui aura lieu le 1er novembre \u00e0 Saint Domineuc.<\/span><\/p>\n<p><strong>R\u00e9sultats<\/strong>: Pont-R\u00e9an &#8211; Feins: 0 &#8211; 5 (dont 1 but refus\u00e9 pour Pont-R\u00e9an); Pont-R\u00e9an &#8211; Plo\u00ebrmel: 0 &#8211; 17; \u00a0Pont-R\u00e9an &#8211; Dinard: 0 &#8211; 3; Pont-R\u00e9an &#8211; Acign\u00e9 3: 1 &#8211; 3.<\/p>\n<p><img class=\\\"  wp-image-702 aligncenter\\\" src=\\\"https:\/\/ckcpr.fr\/wordpress\/wp-content\/uploads\/2015\/10\/--quipe-300x196.jpg\\\" alt=\\\"\u00e9quipe\\\" width=\\\"559\\\" height=\\\"366\\\" \/><\/p>\n<p style=\\\"text-align: center\\\">l\\&rsquo;\u00e9quipe<\/p>\n","protected":false},"excerpt":{"rendered":"<p>Une \u00e9quipe du groupe loisir jeune s\\&rsquo;est adonn\u00e9e aux premiers vrais coups de pagaie autour d\\&rsquo;un ballon lors du tournoi de kayak polo r\u00e9gional jeune \u00e0 Vern sur Seiche. Ce ne sont ni les buts encaiss\u00e9s, ni le manque de pratique qui les ont d\u00e9courag\u00e9s, bien au contraire! Apr\u00e8s une s\u00e9v\u00e8re d\u00e9faite contre Plo\u00ebrmel(17-0) qui [&hellip;]<\/p>\n","protected":false},"author":14,"featured_media":701,"comment_status":"closed","ping_status":"open","sticky":false,"template":"","format":"standard","meta":{"site-sidebar-layout":"default","site-content-layout":"","ast-site-content-layout":"default","site-content-style":"default","site-sidebar-style":"default","ast-global-header-display":"","ast-banner-title-visibility":"","ast-main-header-display":"","ast-hfb-above-header-display":"","ast-hfb-below-header-display":"","ast-hfb-mobile-header-display":"","site-post-title":"","ast-breadcrumbs-content":"","ast-featured-img":"","footer-sml-layout":"","ast-disable-related-posts":"","theme-transparent-header-meta":"","adv-header-id-meta":"","stick-header-meta":"","header-above-stick-meta":"","header-main-stick-meta":"","header-below-stick-meta":"","astra-migrate-meta-layouts":"default","ast-page-background-enabled":"default","ast-page-background-meta":{"desktop":{"background-color":"","background-image":"","background-repeat":"repeat","background-position":"center center","background-size":"auto","background-attachment":"scroll","background-type":"","background-media":"","overlay-type":"","overlay-color":"","overlay-opacity":"","overlay-gradient":""},"tablet":{"background-color":"","background-image":"","background-repeat":"repeat","background-position":"center center","background-size":"auto","background-attachment":"scroll","background-type":"","background-media":"","overlay-type":"","overlay-color":"","overlay-opacity":"","overlay-gradient":""},"mobile":{"background-color":"","background-image":"","background-repeat":"repeat","background-position":"center center","background-size":"auto","background-attachment":"scroll","background-type":"","background-media":"","overlay-type":"","overlay-color":"","overlay-opacity":"","overlay-gradient":""}},"ast-content-background-meta":{"desktop":{"background-color":"var(--ast-global-color-5)","background-image":"","background-repeat":"repeat","background-position":"center center","background-size":"auto","background-attachment":"scroll","background-type":"","background-media":"","overlay-type":"","overlay-color":"","overlay-opacity":"","overlay-gradient":""},"tablet":{"background-color":"var(--ast-global-color-5)","background-image":"","background-repeat":"repeat","background-position":"center center","background-size":"auto","background-attachment":"scroll","background-type":"","background-media":"","overlay-type":"","overlay-color":"","overlay-opacity":"","overlay-gradient":""},"mobile":{"background-color":"var(--ast-global-color-5)","background-image":"","background-repeat":"repeat","background-position":"center center","background-size":"auto","background-attachment":"scroll","background-type":"","background-media":"","overlay-type":"","overlay-color":"","overlay-opacity":"","overlay-gradient":""}},"footnotes":""},"categories":[109,102,108],"tags":[],"class_list":["post-700","post","type-post","status-publish","format-standard","has-post-thumbnail","hentry","category-autres","category-competitions","category-loisirs-jeunes"],"yoast_head":"<!-- This site is optimized with the Yoast SEO plugin v27.5 - https:\/\/yoast.com\/product\/yoast-seo-wordpress\/ -->\n<title>Dimanche 28, Tournoi r\u00e9gional jeune kayak polo \u00e0 Vern - Cano\u00eb-Kayak Club de Pont-R\u00e9an<\/title>\n<meta name=\"robots\" content=\"index, follow, max-snippet:-1, max-image-preview:large, max-video-preview:-1\" \/>\n<link rel=\"canonical\" href=\"https:\/\/ckcpr.fr\/index.php\/2015\/10\/05\/dimanche-28-tournoi-regional-jeune-kayak-polo-a-vern\/\" \/>\n<meta property=\"og:locale\" content=\"fr_FR\" \/>\n<meta property=\"og:type\" content=\"article\" \/>\n<meta property=\"og:title\" content=\"Dimanche 28, Tournoi r\u00e9gional jeune kayak polo \u00e0 Vern - Cano\u00eb-Kayak Club de Pont-R\u00e9an\" \/>\n<meta property=\"og:description\" content=\"Une \u00e9quipe du groupe loisir jeune s&rsquo;est adonn\u00e9e aux premiers vrais coups de pagaie autour d&rsquo;un ballon lors du tournoi de kayak polo r\u00e9gional jeune \u00e0 Vern sur Seiche. Ce ne sont ni les buts encaiss\u00e9s, ni le manque de pratique qui les ont d\u00e9courag\u00e9s, bien au contraire! Apr\u00e8s une s\u00e9v\u00e8re d\u00e9faite contre Plo\u00ebrmel(17-0) qui [&hellip;]\" \/>\n<meta property=\"og:url\" content=\"https:\/\/ckcpr.fr\/index.php\/2015\/10\/05\/dimanche-28-tournoi-regional-jeune-kayak-polo-a-vern\/\" \/>\n<meta property=\"og:site_name\" content=\"Cano\u00eb-Kayak Club de Pont-R\u00e9an\" \/>\n<meta property=\"article:published_time\" content=\"2015-10-05T17:08:13+00:00\" \/>\n<meta name=\"author\" content=\"Bubu\" \/>\n<meta name=\"twitter:label1\" content=\"\u00c9crit par\" \/>\n\t<meta name=\"twitter:data1\" content=\"Bubu\" \/>\n\t<meta name=\"twitter:label2\" content=\"Dur\u00e9e de lecture estim\u00e9e\" \/>\n\t<meta name=\"twitter:data2\" content=\"1 minute\" \/>\n<script type=\"application\/ld+json\" class=\"yoast-schema-graph\">{\"@context\":\"https:\\\/\\\/schema.org\",\"@graph\":[{\"@type\":\"Article\",\"@id\":\"https:\\\/\\\/ckcpr.fr\\\/index.php\\\/2015\\\/10\\\/05\\\/dimanche-28-tournoi-regional-jeune-kayak-polo-a-vern\\\/#article\",\"isPartOf\":{\"@id\":\"https:\\\/\\\/ckcpr.fr\\\/index.php\\\/2015\\\/10\\\/05\\\/dimanche-28-tournoi-regional-jeune-kayak-polo-a-vern\\\/\"},\"author\":{\"name\":\"Bubu\",\"@id\":\"https:\\\/\\\/ckcpr.fr\\\/#\\\/schema\\\/person\\\/bb83b4f4ecb046538577160b8771e990\"},\"headline\":\"Dimanche 28, Tournoi r\u00e9gional jeune kayak polo \u00e0 Vern\",\"datePublished\":\"2015-10-05T17:08:13+00:00\",\"mainEntityOfPage\":{\"@id\":\"https:\\\/\\\/ckcpr.fr\\\/index.php\\\/2015\\\/10\\\/05\\\/dimanche-28-tournoi-regional-jeune-kayak-polo-a-vern\\\/\"},\"wordCount\":243,\"publisher\":{\"@id\":\"https:\\\/\\\/ckcpr.fr\\\/#organization\"},\"image\":{\"@id\":\"https:\\\/\\\/ckcpr.fr\\\/index.php\\\/2015\\\/10\\\/05\\\/dimanche-28-tournoi-regional-jeune-kayak-polo-a-vern\\\/#primaryimage\"},\"thumbnailUrl\":\"\",\"articleSection\":[\"Autres\",\"Comp\u00e9titions\",\"Loisirs jeunes\"],\"inLanguage\":\"fr-FR\"},{\"@type\":\"WebPage\",\"@id\":\"https:\\\/\\\/ckcpr.fr\\\/index.php\\\/2015\\\/10\\\/05\\\/dimanche-28-tournoi-regional-jeune-kayak-polo-a-vern\\\/\",\"url\":\"https:\\\/\\\/ckcpr.fr\\\/index.php\\\/2015\\\/10\\\/05\\\/dimanche-28-tournoi-regional-jeune-kayak-polo-a-vern\\\/\",\"name\":\"Dimanche 28, Tournoi r\u00e9gional jeune kayak polo \u00e0 Vern - Cano\u00eb-Kayak Club de Pont-R\u00e9an\",\"isPartOf\":{\"@id\":\"https:\\\/\\\/ckcpr.fr\\\/#website\"},\"primaryImageOfPage\":{\"@id\":\"https:\\\/\\\/ckcpr.fr\\\/index.php\\\/2015\\\/10\\\/05\\\/dimanche-28-tournoi-regional-jeune-kayak-polo-a-vern\\\/#primaryimage\"},\"image\":{\"@id\":\"https:\\\/\\\/ckcpr.fr\\\/index.php\\\/2015\\\/10\\\/05\\\/dimanche-28-tournoi-regional-jeune-kayak-polo-a-vern\\\/#primaryimage\"},\"thumbnailUrl\":\"\",\"datePublished\":\"2015-10-05T17:08:13+00:00\",\"breadcrumb\":{\"@id\":\"https:\\\/\\\/ckcpr.fr\\\/index.php\\\/2015\\\/10\\\/05\\\/dimanche-28-tournoi-regional-jeune-kayak-polo-a-vern\\\/#breadcrumb\"},\"inLanguage\":\"fr-FR\",\"potentialAction\":[{\"@type\":\"ReadAction\",\"target\":[\"https:\\\/\\\/ckcpr.fr\\\/index.php\\\/2015\\\/10\\\/05\\\/dimanche-28-tournoi-regional-jeune-kayak-polo-a-vern\\\/\"]}]},{\"@type\":\"ImageObject\",\"inLanguage\":\"fr-FR\",\"@id\":\"https:\\\/\\\/ckcpr.fr\\\/index.php\\\/2015\\\/10\\\/05\\\/dimanche-28-tournoi-regional-jeune-kayak-polo-a-vern\\\/#primaryimage\",\"url\":\"\",\"contentUrl\":\"\"},{\"@type\":\"BreadcrumbList\",\"@id\":\"https:\\\/\\\/ckcpr.fr\\\/index.php\\\/2015\\\/10\\\/05\\\/dimanche-28-tournoi-regional-jeune-kayak-polo-a-vern\\\/#breadcrumb\",\"itemListElement\":[{\"@type\":\"ListItem\",\"position\":1,\"name\":\"Accueil\",\"item\":\"https:\\\/\\\/ckcpr.fr\\\/\"},{\"@type\":\"ListItem\",\"position\":2,\"name\":\"Dimanche 28, Tournoi r\u00e9gional jeune kayak polo \u00e0 Vern\"}]},{\"@type\":\"WebSite\",\"@id\":\"https:\\\/\\\/ckcpr.fr\\\/#website\",\"url\":\"https:\\\/\\\/ckcpr.fr\\\/\",\"name\":\"Cano\u00eb-Kayak Club de Pont-R\u00e9an\",\"description\":\"\",\"publisher\":{\"@id\":\"https:\\\/\\\/ckcpr.fr\\\/#organization\"},\"potentialAction\":[{\"@type\":\"SearchAction\",\"target\":{\"@type\":\"EntryPoint\",\"urlTemplate\":\"https:\\\/\\\/ckcpr.fr\\\/?s={search_term_string}\"},\"query-input\":{\"@type\":\"PropertyValueSpecification\",\"valueRequired\":true,\"valueName\":\"search_term_string\"}}],\"inLanguage\":\"fr-FR\"},{\"@type\":\"Organization\",\"@id\":\"https:\\\/\\\/ckcpr.fr\\\/#organization\",\"name\":\"Cano\u00eb-Kayak Club de Pont-R\u00e9an\",\"url\":\"https:\\\/\\\/ckcpr.fr\\\/\",\"logo\":{\"@type\":\"ImageObject\",\"inLanguage\":\"fr-FR\",\"@id\":\"https:\\\/\\\/ckcpr.fr\\\/#\\\/schema\\\/logo\\\/image\\\/\",\"url\":\"https:\\\/\\\/ckcpr.fr\\\/wp-content\\\/uploads\\\/2022\\\/03\\\/cropped-cropped-Logo_ckcpr_horizontal.jpg\",\"contentUrl\":\"https:\\\/\\\/ckcpr.fr\\\/wp-content\\\/uploads\\\/2022\\\/03\\\/cropped-cropped-Logo_ckcpr_horizontal.jpg\",\"width\":468,\"height\":156,\"caption\":\"Cano\u00eb-Kayak Club de Pont-R\u00e9an\"},\"image\":{\"@id\":\"https:\\\/\\\/ckcpr.fr\\\/#\\\/schema\\\/logo\\\/image\\\/\"}},{\"@type\":\"Person\",\"@id\":\"https:\\\/\\\/ckcpr.fr\\\/#\\\/schema\\\/person\\\/bb83b4f4ecb046538577160b8771e990\",\"name\":\"Bubu\",\"image\":{\"@type\":\"ImageObject\",\"inLanguage\":\"fr-FR\",\"@id\":\"https:\\\/\\\/secure.gravatar.com\\\/avatar\\\/?s=96&d=mm&r=g\",\"url\":\"https:\\\/\\\/secure.gravatar.com\\\/avatar\\\/?s=96&d=mm&r=g\",\"contentUrl\":\"https:\\\/\\\/secure.gravatar.com\\\/avatar\\\/?s=96&d=mm&r=g\",\"caption\":\"Bubu\"},\"url\":\"https:\\\/\\\/ckcpr.fr\\\/index.php\\\/author\\\/bubu\\\/\"}]}<\/script>\n<!-- \/ Yoast SEO plugin. -->","yoast_head_json":{"title":"Dimanche 28, Tournoi r\u00e9gional jeune kayak polo \u00e0 Vern - Cano\u00eb-Kayak Club de Pont-R\u00e9an","robots":{"index":"index","follow":"follow","max-snippet":"max-snippet:-1","max-image-preview":"max-image-preview:large","max-video-preview":"max-video-preview:-1"},"canonical":"https:\/\/ckcpr.fr\/index.php\/2015\/10\/05\/dimanche-28-tournoi-regional-jeune-kayak-polo-a-vern\/","og_locale":"fr_FR","og_type":"article","og_title":"Dimanche 28, Tournoi r\u00e9gional jeune kayak polo \u00e0 Vern - Cano\u00eb-Kayak Club de Pont-R\u00e9an","og_description":"Une \u00e9quipe du groupe loisir jeune s&rsquo;est adonn\u00e9e aux premiers vrais coups de pagaie autour d&rsquo;un ballon lors du tournoi de kayak polo r\u00e9gional jeune \u00e0 Vern sur Seiche. Ce ne sont ni les buts encaiss\u00e9s, ni le manque de pratique qui les ont d\u00e9courag\u00e9s, bien au contraire! Apr\u00e8s une s\u00e9v\u00e8re d\u00e9faite contre Plo\u00ebrmel(17-0) qui [&hellip;]","og_url":"https:\/\/ckcpr.fr\/index.php\/2015\/10\/05\/dimanche-28-tournoi-regional-jeune-kayak-polo-a-vern\/","og_site_name":"Cano\u00eb-Kayak Club de Pont-R\u00e9an","article_published_time":"2015-10-05T17:08:13+00:00","author":"Bubu","twitter_misc":{"\u00c9crit par":"Bubu","Dur\u00e9e de lecture estim\u00e9e":"1 minute"},"schema":{"@context":"https:\/\/schema.org","@graph":[{"@type":"Article","@id":"https:\/\/ckcpr.fr\/index.php\/2015\/10\/05\/dimanche-28-tournoi-regional-jeune-kayak-polo-a-vern\/#article","isPartOf":{"@id":"https:\/\/ckcpr.fr\/index.php\/2015\/10\/05\/dimanche-28-tournoi-regional-jeune-kayak-polo-a-vern\/"},"author":{"name":"Bubu","@id":"https:\/\/ckcpr.fr\/#\/schema\/person\/bb83b4f4ecb046538577160b8771e990"},"headline":"Dimanche 28, Tournoi r\u00e9gional jeune kayak polo \u00e0 Vern","datePublished":"2015-10-05T17:08:13+00:00","mainEntityOfPage":{"@id":"https:\/\/ckcpr.fr\/index.php\/2015\/10\/05\/dimanche-28-tournoi-regional-jeune-kayak-polo-a-vern\/"},"wordCount":243,"publisher":{"@id":"https:\/\/ckcpr.fr\/#organization"},"image":{"@id":"https:\/\/ckcpr.fr\/index.php\/2015\/10\/05\/dimanche-28-tournoi-regional-jeune-kayak-polo-a-vern\/#primaryimage"},"thumbnailUrl":"","articleSection":["Autres","Comp\u00e9titions","Loisirs jeunes"],"inLanguage":"fr-FR"},{"@type":"WebPage","@id":"https:\/\/ckcpr.fr\/index.php\/2015\/10\/05\/dimanche-28-tournoi-regional-jeune-kayak-polo-a-vern\/","url":"https:\/\/ckcpr.fr\/index.php\/2015\/10\/05\/dimanche-28-tournoi-regional-jeune-kayak-polo-a-vern\/","name":"Dimanche 28, Tournoi r\u00e9gional jeune kayak polo \u00e0 Vern - Cano\u00eb-Kayak Club de Pont-R\u00e9an","isPartOf":{"@id":"https:\/\/ckcpr.fr\/#website"},"primaryImageOfPage":{"@id":"https:\/\/ckcpr.fr\/index.php\/2015\/10\/05\/dimanche-28-tournoi-regional-jeune-kayak-polo-a-vern\/#primaryimage"},"image":{"@id":"https:\/\/ckcpr.fr\/index.php\/2015\/10\/05\/dimanche-28-tournoi-regional-jeune-kayak-polo-a-vern\/#primaryimage"},"thumbnailUrl":"","datePublished":"2015-10-05T17:08:13+00:00","breadcrumb":{"@id":"https:\/\/ckcpr.fr\/index.php\/2015\/10\/05\/dimanche-28-tournoi-regional-jeune-kayak-polo-a-vern\/#breadcrumb"},"inLanguage":"fr-FR","potentialAction":[{"@type":"ReadAction","target":["https:\/\/ckcpr.fr\/index.php\/2015\/10\/05\/dimanche-28-tournoi-regional-jeune-kayak-polo-a-vern\/"]}]},{"@type":"ImageObject","inLanguage":"fr-FR","@id":"https:\/\/ckcpr.fr\/index.php\/2015\/10\/05\/dimanche-28-tournoi-regional-jeune-kayak-polo-a-vern\/#primaryimage","url":"","contentUrl":""},{"@type":"BreadcrumbList","@id":"https:\/\/ckcpr.fr\/index.php\/2015\/10\/05\/dimanche-28-tournoi-regional-jeune-kayak-polo-a-vern\/#breadcrumb","itemListElement":[{"@type":"ListItem","position":1,"name":"Accueil","item":"https:\/\/ckcpr.fr\/"},{"@type":"ListItem","position":2,"name":"Dimanche 28, Tournoi r\u00e9gional jeune kayak polo \u00e0 Vern"}]},{"@type":"WebSite","@id":"https:\/\/ckcpr.fr\/#website","url":"https:\/\/ckcpr.fr\/","name":"Cano\u00eb-Kayak Club de Pont-R\u00e9an","description":"","publisher":{"@id":"https:\/\/ckcpr.fr\/#organization"},"potentialAction":[{"@type":"SearchAction","target":{"@type":"EntryPoint","urlTemplate":"https:\/\/ckcpr.fr\/?s={search_term_string}"},"query-input":{"@type":"PropertyValueSpecification","valueRequired":true,"valueName":"search_term_string"}}],"inLanguage":"fr-FR"},{"@type":"Organization","@id":"https:\/\/ckcpr.fr\/#organization","name":"Cano\u00eb-Kayak Club de Pont-R\u00e9an","url":"https:\/\/ckcpr.fr\/","logo":{"@type":"ImageObject","inLanguage":"fr-FR","@id":"https:\/\/ckcpr.fr\/#\/schema\/logo\/image\/","url":"https:\/\/ckcpr.fr\/wp-content\/uploads\/2022\/03\/cropped-cropped-Logo_ckcpr_horizontal.jpg","contentUrl":"https:\/\/ckcpr.fr\/wp-content\/uploads\/2022\/03\/cropped-cropped-Logo_ckcpr_horizontal.jpg","width":468,"height":156,"caption":"Cano\u00eb-Kayak Club de Pont-R\u00e9an"},"image":{"@id":"https:\/\/ckcpr.fr\/#\/schema\/logo\/image\/"}},{"@type":"Person","@id":"https:\/\/ckcpr.fr\/#\/schema\/person\/bb83b4f4ecb046538577160b8771e990","name":"Bubu","image":{"@type":"ImageObject","inLanguage":"fr-FR","@id":"https:\/\/secure.gravatar.com\/avatar\/?s=96&d=mm&r=g","url":"https:\/\/secure.gravatar.com\/avatar\/?s=96&d=mm&r=g","contentUrl":"https:\/\/secure.gravatar.com\/avatar\/?s=96&d=mm&r=g","caption":"Bubu"},"url":"https:\/\/ckcpr.fr\/index.php\/author\/bubu\/"}]}},"_links":{"self":[{"href":"https:\/\/ckcpr.fr\/index.php\/wp-json\/wp\/v2\/posts\/700","targetHints":{"allow":["GET"]}}],"collection":[{"href":"https:\/\/ckcpr.fr\/index.php\/wp-json\/wp\/v2\/posts"}],"about":[{"href":"https:\/\/ckcpr.fr\/index.php\/wp-json\/wp\/v2\/types\/post"}],"author":[{"embeddable":true,"href":"https:\/\/ckcpr.fr\/index.php\/wp-json\/wp\/v2\/users\/14"}],"replies":[{"embeddable":true,"href":"https:\/\/ckcpr.fr\/index.php\/wp-json\/wp\/v2\/comments?post=700"}],"version-history":[{"count":0,"href":"https:\/\/ckcpr.fr\/index.php\/wp-json\/wp\/v2\/posts\/700\/revisions"}],"wp:featuredmedia":[{"embeddable":true,"href":"https:\/\/ckcpr.fr\/index.php\/wp-json\/"}],"wp:attachment":[{"href":"https:\/\/ckcpr.fr\/index.php\/wp-json\/wp\/v2\/media?parent=700"}],"wp:term":[{"taxonomy":"category","embeddable":true,"href":"https:\/\/ckcpr.fr\/index.php\/wp-json\/wp\/v2\/categories?post=700"},{"taxonomy":"post_tag","embeddable":true,"href":"https:\/\/ckcpr.fr\/index.php\/wp-json\/wp\/v2\/tags?post=700"}],"curies":[{"name":"wp","href":"https:\/\/api.w.org\/{rel}","templated":true}]}}