{"id":8766,"date":"2022-03-11T18:02:31","date_gmt":"2022-03-11T17:02:31","guid":{"rendered":"https:\/\/ckcpr.fr\/?p=8766"},"modified":"2022-03-11T18:12:50","modified_gmt":"2022-03-11T17:12:50","slug":"avant-premiere-de-printemps-a-la-sortie-de-lhiver","status":"publish","type":"post","link":"https:\/\/ckcpr.fr\/index.php\/2022\/03\/11\/avant-premiere-de-printemps-a-la-sortie-de-lhiver\/","title":{"rendered":"AVANT-PREMI\u00c8RE DE PRINTEMPS, \u00e0 la sortie de l\u2019hiver"},"content":{"rendered":"\t\t<div data-elementor-type=\"wp-post\" data-elementor-id=\"8766\" class=\"elementor elementor-8766\">\n\t\t\t\t\t\t<section class=\"elementor-section elementor-top-section elementor-element elementor-element-f6f36d4 elementor-section-boxed elementor-section-height-default elementor-section-height-default\" data-id=\"f6f36d4\" data-element_type=\"section\" data-e-type=\"section\">\n\t\t\t\t\t\t<div class=\"elementor-container elementor-column-gap-default\">\n\t\t\t\t\t<div class=\"elementor-column elementor-col-100 elementor-top-column elementor-element elementor-element-ff3949e\" data-id=\"ff3949e\" data-element_type=\"column\" data-e-type=\"column\">\n\t\t\t<div class=\"elementor-widget-wrap elementor-element-populated\">\n\t\t\t\t\t\t<div class=\"elementor-element elementor-element-698e6ff elementor-widget elementor-widget-text-editor\" data-id=\"698e6ff\" data-element_type=\"widget\" data-e-type=\"widget\" data-widget_type=\"text-editor.default\">\n\t\t\t\t<div class=\"elementor-widget-container\">\n\t\t\t\t\t\t\t\t\t<p>Vendredi, Anne-Marie, tu as loup\u00e9 quelque chose.<\/p>\n<p>Bon, s\u00fbrement gr\u00e2ce \u00e0 toi en partie, toi qui es all\u00e9e cueillir le soleil chaud en Guadeloupe, on a eu plus que du soleil. Un printemps en avant premi\u00e8re !<\/p>\n<p>Vendredi, rayonnant comme d\u2019habitude, nous \u00e9tions tous r\u00e9unis. Ou presque.<\/p>\n<p>Il y avait notre Charly, revenus des enfers d\u2019Omicron et Delta, tout essouffl\u00e9 encore de sa longue nuit, mais tout frais de promesses et pr\u00eat \u00e0 s\u2019\u00e9brouer dans son jouet pr\u00e9f\u00e9r\u00e9.<\/p>\n<p>Il y avait Candida, v\u00eatue de ses plus beaux atours. Qui avait r\u00e9it\u00e9r\u00e9 le bonnet orange fluo de p\u00eacheur assorti aux genoux de la combi et aux chaussons. \u00c7a ne s\u2019invente pas. La classe, on l\u2019a ou ou ne l\u2019a pas, c\u2019est comme \u00e7a.<br>Bon, bien entendu, je n\u2019ai pas pu m\u2019emp\u00eacher d\u2019expliquer \u00e0 tout le monde que Candida s\u2019ornait de fluo chaud pour qu\u2019on puisse la voir sur l\u2019eau. Parce qu\u2019elle est petite. Mais pas que !<br>( et tout ce qui est petit est mignon, tout ce qui est grand est rassurant)<\/p>\n<p>Il y avait aussi Nathalie, les yeux tout endormis de beaucoup de travail en coulisses dans sa vie \u00e0 elle.<\/p>\n<p>Exceptionnellement, il y avait aussi Fabienne, notre cheffe v\u00e9n\u00e9r\u00e9e responsable du bureau, gr\u00e2ce \u00e0 qui l\u2019entrain et le dynamisme du groupe \u00ab projet APA \u00bb pose ses jalons et s\u2019appr\u00eate \u00e0 courir sur l\u2019eau avec la m\u00eame force que les cygnes de notre belle Vilaine.<\/p>\n<p>Il y avait aussi Micka\u00ebl, notre grand gourou \u00e9ducateur sp\u00e9cialis\u00e9 et salari\u00e9 du club, pr\u00eat \u00e0 en d\u00e9coudre pour batifoler sur notre terrain de r\u00e9cr\u00e9ation pr\u00e9f\u00e9r\u00e9.<\/p>\n<p>Il y avait aussi Evelyne, bien s\u00fbr, notre doyenne nouvelle recrue, plus jeune que nous tous dans son mental enjou\u00e9 et passionn\u00e9. Notre championne handisport de kayak de ligne, venue du Grand Est, l\u00e0-bas loin vers les montagnes, les vraies, pas celles de nos monts d\u2019Arr\u00e9e \u00e0 nous, qui culminent \u00e0 300m lol.<\/p>\n<p>Et puis, au centre de cet attroupement, il y avait une journaliste-reporter de la mairie de Guichen pour parler de notre chance ouverte \u00e0 tous de pouvoir venir barboter en APA (activit\u00e9 physique adapt\u00e9e pour toute sorte d\u2019ALD, dont les cancers et pour public mixte).<\/p>\n<p>Ah aussi, y avait moi. Toujours pr\u00eate \u00e0 siester, m\u2019am\u00e9liorer, me surpasser, mais surtout bien rigoler sur l\u2019eau. Avec la petite troupe.<\/p>\n<p>Car on ne le dira jamais assez, le kayak, y\u2019en a pour tous les go\u00fbts.<\/p>\n<p>\u00c0 chaque personnalit\u00e9, son kayak.<br>Les casse-cous font des loopings dans les remous de la haute-rivi\u00e8re.<br>Pas nous. Nous, on apprend les bons gestes pour se d\u00e9passer, s\u2019am\u00e9liorer et pousser un peu la chansonnette. Mais surtout pour se la jouer cool. Nous, on se prom\u00e8ne. Et on s\u2019amuse comme des petits fous.<\/p>\n<p>Voil\u00e0 comment c\u2019\u00e9tait au d\u00e9but, sur la berge, sous le soleil prometteur.<\/p>\n<p>Micka nous a jaug\u00e9, sous-pes\u00e9, emball\u00e9 et a dit \u00ab on sort les p\u2019tits bateaux \u00bb.<\/p>\n<p>Sur l\u2019eau, apr\u00e8s l\u2019hibernation hivernale, on avait juste l\u2019impression de faire nos premiers pas sur l\u2019eau. Bien cal\u00e9s dans nos jouets, pieds et genoux en place. Se r\u00e9approprier l\u2019assise, l\u2019\u00e9quilibre. Une petite g\u00eete de b\u00e2bord \u00e0 tribord, toute en souplesse fa\u00e7on Culbuto sur son tapis d\u2019\u00e9veil. Et tout revient, tout s\u2019anime.<\/p>\n<p>Aucun de nous n\u2019est d\u00e9butant. Mais si Anne-Marie notre acolyte d\u00e9butante avait \u00e9t\u00e9 l\u00e0, \u00e7a n\u2019aurait rien chang\u00e9. Ou presque. Nos profs pensent \u00e0 tout. Et distribuent coaching et objectifs personnalis\u00e9 \u00e0 chacun, dans le m\u00eame exercice de mini-groupe.<br>Ils font de la dentelle. Comme \u00e7a tout le monde apprend \u00e0 son rythme.<\/p>\n<p>Au d\u00e9but, Mick nous a fait faire des circulaires. Evelyne, moins \u00e0 l\u2019aise en petit bateau \u00e0 cause de son probl\u00e8me d\u2019\u00e9quilibre, a pu s\u2019exercer et \u00e9pouser le confort de son large hiloire.<\/p>\n<p>On \u00e9tait tout content. \u00c0 faire des ronds sur l\u2019eau. Pale plant\u00e9e loin devant le nez du kayak, buste accompagnant vers l\u2019avant. Circulaire large \u00e0 gauche et corps accompagnant, toujours en regardant la pagaie dans l\u2019eau. Souplesse du buste qui suit le regard. Puis, hop, on passe \u00e0 l\u2019autre c\u00f4t\u00e9. Encha\u00eenement avec d\u00e9nage du c\u00f4t\u00e9 droit. Comme si on freinait. Dans un geste aussi large en sens inverse que la circulaire. Puis, le plus pr\u00e8s possible du bateau, en perpendiculaire, faire un \u00ab appel \u00bb. Objectif : jeter l\u2019encre. Et se repropulser en avant.<\/p>\n<p>Ballet aquatique orchestr\u00e9 par Micka.<\/p>\n<p>En un coup de cuill\u00e8re \u00e0 pot, il a fait du 3 en 1. \u00c9chauffement, d\u00e9rouillage et mise \u00e0 feu. Un \u0153il sur chaque pilote.<\/p>\n<p>Menu du jour : remonter vers l\u2019\u00e9cluse, d\u00e9barquer. Glisser du talus \u00e0 l\u2019am\u00e9ricaine en souplesse et sans risque. Continuer vers l\u2019amont, traverser et aller batifoler dans les eaux mar\u00e9cageuses pleines de h\u00e9rons et de martins-p\u00eacheurs.<\/p>\n<p>\u00c0 peine nos kayaks install\u00e9s \u00e0 l\u2019\u00e9querre en haut des glissades de gazon, que notre couple de cygne nous attend fermement.<br>Pendant que Madame fait son shopping et essaie tous les asticots sous-marins, Monsieur asticote ses ailes et pavane en position d\u2019intimidation fa\u00e7on bolide propuls\u00e9. Les ailes arrondies et \u00e9cart\u00e9es du corps pour imiter l\u2019illusion d\u2019une masse avec plus d\u2019envergure et rapide. Le cou, diminu\u00e9 de hauteur et arrondi sur son bolide, pour l\u2019a\u00e9rodynamisme de la position. Et les pattes en p\u00e9dalo \u00e0 r\u00e9action par propulsion cadenc\u00e9es et discontinues.<\/p>\n<p>Et nous, en haut, 5 kayakistes m\u00e9dus\u00e9s par la mise-en-bouche de l\u2019accueil. Et oui, nous naviguons non pas sur une piscine mais sur un plan d\u2019eau partag\u00e9 avec moultes esp\u00e8ces \u00e0 poils, \u00e0 plumes et \u00e0 bec.<br>Et en ce moment, madame est pleine, et monsieur veille sur l\u2019amour de sa vie et sa future prog\u00e9niture.<\/p>\n<p>Michel, t\u00e9m\u00e9raire, s\u2019envoie en \u00e9claireur. Puis Nath, puis Candida, Evelyne et moi. Mick ferme la marche et reprend le lead.<br>En longeant la berge, nous n\u2019interf\u00e9rons pas avec la large bulle de vie du couple. \u00c7a passe.<\/p>\n<p>Mick, loin devant, suivi de ses canetons. Moi derri\u00e8re. Et Michel pour fermer la marche.<br>Soudain, j\u2019entends \u00ab flap-flap-flap \u00bb monsieur Cygne court sur l\u2019eau et se rapproche dangereusement ! Michel ne voit pas le cygne mais r\u00e9alise en voyant mes yeux devenir soucoupes.<br>On d\u00e9tale \u00e0 toute vitesse sans se retourner. Plus de peur que de mal. Le cygne faisait du z\u00e8le.<br>Et loi de la nature oblige, on ne s\u2019attaque pas \u00e0 un troupeau plus nombreux que le sien, qu\u2019aux ressortissants faibles, en retard et isol\u00e9s.<br>Bonne le\u00e7on de cro-magnons. Attends qu\u2019on revienne avec nos silex et peaux de b\u00eates. Non mais.<\/p>\n<p>Remis de nos \u00e9motions, nous retrouvons notre tranquillit\u00e9 oisive presque.<br>Telles des loutres joueuses, Mick en profite pour nous r\u00e9apprendre la technique du gouvernail, pour continuer d\u2019avancer droit sans pagayer. Maintenant qu\u2019il sait que sur une distance tr\u00e8s courte, on sait pagayer tr\u00e8s vite \u00e0 la vitesse de la lumi\u00e8re, presque.<\/p>\n<p>Derri\u00e8re l\u2019\u00eele, on s\u2019avance vers le d\u00e9versoir du moulin. L\u2019eau est haute. Ce sera facile et joyeux.<br>Et puis, non. Mieux encore, on va descendre de l\u2019autre c\u00f4t\u00e9 dans le petit pipi, et passer dans le tunnel qui passe sous le restaurant.<br>Avec un peu d\u2019adresse et d\u2019espi\u00e8glerie, c\u2019est la vie de Candy.<\/p>\n<p>Mick nous fait jurer de se mouvoir et descendre en silence en dessous. Nous, comme des sioux, on est d\u2019accord. Sympa le jeu. Un tunnel tout noir, en file indienne et en silence. Aventure.<\/p>\n<p>Un par un nous prenons le d\u00e9part. Nath se lance courageusement. Suivie par Candida.<br>Puis moi. Bien contente de ne pas \u00eatre toute seule devant.<br>Je sors p\u00e9niblement du mar\u00e9cage des herbes qui poussent et nous entravent et sans \u00e9lan, mais heureuse de retrouver des eaux libres, je m\u2019avance prudemment.<br>En bas, je vois Candida qui semble m\u2019attendre. Youpi, je m\u2019\u00e9lance. C\u2019est tout doux et super s\u00e9cure. Un parc d\u2019attraction pour enfant en bas-\u00e2ge. Arriv\u00e9e en souplesse. Devant, un mur de mousse bien d\u00e9gag\u00e9. Sur notre gauche, le couloir en d\u00e9nivel\u00e9 annonce le tunnel au loin. Candida s\u2019avance, je la suis. Nath s\u2019engouffre dans l\u2019inconnu tout noir. Et dispara\u00eet.<\/p>\n<p>Glissi\u00e8re engag\u00e9e, pagaie rang\u00e9e en gouvernail pour palier au manque de place, je file le roseau. Le courant me dirige. Je choisis de suivre son cours et de lui faire aveugl\u00e9ment confiance. Apr\u00e8s tout, en tout \u00e9tat de cause, il s\u2019\u00e9coule forc\u00e9ment sur une sortie de tunnel.<br>J\u2019entre dans le couloir sombre, presque tout noir. Mais quel vacarme ! On se croirait dans un jeu de quilles. \u00ab En silence qu\u2019i disait Micka, lol, impossible \u00e7a fait caisse de r\u00e9sonance \u00bb.<br>Apr\u00e8s le coude, plus de remous, plus de glissi\u00e8re, plus de courant, juste un long couloir tout calme et \u00e9troit qui se profile. Au bout, la sortie.<\/p>\n<p>Nath et Candida les premiers canetons, nous attendent \u00e0 la ligne d\u2019arriv\u00e9e.<br>Je sors ravie, suivie rapidement de Michel ragaillardi et p\u00e9tillant. Puis Micka et Evelyne.<\/p>\n<p>Evelyne s\u2019est mang\u00e9e la salade du mur, mal engag\u00e9e \u00e0 cause de sa pagaie qui entravait sa descente.<br>Cette man\u0153uvre mal contr\u00f4l\u00e9e lui a barr\u00e9 la route dans ce couloir trop \u00e9troit. D\u00e9s\u00e9quilibr\u00e9e comme un h\u00e9ron avec une envergure d\u2019ailes trop larges pour rentrer dans le tube, elle s\u2019est gamell\u00e9e.<\/p>\n<p>On parlait justement d\u2019op\u00e9ration s\u00e9curit\u00e9 avant de d\u00e9marrer la session. Pour apprendre \u00e0 remonter sur le bateau et r\u00e9cup\u00e9rer son barda. Evelyne a beau \u00eatre parapl\u00e9gique, elle conna\u00eet le protocole. Aucune raison de paniquer. Elle a son gilet de flottaison, donc flotte.<\/p>\n<p>Mick, pr\u00e8s d\u2019elle l\u2019a imm\u00e9diatement rep\u00e9r\u00e9e et r\u00e9cup\u00e9r\u00e9e, appont\u00e9e au nez ou \u00e0 la queue de son kayak. Son embarcation, elle, s\u2019est gentiment retourn\u00e9e et a tranquillement suivi le courant. Michel l\u2019a r\u00e9cup\u00e9r\u00e9e et avec une bonne dose de muscles et de testost\u00e9rone, se sont employ\u00e9s avec Mick de vider et retourner le bateau remis \u00e0 flot.<\/p>\n<p>Quelle aventure !<br>L\u2019eau est encore un peu fra\u00eeche, quand m\u00eame, dixit Evelyne qui n\u2019avait qu\u2019un cycliste en lycra sur les fesses. En N\u00e9opr\u00e8ne, c\u2019e\u00fbt \u00e9t\u00e9 plus chaud.<\/p>\n<p>Tous, on s\u2019est bien amus\u00e9.<br>Vivement vendredi prochain !<\/p>\n<p>Magali<\/p>\t\t\t\t\t\t\t\t<\/div>\n\t\t\t\t<\/div>\n\t\t\t\t\t<\/div>\n\t\t<\/div>\n\t\t\t\t\t<\/div>\n\t\t<\/section>\n\t\t\t\t<\/div>\n\t\t","protected":false},"excerpt":{"rendered":"<p>Vendredi, Anne-Marie, tu as loup\u00e9 quelque chose. Bon, s\u00fbrement gr\u00e2ce \u00e0 toi en partie, toi qui es all\u00e9e cueillir le soleil chaud en Guadeloupe, on a eu plus que du soleil. Un printemps en avant premi\u00e8re ! Vendredi, rayonnant comme d\u2019habitude, nous \u00e9tions tous r\u00e9unis. Ou presque. Il y avait notre Charly, revenus des enfers [&hellip;]<\/p>\n","protected":false},"author":11,"featured_media":8767,"comment_status":"open","ping_status":"open","sticky":false,"template":"","format":"standard","meta":{"site-sidebar-layout":"default","site-content-layout":"","ast-site-content-layout":"default","site-content-style":"default","site-sidebar-style":"default","ast-global-header-display":"","ast-banner-title-visibility":"","ast-main-header-display":"","ast-hfb-above-header-display":"","ast-hfb-below-header-display":"","ast-hfb-mobile-header-display":"","site-post-title":"","ast-breadcrumbs-content":"","ast-featured-img":"","footer-sml-layout":"","ast-disable-related-posts":"","theme-transparent-header-meta":"","adv-header-id-meta":"","stick-header-meta":"","header-above-stick-meta":"","header-main-stick-meta":"","header-below-stick-meta":"","astra-migrate-meta-layouts":"default","ast-page-background-enabled":"default","ast-page-background-meta":{"desktop":{"background-color":"","background-image":"","background-repeat":"repeat","background-position":"center center","background-size":"auto","background-attachment":"scroll","background-type":"","background-media":"","overlay-type":"","overlay-color":"","overlay-opacity":"","overlay-gradient":""},"tablet":{"background-color":"","background-image":"","background-repeat":"repeat","background-position":"center center","background-size":"auto","background-attachment":"scroll","background-type":"","background-media":"","overlay-type":"","overlay-color":"","overlay-opacity":"","overlay-gradient":""},"mobile":{"background-color":"","background-image":"","background-repeat":"repeat","background-position":"center center","background-size":"auto","background-attachment":"scroll","background-type":"","background-media":"","overlay-type":"","overlay-color":"","overlay-opacity":"","overlay-gradient":""}},"ast-content-background-meta":{"desktop":{"background-color":"var(--ast-global-color-5)","background-image":"","background-repeat":"repeat","background-position":"center center","background-size":"auto","background-attachment":"scroll","background-type":"","background-media":"","overlay-type":"","overlay-color":"","overlay-opacity":"","overlay-gradient":""},"tablet":{"background-color":"var(--ast-global-color-5)","background-image":"","background-repeat":"repeat","background-position":"center center","background-size":"auto","background-attachment":"scroll","background-type":"","background-media":"","overlay-type":"","overlay-color":"","overlay-opacity":"","overlay-gradient":""},"mobile":{"background-color":"var(--ast-global-color-5)","background-image":"","background-repeat":"repeat","background-position":"center center","background-size":"auto","background-attachment":"scroll","background-type":"","background-media":"","overlay-type":"","overlay-color":"","overlay-opacity":"","overlay-gradient":""}},"footnotes":""},"categories":[114],"tags":[],"class_list":["post-8766","post","type-post","status-publish","format-standard","has-post-thumbnail","hentry","category-apa"],"yoast_head":"<!-- This site is optimized with the Yoast SEO plugin v27.5 - https:\/\/yoast.com\/product\/yoast-seo-wordpress\/ -->\n<title>AVANT-PREMI\u00c8RE DE PRINTEMPS, \u00e0 la sortie de l\u2019hiver - Cano\u00eb-Kayak Club de Pont-R\u00e9an<\/title>\n<meta name=\"robots\" content=\"index, follow, max-snippet:-1, max-image-preview:large, max-video-preview:-1\" \/>\n<link rel=\"canonical\" href=\"https:\/\/ckcpr.fr\/index.php\/2022\/03\/11\/avant-premiere-de-printemps-a-la-sortie-de-lhiver\/\" \/>\n<meta property=\"og:locale\" content=\"fr_FR\" \/>\n<meta property=\"og:type\" content=\"article\" \/>\n<meta property=\"og:title\" content=\"AVANT-PREMI\u00c8RE DE PRINTEMPS, \u00e0 la sortie de l\u2019hiver - Cano\u00eb-Kayak Club de Pont-R\u00e9an\" \/>\n<meta property=\"og:description\" content=\"Vendredi, Anne-Marie, tu as loup\u00e9 quelque chose. Bon, s\u00fbrement gr\u00e2ce \u00e0 toi en partie, toi qui es all\u00e9e cueillir le soleil chaud en Guadeloupe, on a eu plus que du soleil. Un printemps en avant premi\u00e8re ! Vendredi, rayonnant comme d\u2019habitude, nous \u00e9tions tous r\u00e9unis. Ou presque. Il y avait notre Charly, revenus des enfers [&hellip;]\" \/>\n<meta property=\"og:url\" content=\"https:\/\/ckcpr.fr\/index.php\/2022\/03\/11\/avant-premiere-de-printemps-a-la-sortie-de-lhiver\/\" \/>\n<meta property=\"og:site_name\" content=\"Cano\u00eb-Kayak Club de Pont-R\u00e9an\" \/>\n<meta property=\"article:published_time\" content=\"2022-03-11T17:02:31+00:00\" \/>\n<meta property=\"article:modified_time\" content=\"2022-03-11T17:12:50+00:00\" \/>\n<meta property=\"og:image\" content=\"https:\/\/ckcpr.fr\/wp-content\/uploads\/2022\/03\/20210525_162817-scaled.jpg\" \/>\n\t<meta property=\"og:image:width\" content=\"2560\" \/>\n\t<meta property=\"og:image:height\" content=\"1920\" \/>\n\t<meta property=\"og:image:type\" content=\"image\/jpeg\" \/>\n<meta name=\"author\" content=\"Fabien SPINDLER\" \/>\n<meta name=\"twitter:label1\" content=\"\u00c9crit par\" \/>\n\t<meta name=\"twitter:data1\" content=\"Fabien SPINDLER\" \/>\n\t<meta name=\"twitter:label2\" content=\"Dur\u00e9e de lecture estim\u00e9e\" \/>\n\t<meta name=\"twitter:data2\" content=\"9 minutes\" \/>\n<script type=\"application\/ld+json\" class=\"yoast-schema-graph\">{\"@context\":\"https:\\\/\\\/schema.org\",\"@graph\":[{\"@type\":\"Article\",\"@id\":\"https:\\\/\\\/ckcpr.fr\\\/index.php\\\/2022\\\/03\\\/11\\\/avant-premiere-de-printemps-a-la-sortie-de-lhiver\\\/#article\",\"isPartOf\":{\"@id\":\"https:\\\/\\\/ckcpr.fr\\\/index.php\\\/2022\\\/03\\\/11\\\/avant-premiere-de-printemps-a-la-sortie-de-lhiver\\\/\"},\"author\":{\"name\":\"Fabien SPINDLER\",\"@id\":\"https:\\\/\\\/ckcpr.fr\\\/#\\\/schema\\\/person\\\/77702215a818dc209589f38d0ef2a4ee\"},\"headline\":\"AVANT-PREMI\u00c8RE DE PRINTEMPS, \u00e0 la sortie de l\u2019hiver\",\"datePublished\":\"2022-03-11T17:02:31+00:00\",\"dateModified\":\"2022-03-11T17:12:50+00:00\",\"mainEntityOfPage\":{\"@id\":\"https:\\\/\\\/ckcpr.fr\\\/index.php\\\/2022\\\/03\\\/11\\\/avant-premiere-de-printemps-a-la-sortie-de-lhiver\\\/\"},\"wordCount\":1823,\"commentCount\":0,\"publisher\":{\"@id\":\"https:\\\/\\\/ckcpr.fr\\\/#organization\"},\"image\":{\"@id\":\"https:\\\/\\\/ckcpr.fr\\\/index.php\\\/2022\\\/03\\\/11\\\/avant-premiere-de-printemps-a-la-sortie-de-lhiver\\\/#primaryimage\"},\"thumbnailUrl\":\"https:\\\/\\\/ckcpr.fr\\\/wp-content\\\/uploads\\\/2022\\\/03\\\/20210525_162817-scaled.jpg\",\"articleSection\":[\"APA\"],\"inLanguage\":\"fr-FR\",\"potentialAction\":[{\"@type\":\"CommentAction\",\"name\":\"Comment\",\"target\":[\"https:\\\/\\\/ckcpr.fr\\\/index.php\\\/2022\\\/03\\\/11\\\/avant-premiere-de-printemps-a-la-sortie-de-lhiver\\\/#respond\"]}]},{\"@type\":\"WebPage\",\"@id\":\"https:\\\/\\\/ckcpr.fr\\\/index.php\\\/2022\\\/03\\\/11\\\/avant-premiere-de-printemps-a-la-sortie-de-lhiver\\\/\",\"url\":\"https:\\\/\\\/ckcpr.fr\\\/index.php\\\/2022\\\/03\\\/11\\\/avant-premiere-de-printemps-a-la-sortie-de-lhiver\\\/\",\"name\":\"AVANT-PREMI\u00c8RE DE PRINTEMPS, \u00e0 la sortie de l\u2019hiver - Cano\u00eb-Kayak Club de Pont-R\u00e9an\",\"isPartOf\":{\"@id\":\"https:\\\/\\\/ckcpr.fr\\\/#website\"},\"primaryImageOfPage\":{\"@id\":\"https:\\\/\\\/ckcpr.fr\\\/index.php\\\/2022\\\/03\\\/11\\\/avant-premiere-de-printemps-a-la-sortie-de-lhiver\\\/#primaryimage\"},\"image\":{\"@id\":\"https:\\\/\\\/ckcpr.fr\\\/index.php\\\/2022\\\/03\\\/11\\\/avant-premiere-de-printemps-a-la-sortie-de-lhiver\\\/#primaryimage\"},\"thumbnailUrl\":\"https:\\\/\\\/ckcpr.fr\\\/wp-content\\\/uploads\\\/2022\\\/03\\\/20210525_162817-scaled.jpg\",\"datePublished\":\"2022-03-11T17:02:31+00:00\",\"dateModified\":\"2022-03-11T17:12:50+00:00\",\"breadcrumb\":{\"@id\":\"https:\\\/\\\/ckcpr.fr\\\/index.php\\\/2022\\\/03\\\/11\\\/avant-premiere-de-printemps-a-la-sortie-de-lhiver\\\/#breadcrumb\"},\"inLanguage\":\"fr-FR\",\"potentialAction\":[{\"@type\":\"ReadAction\",\"target\":[\"https:\\\/\\\/ckcpr.fr\\\/index.php\\\/2022\\\/03\\\/11\\\/avant-premiere-de-printemps-a-la-sortie-de-lhiver\\\/\"]}]},{\"@type\":\"ImageObject\",\"inLanguage\":\"fr-FR\",\"@id\":\"https:\\\/\\\/ckcpr.fr\\\/index.php\\\/2022\\\/03\\\/11\\\/avant-premiere-de-printemps-a-la-sortie-de-lhiver\\\/#primaryimage\",\"url\":\"https:\\\/\\\/ckcpr.fr\\\/wp-content\\\/uploads\\\/2022\\\/03\\\/20210525_162817-scaled.jpg\",\"contentUrl\":\"https:\\\/\\\/ckcpr.fr\\\/wp-content\\\/uploads\\\/2022\\\/03\\\/20210525_162817-scaled.jpg\",\"width\":2560,\"height\":1920},{\"@type\":\"BreadcrumbList\",\"@id\":\"https:\\\/\\\/ckcpr.fr\\\/index.php\\\/2022\\\/03\\\/11\\\/avant-premiere-de-printemps-a-la-sortie-de-lhiver\\\/#breadcrumb\",\"itemListElement\":[{\"@type\":\"ListItem\",\"position\":1,\"name\":\"Accueil\",\"item\":\"https:\\\/\\\/ckcpr.fr\\\/\"},{\"@type\":\"ListItem\",\"position\":2,\"name\":\"AVANT-PREMI\u00c8RE DE PRINTEMPS, \u00e0 la sortie de l\u2019hiver\"}]},{\"@type\":\"WebSite\",\"@id\":\"https:\\\/\\\/ckcpr.fr\\\/#website\",\"url\":\"https:\\\/\\\/ckcpr.fr\\\/\",\"name\":\"Cano\u00eb-Kayak Club de Pont-R\u00e9an\",\"description\":\"\",\"publisher\":{\"@id\":\"https:\\\/\\\/ckcpr.fr\\\/#organization\"},\"potentialAction\":[{\"@type\":\"SearchAction\",\"target\":{\"@type\":\"EntryPoint\",\"urlTemplate\":\"https:\\\/\\\/ckcpr.fr\\\/?s={search_term_string}\"},\"query-input\":{\"@type\":\"PropertyValueSpecification\",\"valueRequired\":true,\"valueName\":\"search_term_string\"}}],\"inLanguage\":\"fr-FR\"},{\"@type\":\"Organization\",\"@id\":\"https:\\\/\\\/ckcpr.fr\\\/#organization\",\"name\":\"Cano\u00eb-Kayak Club de Pont-R\u00e9an\",\"url\":\"https:\\\/\\\/ckcpr.fr\\\/\",\"logo\":{\"@type\":\"ImageObject\",\"inLanguage\":\"fr-FR\",\"@id\":\"https:\\\/\\\/ckcpr.fr\\\/#\\\/schema\\\/logo\\\/image\\\/\",\"url\":\"https:\\\/\\\/ckcpr.fr\\\/wp-content\\\/uploads\\\/2022\\\/03\\\/cropped-cropped-Logo_ckcpr_horizontal.jpg\",\"contentUrl\":\"https:\\\/\\\/ckcpr.fr\\\/wp-content\\\/uploads\\\/2022\\\/03\\\/cropped-cropped-Logo_ckcpr_horizontal.jpg\",\"width\":468,\"height\":156,\"caption\":\"Cano\u00eb-Kayak Club de Pont-R\u00e9an\"},\"image\":{\"@id\":\"https:\\\/\\\/ckcpr.fr\\\/#\\\/schema\\\/logo\\\/image\\\/\"}},{\"@type\":\"Person\",\"@id\":\"https:\\\/\\\/ckcpr.fr\\\/#\\\/schema\\\/person\\\/77702215a818dc209589f38d0ef2a4ee\",\"name\":\"Fabien SPINDLER\",\"image\":{\"@type\":\"ImageObject\",\"inLanguage\":\"fr-FR\",\"@id\":\"https:\\\/\\\/secure.gravatar.com\\\/avatar\\\/39bef6716eae516dda73823f2c63c704b712b863069634c8687b14a1230ea606?s=96&d=mm&r=g\",\"url\":\"https:\\\/\\\/secure.gravatar.com\\\/avatar\\\/39bef6716eae516dda73823f2c63c704b712b863069634c8687b14a1230ea606?s=96&d=mm&r=g\",\"contentUrl\":\"https:\\\/\\\/secure.gravatar.com\\\/avatar\\\/39bef6716eae516dda73823f2c63c704b712b863069634c8687b14a1230ea606?s=96&d=mm&r=g\",\"caption\":\"Fabien SPINDLER\"},\"url\":\"https:\\\/\\\/ckcpr.fr\\\/index.php\\\/author\\\/fabien-spindler35gmail-com\\\/\"}]}<\/script>\n<!-- \/ Yoast SEO plugin. -->","yoast_head_json":{"title":"AVANT-PREMI\u00c8RE DE PRINTEMPS, \u00e0 la sortie de l\u2019hiver - Cano\u00eb-Kayak Club de Pont-R\u00e9an","robots":{"index":"index","follow":"follow","max-snippet":"max-snippet:-1","max-image-preview":"max-image-preview:large","max-video-preview":"max-video-preview:-1"},"canonical":"https:\/\/ckcpr.fr\/index.php\/2022\/03\/11\/avant-premiere-de-printemps-a-la-sortie-de-lhiver\/","og_locale":"fr_FR","og_type":"article","og_title":"AVANT-PREMI\u00c8RE DE PRINTEMPS, \u00e0 la sortie de l\u2019hiver - Cano\u00eb-Kayak Club de Pont-R\u00e9an","og_description":"Vendredi, Anne-Marie, tu as loup\u00e9 quelque chose. Bon, s\u00fbrement gr\u00e2ce \u00e0 toi en partie, toi qui es all\u00e9e cueillir le soleil chaud en Guadeloupe, on a eu plus que du soleil. Un printemps en avant premi\u00e8re ! Vendredi, rayonnant comme d\u2019habitude, nous \u00e9tions tous r\u00e9unis. Ou presque. Il y avait notre Charly, revenus des enfers [&hellip;]","og_url":"https:\/\/ckcpr.fr\/index.php\/2022\/03\/11\/avant-premiere-de-printemps-a-la-sortie-de-lhiver\/","og_site_name":"Cano\u00eb-Kayak Club de Pont-R\u00e9an","article_published_time":"2022-03-11T17:02:31+00:00","article_modified_time":"2022-03-11T17:12:50+00:00","og_image":[{"width":2560,"height":1920,"url":"https:\/\/ckcpr.fr\/wp-content\/uploads\/2022\/03\/20210525_162817-scaled.jpg","type":"image\/jpeg"}],"author":"Fabien SPINDLER","twitter_misc":{"\u00c9crit par":"Fabien SPINDLER","Dur\u00e9e de lecture estim\u00e9e":"9 minutes"},"schema":{"@context":"https:\/\/schema.org","@graph":[{"@type":"Article","@id":"https:\/\/ckcpr.fr\/index.php\/2022\/03\/11\/avant-premiere-de-printemps-a-la-sortie-de-lhiver\/#article","isPartOf":{"@id":"https:\/\/ckcpr.fr\/index.php\/2022\/03\/11\/avant-premiere-de-printemps-a-la-sortie-de-lhiver\/"},"author":{"name":"Fabien SPINDLER","@id":"https:\/\/ckcpr.fr\/#\/schema\/person\/77702215a818dc209589f38d0ef2a4ee"},"headline":"AVANT-PREMI\u00c8RE DE PRINTEMPS, \u00e0 la sortie de l\u2019hiver","datePublished":"2022-03-11T17:02:31+00:00","dateModified":"2022-03-11T17:12:50+00:00","mainEntityOfPage":{"@id":"https:\/\/ckcpr.fr\/index.php\/2022\/03\/11\/avant-premiere-de-printemps-a-la-sortie-de-lhiver\/"},"wordCount":1823,"commentCount":0,"publisher":{"@id":"https:\/\/ckcpr.fr\/#organization"},"image":{"@id":"https:\/\/ckcpr.fr\/index.php\/2022\/03\/11\/avant-premiere-de-printemps-a-la-sortie-de-lhiver\/#primaryimage"},"thumbnailUrl":"https:\/\/ckcpr.fr\/wp-content\/uploads\/2022\/03\/20210525_162817-scaled.jpg","articleSection":["APA"],"inLanguage":"fr-FR","potentialAction":[{"@type":"CommentAction","name":"Comment","target":["https:\/\/ckcpr.fr\/index.php\/2022\/03\/11\/avant-premiere-de-printemps-a-la-sortie-de-lhiver\/#respond"]}]},{"@type":"WebPage","@id":"https:\/\/ckcpr.fr\/index.php\/2022\/03\/11\/avant-premiere-de-printemps-a-la-sortie-de-lhiver\/","url":"https:\/\/ckcpr.fr\/index.php\/2022\/03\/11\/avant-premiere-de-printemps-a-la-sortie-de-lhiver\/","name":"AVANT-PREMI\u00c8RE DE PRINTEMPS, \u00e0 la sortie de l\u2019hiver - Cano\u00eb-Kayak Club de Pont-R\u00e9an","isPartOf":{"@id":"https:\/\/ckcpr.fr\/#website"},"primaryImageOfPage":{"@id":"https:\/\/ckcpr.fr\/index.php\/2022\/03\/11\/avant-premiere-de-printemps-a-la-sortie-de-lhiver\/#primaryimage"},"image":{"@id":"https:\/\/ckcpr.fr\/index.php\/2022\/03\/11\/avant-premiere-de-printemps-a-la-sortie-de-lhiver\/#primaryimage"},"thumbnailUrl":"https:\/\/ckcpr.fr\/wp-content\/uploads\/2022\/03\/20210525_162817-scaled.jpg","datePublished":"2022-03-11T17:02:31+00:00","dateModified":"2022-03-11T17:12:50+00:00","breadcrumb":{"@id":"https:\/\/ckcpr.fr\/index.php\/2022\/03\/11\/avant-premiere-de-printemps-a-la-sortie-de-lhiver\/#breadcrumb"},"inLanguage":"fr-FR","potentialAction":[{"@type":"ReadAction","target":["https:\/\/ckcpr.fr\/index.php\/2022\/03\/11\/avant-premiere-de-printemps-a-la-sortie-de-lhiver\/"]}]},{"@type":"ImageObject","inLanguage":"fr-FR","@id":"https:\/\/ckcpr.fr\/index.php\/2022\/03\/11\/avant-premiere-de-printemps-a-la-sortie-de-lhiver\/#primaryimage","url":"https:\/\/ckcpr.fr\/wp-content\/uploads\/2022\/03\/20210525_162817-scaled.jpg","contentUrl":"https:\/\/ckcpr.fr\/wp-content\/uploads\/2022\/03\/20210525_162817-scaled.jpg","width":2560,"height":1920},{"@type":"BreadcrumbList","@id":"https:\/\/ckcpr.fr\/index.php\/2022\/03\/11\/avant-premiere-de-printemps-a-la-sortie-de-lhiver\/#breadcrumb","itemListElement":[{"@type":"ListItem","position":1,"name":"Accueil","item":"https:\/\/ckcpr.fr\/"},{"@type":"ListItem","position":2,"name":"AVANT-PREMI\u00c8RE DE PRINTEMPS, \u00e0 la sortie de l\u2019hiver"}]},{"@type":"WebSite","@id":"https:\/\/ckcpr.fr\/#website","url":"https:\/\/ckcpr.fr\/","name":"Cano\u00eb-Kayak Club de Pont-R\u00e9an","description":"","publisher":{"@id":"https:\/\/ckcpr.fr\/#organization"},"potentialAction":[{"@type":"SearchAction","target":{"@type":"EntryPoint","urlTemplate":"https:\/\/ckcpr.fr\/?s={search_term_string}"},"query-input":{"@type":"PropertyValueSpecification","valueRequired":true,"valueName":"search_term_string"}}],"inLanguage":"fr-FR"},{"@type":"Organization","@id":"https:\/\/ckcpr.fr\/#organization","name":"Cano\u00eb-Kayak Club de Pont-R\u00e9an","url":"https:\/\/ckcpr.fr\/","logo":{"@type":"ImageObject","inLanguage":"fr-FR","@id":"https:\/\/ckcpr.fr\/#\/schema\/logo\/image\/","url":"https:\/\/ckcpr.fr\/wp-content\/uploads\/2022\/03\/cropped-cropped-Logo_ckcpr_horizontal.jpg","contentUrl":"https:\/\/ckcpr.fr\/wp-content\/uploads\/2022\/03\/cropped-cropped-Logo_ckcpr_horizontal.jpg","width":468,"height":156,"caption":"Cano\u00eb-Kayak Club de Pont-R\u00e9an"},"image":{"@id":"https:\/\/ckcpr.fr\/#\/schema\/logo\/image\/"}},{"@type":"Person","@id":"https:\/\/ckcpr.fr\/#\/schema\/person\/77702215a818dc209589f38d0ef2a4ee","name":"Fabien SPINDLER","image":{"@type":"ImageObject","inLanguage":"fr-FR","@id":"https:\/\/secure.gravatar.com\/avatar\/39bef6716eae516dda73823f2c63c704b712b863069634c8687b14a1230ea606?s=96&d=mm&r=g","url":"https:\/\/secure.gravatar.com\/avatar\/39bef6716eae516dda73823f2c63c704b712b863069634c8687b14a1230ea606?s=96&d=mm&r=g","contentUrl":"https:\/\/secure.gravatar.com\/avatar\/39bef6716eae516dda73823f2c63c704b712b863069634c8687b14a1230ea606?s=96&d=mm&r=g","caption":"Fabien SPINDLER"},"url":"https:\/\/ckcpr.fr\/index.php\/author\/fabien-spindler35gmail-com\/"}]}},"_links":{"self":[{"href":"https:\/\/ckcpr.fr\/index.php\/wp-json\/wp\/v2\/posts\/8766","targetHints":{"allow":["GET"]}}],"collection":[{"href":"https:\/\/ckcpr.fr\/index.php\/wp-json\/wp\/v2\/posts"}],"about":[{"href":"https:\/\/ckcpr.fr\/index.php\/wp-json\/wp\/v2\/types\/post"}],"author":[{"embeddable":true,"href":"https:\/\/ckcpr.fr\/index.php\/wp-json\/wp\/v2\/users\/11"}],"replies":[{"embeddable":true,"href":"https:\/\/ckcpr.fr\/index.php\/wp-json\/wp\/v2\/comments?post=8766"}],"version-history":[{"count":0,"href":"https:\/\/ckcpr.fr\/index.php\/wp-json\/wp\/v2\/posts\/8766\/revisions"}],"wp:featuredmedia":[{"embeddable":true,"href":"https:\/\/ckcpr.fr\/index.php\/wp-json\/wp\/v2\/media\/8767"}],"wp:attachment":[{"href":"https:\/\/ckcpr.fr\/index.php\/wp-json\/wp\/v2\/media?parent=8766"}],"wp:term":[{"taxonomy":"category","embeddable":true,"href":"https:\/\/ckcpr.fr\/index.php\/wp-json\/wp\/v2\/categories?post=8766"},{"taxonomy":"post_tag","embeddable":true,"href":"https:\/\/ckcpr.fr\/index.php\/wp-json\/wp\/v2\/tags?post=8766"}],"curies":[{"name":"wp","href":"https:\/\/api.w.org\/{rel}","templated":true}]}}