{"id":923,"date":"2016-04-04T17:15:06","date_gmt":"2016-04-04T17:15:06","guid":{"rendered":"https:\/\/ckcpr.fr\/index.php\/2016\/04\/04\/le-ckcpr-propulse-en-national-2-de-cel\/"},"modified":"2016-04-04T17:15:06","modified_gmt":"2016-04-04T17:15:06","slug":"le-ckcpr-propulse-en-national-2-de-cel","status":"publish","type":"post","link":"https:\/\/ckcpr.fr\/index.php\/2016\/04\/04\/le-ckcpr-propulse-en-national-2-de-cel\/","title":{"rendered":"Le CKCPR propuls\u00e9 en National 2 de CEL"},"content":{"rendered":"<h1 style=\\\"text-align: justify;\\\"><span style=\\\"color: #000000;\\\">Championnat de France 2016 CEL de Fond \u00e0 Poses<\/span><\/h1>\n<p style=\\\"text-align: justify;\\\"><span style=\\\"color: #000000;\\\">Nos jeunes descendeurs ont couru le championnat de France CEL de fond \u00e0 Poses le 26 au 28 mars. <\/span><\/p>\n<p style=\\\"text-align: justify;\\\"><span style=\\\"color: #000000;\\\">A la surprise g\u00e9n\u00e9ral, le K2 Dame Junior <span style=\\\"color: #000080;\\\">LE JONCOURT MYRIAM\/LETELLIER LAURIANE<\/span> monte sur la 2\u00e8me place du podium et sont <strong><em><span style=\\\"color: #000080;\\\">vice-championnes de France de fond 5000m<\/span><\/em><\/strong>, derri\u00e8re le club de Strasbourg-Eaux-Vives. Les ligneux n\\&rsquo;en reviennent pas du niveau de pr\u00e9paration des descendeuses. Le K2 Homme Junior <span style=\\\"color: #000080;\\\">GUIZIOU MAXENCE\/CAIVEAU GREGOIRE<\/span> se place 15\u00e8me dans cette cat\u00e9gorie relev\u00e9e.<\/span><\/p>\n<p style=\\\"text-align: justify;\\\"><span style=\\\"color: #000000;\\\"><u>R\u00e9sultats<\/u>\u00a0:<\/span><\/p>\n<table style=\\\"height: 135px;\\\" width=\\\"802\\\">\n<tbody>\n<tr>\n<td width=\\\"149\\\"><span style=\\\"color: #000080;\\\">MYRIAM LE JONCOURT<\/span><\/td>\n<td width=\\\"76\\\">9\u00e8me<\/td>\n<td width=\\\"378\\\">K1DJ 5000m<\/td>\n<\/tr>\n<tr>\n<td width=\\\"149\\\"><span style=\\\"color: #000080;\\\">LAURIANE LETELLIER<\/span><\/td>\n<td width=\\\"76\\\"><span style=\\\"color: #000000;\\\">12\u00e8me<\/span><\/td>\n<td width=\\\"378\\\">K1DJ 5000m<\/td>\n<\/tr>\n<tr>\n<td width=\\\"149\\\"><span style=\\\"color: #000080;\\\">ELENA SPINDLER<\/span><\/td>\n<td width=\\\"76\\\"><span style=\\\"color: #000000;\\\">19\u00e8me<\/span><\/td>\n<td width=\\\"378\\\">K1DC 5000m<\/td>\n<\/tr>\n<tr>\n<td width=\\\"149\\\"><span style=\\\"color: #000080;\\\">GREGOIRE CAIVEAU<\/span><\/td>\n<td width=\\\"76\\\"><span style=\\\"color: #000000;\\\">55\u00e8me<\/span><\/td>\n<td width=\\\"378\\\">K1HJ 5000m<\/td>\n<\/tr>\n<\/tbody>\n<\/table>\n<p>Ces belles prestations propulsent provisoirement le <em><strong><span style=\\\"color: #000080;\\\">CKC PONT REAN\u00a0en National 2 de CEL<\/span><\/strong><\/em>, rel\u00e9guant le CLUB morbihannais C.K. MALESTROIT en National 3.<br \/>\nNous devenons le 3\u00e8me club de Bretagne en CEL, apr\u00e8s les clubs de Saint-Gr\u00e9goire et Quimper et le 33\u00e8me club fran\u00e7ais.<\/p>\n<p>BRAVO \u00e0 nos athl\u00e8tes.<\/p>\n<p>Merci \u00e0 Mathieu d\\&rsquo;avoir pr\u00eater un K2 aux filles, au club de Broc\u00e9liande\u00a0pour le K2 des\u00a0gar\u00e7ons et \u00e0 Morgan pour le K1 de Lauriane.<br \/>\nEt merci \u00e0 R\u00e9gis de les avoir accompagn\u00e9.<\/p>\n","protected":false},"excerpt":{"rendered":"<p>Championnat de France 2016 CEL de Fond \u00e0 Poses Nos jeunes descendeurs ont couru le championnat de France CEL de fond \u00e0 Poses le 26 au 28 mars. A la surprise g\u00e9n\u00e9ral, le K2 Dame Junior LE JONCOURT MYRIAM\/LETELLIER LAURIANE monte sur la 2\u00e8me place du podium et sont vice-championnes de France de fond 5000m, [&hellip;]<\/p>\n","protected":false},"author":11,"featured_media":942,"comment_status":"closed","ping_status":"open","sticky":false,"template":"","format":"standard","meta":{"site-sidebar-layout":"default","site-content-layout":"","ast-site-content-layout":"default","site-content-style":"default","site-sidebar-style":"default","ast-global-header-display":"","ast-banner-title-visibility":"","ast-main-header-display":"","ast-hfb-above-header-display":"","ast-hfb-below-header-display":"","ast-hfb-mobile-header-display":"","site-post-title":"","ast-breadcrumbs-content":"","ast-featured-img":"","footer-sml-layout":"","ast-disable-related-posts":"","theme-transparent-header-meta":"","adv-header-id-meta":"","stick-header-meta":"","header-above-stick-meta":"","header-main-stick-meta":"","header-below-stick-meta":"","astra-migrate-meta-layouts":"default","ast-page-background-enabled":"default","ast-page-background-meta":{"desktop":{"background-color":"","background-image":"","background-repeat":"repeat","background-position":"center center","background-size":"auto","background-attachment":"scroll","background-type":"","background-media":"","overlay-type":"","overlay-color":"","overlay-opacity":"","overlay-gradient":""},"tablet":{"background-color":"","background-image":"","background-repeat":"repeat","background-position":"center center","background-size":"auto","background-attachment":"scroll","background-type":"","background-media":"","overlay-type":"","overlay-color":"","overlay-opacity":"","overlay-gradient":""},"mobile":{"background-color":"","background-image":"","background-repeat":"repeat","background-position":"center center","background-size":"auto","background-attachment":"scroll","background-type":"","background-media":"","overlay-type":"","overlay-color":"","overlay-opacity":"","overlay-gradient":""}},"ast-content-background-meta":{"desktop":{"background-color":"var(--ast-global-color-5)","background-image":"","background-repeat":"repeat","background-position":"center center","background-size":"auto","background-attachment":"scroll","background-type":"","background-media":"","overlay-type":"","overlay-color":"","overlay-opacity":"","overlay-gradient":""},"tablet":{"background-color":"var(--ast-global-color-5)","background-image":"","background-repeat":"repeat","background-position":"center center","background-size":"auto","background-attachment":"scroll","background-type":"","background-media":"","overlay-type":"","overlay-color":"","overlay-opacity":"","overlay-gradient":""},"mobile":{"background-color":"var(--ast-global-color-5)","background-image":"","background-repeat":"repeat","background-position":"center center","background-size":"auto","background-attachment":"scroll","background-type":"","background-media":"","overlay-type":"","overlay-color":"","overlay-opacity":"","overlay-gradient":""}},"footnotes":""},"categories":[102],"tags":[],"class_list":["post-923","post","type-post","status-publish","format-standard","has-post-thumbnail","hentry","category-competitions"],"yoast_head":"<!-- This site is optimized with the Yoast SEO plugin v27.5 - https:\/\/yoast.com\/product\/yoast-seo-wordpress\/ -->\n<title>Le CKCPR propuls\u00e9 en National 2 de CEL - Cano\u00eb-Kayak Club de Pont-R\u00e9an<\/title>\n<meta name=\"robots\" content=\"index, follow, max-snippet:-1, max-image-preview:large, max-video-preview:-1\" \/>\n<link rel=\"canonical\" href=\"https:\/\/ckcpr.fr\/index.php\/2016\/04\/04\/le-ckcpr-propulse-en-national-2-de-cel\/\" \/>\n<meta property=\"og:locale\" content=\"fr_FR\" \/>\n<meta property=\"og:type\" content=\"article\" \/>\n<meta property=\"og:title\" content=\"Le CKCPR propuls\u00e9 en National 2 de CEL - Cano\u00eb-Kayak Club de Pont-R\u00e9an\" \/>\n<meta property=\"og:description\" content=\"Championnat de France 2016 CEL de Fond \u00e0 Poses Nos jeunes descendeurs ont couru le championnat de France CEL de fond \u00e0 Poses le 26 au 28 mars. A la surprise g\u00e9n\u00e9ral, le K2 Dame Junior LE JONCOURT MYRIAM\/LETELLIER LAURIANE monte sur la 2\u00e8me place du podium et sont vice-championnes de France de fond 5000m, [&hellip;]\" \/>\n<meta property=\"og:url\" content=\"https:\/\/ckcpr.fr\/index.php\/2016\/04\/04\/le-ckcpr-propulse-en-national-2-de-cel\/\" \/>\n<meta property=\"og:site_name\" content=\"Cano\u00eb-Kayak Club de Pont-R\u00e9an\" \/>\n<meta property=\"article:published_time\" content=\"2016-04-04T17:15:06+00:00\" \/>\n<meta name=\"author\" content=\"Fabien SPINDLER\" \/>\n<meta name=\"twitter:label1\" content=\"\u00c9crit par\" \/>\n\t<meta name=\"twitter:data1\" content=\"Fabien SPINDLER\" \/>\n\t<meta name=\"twitter:label2\" content=\"Dur\u00e9e de lecture estim\u00e9e\" \/>\n\t<meta name=\"twitter:data2\" content=\"1 minute\" \/>\n<script type=\"application\/ld+json\" class=\"yoast-schema-graph\">{\"@context\":\"https:\\\/\\\/schema.org\",\"@graph\":[{\"@type\":\"Article\",\"@id\":\"https:\\\/\\\/ckcpr.fr\\\/index.php\\\/2016\\\/04\\\/04\\\/le-ckcpr-propulse-en-national-2-de-cel\\\/#article\",\"isPartOf\":{\"@id\":\"https:\\\/\\\/ckcpr.fr\\\/index.php\\\/2016\\\/04\\\/04\\\/le-ckcpr-propulse-en-national-2-de-cel\\\/\"},\"author\":{\"name\":\"Fabien SPINDLER\",\"@id\":\"https:\\\/\\\/ckcpr.fr\\\/#\\\/schema\\\/person\\\/77702215a818dc209589f38d0ef2a4ee\"},\"headline\":\"Le CKCPR propuls\u00e9 en National 2 de CEL\",\"datePublished\":\"2016-04-04T17:15:06+00:00\",\"mainEntityOfPage\":{\"@id\":\"https:\\\/\\\/ckcpr.fr\\\/index.php\\\/2016\\\/04\\\/04\\\/le-ckcpr-propulse-en-national-2-de-cel\\\/\"},\"wordCount\":210,\"publisher\":{\"@id\":\"https:\\\/\\\/ckcpr.fr\\\/#organization\"},\"image\":{\"@id\":\"https:\\\/\\\/ckcpr.fr\\\/index.php\\\/2016\\\/04\\\/04\\\/le-ckcpr-propulse-en-national-2-de-cel\\\/#primaryimage\"},\"thumbnailUrl\":\"\",\"articleSection\":[\"Comp\u00e9titions\"],\"inLanguage\":\"fr-FR\"},{\"@type\":\"WebPage\",\"@id\":\"https:\\\/\\\/ckcpr.fr\\\/index.php\\\/2016\\\/04\\\/04\\\/le-ckcpr-propulse-en-national-2-de-cel\\\/\",\"url\":\"https:\\\/\\\/ckcpr.fr\\\/index.php\\\/2016\\\/04\\\/04\\\/le-ckcpr-propulse-en-national-2-de-cel\\\/\",\"name\":\"Le CKCPR propuls\u00e9 en National 2 de CEL - Cano\u00eb-Kayak Club de Pont-R\u00e9an\",\"isPartOf\":{\"@id\":\"https:\\\/\\\/ckcpr.fr\\\/#website\"},\"primaryImageOfPage\":{\"@id\":\"https:\\\/\\\/ckcpr.fr\\\/index.php\\\/2016\\\/04\\\/04\\\/le-ckcpr-propulse-en-national-2-de-cel\\\/#primaryimage\"},\"image\":{\"@id\":\"https:\\\/\\\/ckcpr.fr\\\/index.php\\\/2016\\\/04\\\/04\\\/le-ckcpr-propulse-en-national-2-de-cel\\\/#primaryimage\"},\"thumbnailUrl\":\"\",\"datePublished\":\"2016-04-04T17:15:06+00:00\",\"breadcrumb\":{\"@id\":\"https:\\\/\\\/ckcpr.fr\\\/index.php\\\/2016\\\/04\\\/04\\\/le-ckcpr-propulse-en-national-2-de-cel\\\/#breadcrumb\"},\"inLanguage\":\"fr-FR\",\"potentialAction\":[{\"@type\":\"ReadAction\",\"target\":[\"https:\\\/\\\/ckcpr.fr\\\/index.php\\\/2016\\\/04\\\/04\\\/le-ckcpr-propulse-en-national-2-de-cel\\\/\"]}]},{\"@type\":\"ImageObject\",\"inLanguage\":\"fr-FR\",\"@id\":\"https:\\\/\\\/ckcpr.fr\\\/index.php\\\/2016\\\/04\\\/04\\\/le-ckcpr-propulse-en-national-2-de-cel\\\/#primaryimage\",\"url\":\"\",\"contentUrl\":\"\"},{\"@type\":\"BreadcrumbList\",\"@id\":\"https:\\\/\\\/ckcpr.fr\\\/index.php\\\/2016\\\/04\\\/04\\\/le-ckcpr-propulse-en-national-2-de-cel\\\/#breadcrumb\",\"itemListElement\":[{\"@type\":\"ListItem\",\"position\":1,\"name\":\"Accueil\",\"item\":\"https:\\\/\\\/ckcpr.fr\\\/\"},{\"@type\":\"ListItem\",\"position\":2,\"name\":\"Le CKCPR propuls\u00e9 en National 2 de CEL\"}]},{\"@type\":\"WebSite\",\"@id\":\"https:\\\/\\\/ckcpr.fr\\\/#website\",\"url\":\"https:\\\/\\\/ckcpr.fr\\\/\",\"name\":\"Cano\u00eb-Kayak Club de Pont-R\u00e9an\",\"description\":\"\",\"publisher\":{\"@id\":\"https:\\\/\\\/ckcpr.fr\\\/#organization\"},\"potentialAction\":[{\"@type\":\"SearchAction\",\"target\":{\"@type\":\"EntryPoint\",\"urlTemplate\":\"https:\\\/\\\/ckcpr.fr\\\/?s={search_term_string}\"},\"query-input\":{\"@type\":\"PropertyValueSpecification\",\"valueRequired\":true,\"valueName\":\"search_term_string\"}}],\"inLanguage\":\"fr-FR\"},{\"@type\":\"Organization\",\"@id\":\"https:\\\/\\\/ckcpr.fr\\\/#organization\",\"name\":\"Cano\u00eb-Kayak Club de Pont-R\u00e9an\",\"url\":\"https:\\\/\\\/ckcpr.fr\\\/\",\"logo\":{\"@type\":\"ImageObject\",\"inLanguage\":\"fr-FR\",\"@id\":\"https:\\\/\\\/ckcpr.fr\\\/#\\\/schema\\\/logo\\\/image\\\/\",\"url\":\"https:\\\/\\\/ckcpr.fr\\\/wp-content\\\/uploads\\\/2022\\\/03\\\/cropped-cropped-Logo_ckcpr_horizontal.jpg\",\"contentUrl\":\"https:\\\/\\\/ckcpr.fr\\\/wp-content\\\/uploads\\\/2022\\\/03\\\/cropped-cropped-Logo_ckcpr_horizontal.jpg\",\"width\":468,\"height\":156,\"caption\":\"Cano\u00eb-Kayak Club de Pont-R\u00e9an\"},\"image\":{\"@id\":\"https:\\\/\\\/ckcpr.fr\\\/#\\\/schema\\\/logo\\\/image\\\/\"}},{\"@type\":\"Person\",\"@id\":\"https:\\\/\\\/ckcpr.fr\\\/#\\\/schema\\\/person\\\/77702215a818dc209589f38d0ef2a4ee\",\"name\":\"Fabien SPINDLER\",\"image\":{\"@type\":\"ImageObject\",\"inLanguage\":\"fr-FR\",\"@id\":\"https:\\\/\\\/secure.gravatar.com\\\/avatar\\\/39bef6716eae516dda73823f2c63c704b712b863069634c8687b14a1230ea606?s=96&d=mm&r=g\",\"url\":\"https:\\\/\\\/secure.gravatar.com\\\/avatar\\\/39bef6716eae516dda73823f2c63c704b712b863069634c8687b14a1230ea606?s=96&d=mm&r=g\",\"contentUrl\":\"https:\\\/\\\/secure.gravatar.com\\\/avatar\\\/39bef6716eae516dda73823f2c63c704b712b863069634c8687b14a1230ea606?s=96&d=mm&r=g\",\"caption\":\"Fabien SPINDLER\"},\"url\":\"https:\\\/\\\/ckcpr.fr\\\/index.php\\\/author\\\/fabien-spindler35gmail-com\\\/\"}]}<\/script>\n<!-- \/ Yoast SEO plugin. -->","yoast_head_json":{"title":"Le CKCPR propuls\u00e9 en National 2 de CEL - Cano\u00eb-Kayak Club de Pont-R\u00e9an","robots":{"index":"index","follow":"follow","max-snippet":"max-snippet:-1","max-image-preview":"max-image-preview:large","max-video-preview":"max-video-preview:-1"},"canonical":"https:\/\/ckcpr.fr\/index.php\/2016\/04\/04\/le-ckcpr-propulse-en-national-2-de-cel\/","og_locale":"fr_FR","og_type":"article","og_title":"Le CKCPR propuls\u00e9 en National 2 de CEL - Cano\u00eb-Kayak Club de Pont-R\u00e9an","og_description":"Championnat de France 2016 CEL de Fond \u00e0 Poses Nos jeunes descendeurs ont couru le championnat de France CEL de fond \u00e0 Poses le 26 au 28 mars. A la surprise g\u00e9n\u00e9ral, le K2 Dame Junior LE JONCOURT MYRIAM\/LETELLIER LAURIANE monte sur la 2\u00e8me place du podium et sont vice-championnes de France de fond 5000m, [&hellip;]","og_url":"https:\/\/ckcpr.fr\/index.php\/2016\/04\/04\/le-ckcpr-propulse-en-national-2-de-cel\/","og_site_name":"Cano\u00eb-Kayak Club de Pont-R\u00e9an","article_published_time":"2016-04-04T17:15:06+00:00","author":"Fabien SPINDLER","twitter_misc":{"\u00c9crit par":"Fabien SPINDLER","Dur\u00e9e de lecture estim\u00e9e":"1 minute"},"schema":{"@context":"https:\/\/schema.org","@graph":[{"@type":"Article","@id":"https:\/\/ckcpr.fr\/index.php\/2016\/04\/04\/le-ckcpr-propulse-en-national-2-de-cel\/#article","isPartOf":{"@id":"https:\/\/ckcpr.fr\/index.php\/2016\/04\/04\/le-ckcpr-propulse-en-national-2-de-cel\/"},"author":{"name":"Fabien SPINDLER","@id":"https:\/\/ckcpr.fr\/#\/schema\/person\/77702215a818dc209589f38d0ef2a4ee"},"headline":"Le CKCPR propuls\u00e9 en National 2 de CEL","datePublished":"2016-04-04T17:15:06+00:00","mainEntityOfPage":{"@id":"https:\/\/ckcpr.fr\/index.php\/2016\/04\/04\/le-ckcpr-propulse-en-national-2-de-cel\/"},"wordCount":210,"publisher":{"@id":"https:\/\/ckcpr.fr\/#organization"},"image":{"@id":"https:\/\/ckcpr.fr\/index.php\/2016\/04\/04\/le-ckcpr-propulse-en-national-2-de-cel\/#primaryimage"},"thumbnailUrl":"","articleSection":["Comp\u00e9titions"],"inLanguage":"fr-FR"},{"@type":"WebPage","@id":"https:\/\/ckcpr.fr\/index.php\/2016\/04\/04\/le-ckcpr-propulse-en-national-2-de-cel\/","url":"https:\/\/ckcpr.fr\/index.php\/2016\/04\/04\/le-ckcpr-propulse-en-national-2-de-cel\/","name":"Le CKCPR propuls\u00e9 en National 2 de CEL - Cano\u00eb-Kayak Club de Pont-R\u00e9an","isPartOf":{"@id":"https:\/\/ckcpr.fr\/#website"},"primaryImageOfPage":{"@id":"https:\/\/ckcpr.fr\/index.php\/2016\/04\/04\/le-ckcpr-propulse-en-national-2-de-cel\/#primaryimage"},"image":{"@id":"https:\/\/ckcpr.fr\/index.php\/2016\/04\/04\/le-ckcpr-propulse-en-national-2-de-cel\/#primaryimage"},"thumbnailUrl":"","datePublished":"2016-04-04T17:15:06+00:00","breadcrumb":{"@id":"https:\/\/ckcpr.fr\/index.php\/2016\/04\/04\/le-ckcpr-propulse-en-national-2-de-cel\/#breadcrumb"},"inLanguage":"fr-FR","potentialAction":[{"@type":"ReadAction","target":["https:\/\/ckcpr.fr\/index.php\/2016\/04\/04\/le-ckcpr-propulse-en-national-2-de-cel\/"]}]},{"@type":"ImageObject","inLanguage":"fr-FR","@id":"https:\/\/ckcpr.fr\/index.php\/2016\/04\/04\/le-ckcpr-propulse-en-national-2-de-cel\/#primaryimage","url":"","contentUrl":""},{"@type":"BreadcrumbList","@id":"https:\/\/ckcpr.fr\/index.php\/2016\/04\/04\/le-ckcpr-propulse-en-national-2-de-cel\/#breadcrumb","itemListElement":[{"@type":"ListItem","position":1,"name":"Accueil","item":"https:\/\/ckcpr.fr\/"},{"@type":"ListItem","position":2,"name":"Le CKCPR propuls\u00e9 en National 2 de CEL"}]},{"@type":"WebSite","@id":"https:\/\/ckcpr.fr\/#website","url":"https:\/\/ckcpr.fr\/","name":"Cano\u00eb-Kayak Club de Pont-R\u00e9an","description":"","publisher":{"@id":"https:\/\/ckcpr.fr\/#organization"},"potentialAction":[{"@type":"SearchAction","target":{"@type":"EntryPoint","urlTemplate":"https:\/\/ckcpr.fr\/?s={search_term_string}"},"query-input":{"@type":"PropertyValueSpecification","valueRequired":true,"valueName":"search_term_string"}}],"inLanguage":"fr-FR"},{"@type":"Organization","@id":"https:\/\/ckcpr.fr\/#organization","name":"Cano\u00eb-Kayak Club de Pont-R\u00e9an","url":"https:\/\/ckcpr.fr\/","logo":{"@type":"ImageObject","inLanguage":"fr-FR","@id":"https:\/\/ckcpr.fr\/#\/schema\/logo\/image\/","url":"https:\/\/ckcpr.fr\/wp-content\/uploads\/2022\/03\/cropped-cropped-Logo_ckcpr_horizontal.jpg","contentUrl":"https:\/\/ckcpr.fr\/wp-content\/uploads\/2022\/03\/cropped-cropped-Logo_ckcpr_horizontal.jpg","width":468,"height":156,"caption":"Cano\u00eb-Kayak Club de Pont-R\u00e9an"},"image":{"@id":"https:\/\/ckcpr.fr\/#\/schema\/logo\/image\/"}},{"@type":"Person","@id":"https:\/\/ckcpr.fr\/#\/schema\/person\/77702215a818dc209589f38d0ef2a4ee","name":"Fabien SPINDLER","image":{"@type":"ImageObject","inLanguage":"fr-FR","@id":"https:\/\/secure.gravatar.com\/avatar\/39bef6716eae516dda73823f2c63c704b712b863069634c8687b14a1230ea606?s=96&d=mm&r=g","url":"https:\/\/secure.gravatar.com\/avatar\/39bef6716eae516dda73823f2c63c704b712b863069634c8687b14a1230ea606?s=96&d=mm&r=g","contentUrl":"https:\/\/secure.gravatar.com\/avatar\/39bef6716eae516dda73823f2c63c704b712b863069634c8687b14a1230ea606?s=96&d=mm&r=g","caption":"Fabien SPINDLER"},"url":"https:\/\/ckcpr.fr\/index.php\/author\/fabien-spindler35gmail-com\/"}]}},"_links":{"self":[{"href":"https:\/\/ckcpr.fr\/index.php\/wp-json\/wp\/v2\/posts\/923","targetHints":{"allow":["GET"]}}],"collection":[{"href":"https:\/\/ckcpr.fr\/index.php\/wp-json\/wp\/v2\/posts"}],"about":[{"href":"https:\/\/ckcpr.fr\/index.php\/wp-json\/wp\/v2\/types\/post"}],"author":[{"embeddable":true,"href":"https:\/\/ckcpr.fr\/index.php\/wp-json\/wp\/v2\/users\/11"}],"replies":[{"embeddable":true,"href":"https:\/\/ckcpr.fr\/index.php\/wp-json\/wp\/v2\/comments?post=923"}],"version-history":[{"count":0,"href":"https:\/\/ckcpr.fr\/index.php\/wp-json\/wp\/v2\/posts\/923\/revisions"}],"wp:featuredmedia":[{"embeddable":true,"href":"https:\/\/ckcpr.fr\/index.php\/wp-json\/"}],"wp:attachment":[{"href":"https:\/\/ckcpr.fr\/index.php\/wp-json\/wp\/v2\/media?parent=923"}],"wp:term":[{"taxonomy":"category","embeddable":true,"href":"https:\/\/ckcpr.fr\/index.php\/wp-json\/wp\/v2\/categories?post=923"},{"taxonomy":"post_tag","embeddable":true,"href":"https:\/\/ckcpr.fr\/index.php\/wp-json\/wp\/v2\/tags?post=923"}],"curies":[{"name":"wp","href":"https:\/\/api.w.org\/{rel}","templated":true}]}}