{"id":963,"date":"2016-04-25T19:29:53","date_gmt":"2016-04-25T19:29:53","guid":{"rendered":"https:\/\/ckcpr.fr\/index.php\/2016\/04\/25\/relai-pour-la-vie-a-pont-rean-le-30-avril-et-01-mai\/"},"modified":"2016-04-25T19:29:53","modified_gmt":"2016-04-25T19:29:53","slug":"relai-pour-la-vie-a-pont-rean-le-30-avril-et-01-mai","status":"publish","type":"post","link":"https:\/\/ckcpr.fr\/index.php\/2016\/04\/25\/relai-pour-la-vie-a-pont-rean-le-30-avril-et-01-mai\/","title":{"rendered":"RELAI POUR LA VIE \u00e0 PONT REAN le 30 avril et 01 mai"},"content":{"rendered":"<p>Le CKCPR participe au <strong>RELAI POUR LA VIE<\/strong>, organis\u00e9 par le\u00a0Comit\u00e9 35 de la Ligue contre le cancer et\u00a0parrain\u00e9 par Dan ar Braz.<\/p>\n<p class=\\\"Default\\\">Le Relais (course et\/ou marche) se d\u00e9roule \u00e0 la cale de Pont-R\u00e9an les <span style=\\\"color: #0000ff;\\\">30 avril et 1er mai (du samedi 17h au dimanche 17h non-stop)<\/span> et a pour objectif de collecter des fonds pour r\u00e9nover le service de canc\u00e9ro-p\u00e9diatrie de l\\&rsquo;h\u00f4pital Rennes Sud.\u00a0Ce relai est un rassemblement festif, sportif et convivial en faveur de la lutte contre le cancer.<\/p>\n<p class=\\\"Default\\\"><strong><span style=\\\"text-decoration: underline;\\\"><em>Programme\u00a0des\u00a0Rand\\&rsquo;Eaux Nautiques Comment\u00e9es<\/em><\/span><em>\u00a0<\/em><em>en cano\u00eb 9 places, avec Anne, au profit de\u00a0la\u00a0Ligue contre le cancer<\/em><\/strong><\/p>\n<ul>\n<li class=\\\"Default\\\"><strong>samedi 30\/04 \u00e0 14h et 15h30<\/strong><\/li>\n<li class=\\\"Default\\\"><strong>dimanche 01\/05 \u00e0\u00a014h et 15h30<\/strong><\/li>\n<\/ul>\n<p>Les Rand\\&rsquo;Eaux Nautiques sont des randonn\u00e9es en cano\u00eb de 9 places (nous en avons deux) d\\&rsquo;une dur\u00e9e de 1h, comment\u00e9es par Anne, sur le th\u00e8me du patrimoine (pont, \u00e9cluse, moulin, &#8230;), faune et flore de la VILAINE \u00e0 PONT REAN.<\/p>\n<p><span style=\\\"line-height: 1.5;\\\">Rand\\&rsquo;Eaux Nautique\u00a0Comment\u00e9e\u00a0avec au programme le patrimoine de Pont R\u00e9an vu de la\u00a0Vilaine, et ses richesses naturelles. Cette balade permet\u00a0de d\u00e9couvrir le\u00a0pont, le\u00a0bief et son\u00a0moulin, avec en prime un \u00e9clusage. Anne nous enchante par ces commentaires et anecdotes.<\/span><\/p>\n<p><span style=\\\"color: #0000ff;\\\">Venez\u00a0d\u00e9couvrir la Vilaine sous un angle nouveau, tout en pagayant sous le soleil de Pont R\u00e9an.<\/span><\/p>\n<p><span style=\\\"color: #0000ff;\\\">Rendez vous sur la cale 15 min avant la l\\&rsquo;heure de la randonn\u00e9e<\/span><\/p>\n<p><span style=\\\"text-decoration: underline;\\\">Tarifs :<\/span><\/p>\n<ul>\n<li>Tarifs des locations sur notre site \u00e0 la page location :\u00a0<a href=\\\"https:\/\/ckcpr.fr\/ouverture-des-locations\/\\\">Tarifs locations<\/a><\/li>\n<li>Rand\\&rsquo;Eau Nautique Comment\u00e9e :\u00a04\u20ac\/personne et gratuit pour les moins de 6 ans.<\/li>\n<\/ul>\n<p>Les\u00a0recettes du week-end des locations et des\u00a0Rand\\&rsquo;Eaux Nautiques comment\u00e9es seront revers\u00e9es \u00e0 la\u00a0Ligue contre le cancer.<\/p>\n<p>Savoir nager est n\u00e9cessaire et le port de chaussure est obligatoire. Les enfants sont sous la responsabilit\u00e9 de leurs parents.<\/p>\n<p><img class=\\\"alignnone size-full wp-image-968\\\" src=\\\"https:\/\/ckcpr.fr\/wordpress\/wp-content\/uploads\/2016\/04\/logo_relais.jpg\\\" alt=\\\"logo_relais\\\" width=\\\"122\\\" height=\\\"131\\\" \/><\/p>\n<p>Information sur\u00a0<a class=\\\"moz-txt-link-abbreviated\\\" href=\\\"http:\/\/www.relaispourlavie.net\/\\\">www.relaispourlavie.net<\/a><\/p>\n<p>Le programme du village :\u00a0<a href=\\\"https:\/\/ckcpr.fr\/wordpress\/wp-content\/uploads\/2016\/04\/Prog-Relais-2016.pdf\\\">Prog-Relais-2016<\/a><\/p>\n","protected":false},"excerpt":{"rendered":"<p>Le CKCPR participe au RELAI POUR LA VIE, organis\u00e9 par le\u00a0Comit\u00e9 35 de la Ligue contre le cancer et\u00a0parrain\u00e9 par Dan ar Braz. Le Relais (course et\/ou marche) se d\u00e9roule \u00e0 la cale de Pont-R\u00e9an les 30 avril et 1er mai (du samedi 17h au dimanche 17h non-stop) et a pour objectif de collecter des [&hellip;]<\/p>\n","protected":false},"author":11,"featured_media":970,"comment_status":"closed","ping_status":"open","sticky":false,"template":"","format":"standard","meta":{"site-sidebar-layout":"default","site-content-layout":"","ast-site-content-layout":"default","site-content-style":"default","site-sidebar-style":"default","ast-global-header-display":"","ast-banner-title-visibility":"","ast-main-header-display":"","ast-hfb-above-header-display":"","ast-hfb-below-header-display":"","ast-hfb-mobile-header-display":"","site-post-title":"","ast-breadcrumbs-content":"","ast-featured-img":"","footer-sml-layout":"","ast-disable-related-posts":"","theme-transparent-header-meta":"","adv-header-id-meta":"","stick-header-meta":"","header-above-stick-meta":"","header-main-stick-meta":"","header-below-stick-meta":"","astra-migrate-meta-layouts":"default","ast-page-background-enabled":"default","ast-page-background-meta":{"desktop":{"background-color":"","background-image":"","background-repeat":"repeat","background-position":"center center","background-size":"auto","background-attachment":"scroll","background-type":"","background-media":"","overlay-type":"","overlay-color":"","overlay-opacity":"","overlay-gradient":""},"tablet":{"background-color":"","background-image":"","background-repeat":"repeat","background-position":"center center","background-size":"auto","background-attachment":"scroll","background-type":"","background-media":"","overlay-type":"","overlay-color":"","overlay-opacity":"","overlay-gradient":""},"mobile":{"background-color":"","background-image":"","background-repeat":"repeat","background-position":"center center","background-size":"auto","background-attachment":"scroll","background-type":"","background-media":"","overlay-type":"","overlay-color":"","overlay-opacity":"","overlay-gradient":""}},"ast-content-background-meta":{"desktop":{"background-color":"var(--ast-global-color-5)","background-image":"","background-repeat":"repeat","background-position":"center center","background-size":"auto","background-attachment":"scroll","background-type":"","background-media":"","overlay-type":"","overlay-color":"","overlay-opacity":"","overlay-gradient":""},"tablet":{"background-color":"var(--ast-global-color-5)","background-image":"","background-repeat":"repeat","background-position":"center center","background-size":"auto","background-attachment":"scroll","background-type":"","background-media":"","overlay-type":"","overlay-color":"","overlay-opacity":"","overlay-gradient":""},"mobile":{"background-color":"var(--ast-global-color-5)","background-image":"","background-repeat":"repeat","background-position":"center center","background-size":"auto","background-attachment":"scroll","background-type":"","background-media":"","overlay-type":"","overlay-color":"","overlay-opacity":"","overlay-gradient":""}},"footnotes":""},"categories":[109],"tags":[],"class_list":["post-963","post","type-post","status-publish","format-standard","has-post-thumbnail","hentry","category-autres"],"yoast_head":"<!-- This site is optimized with the Yoast SEO plugin v27.5 - https:\/\/yoast.com\/product\/yoast-seo-wordpress\/ -->\n<title>RELAI POUR LA VIE \u00e0 PONT REAN le 30 avril et 01 mai - Cano\u00eb-Kayak Club de Pont-R\u00e9an<\/title>\n<meta name=\"robots\" content=\"index, follow, max-snippet:-1, max-image-preview:large, max-video-preview:-1\" \/>\n<link rel=\"canonical\" href=\"https:\/\/ckcpr.fr\/index.php\/2016\/04\/25\/relai-pour-la-vie-a-pont-rean-le-30-avril-et-01-mai\/\" \/>\n<meta property=\"og:locale\" content=\"fr_FR\" \/>\n<meta property=\"og:type\" content=\"article\" \/>\n<meta property=\"og:title\" content=\"RELAI POUR LA VIE \u00e0 PONT REAN le 30 avril et 01 mai - Cano\u00eb-Kayak Club de Pont-R\u00e9an\" \/>\n<meta property=\"og:description\" content=\"Le CKCPR participe au RELAI POUR LA VIE, organis\u00e9 par le\u00a0Comit\u00e9 35 de la Ligue contre le cancer et\u00a0parrain\u00e9 par Dan ar Braz. Le Relais (course et\/ou marche) se d\u00e9roule \u00e0 la cale de Pont-R\u00e9an les 30 avril et 1er mai (du samedi 17h au dimanche 17h non-stop) et a pour objectif de collecter des [&hellip;]\" \/>\n<meta property=\"og:url\" content=\"https:\/\/ckcpr.fr\/index.php\/2016\/04\/25\/relai-pour-la-vie-a-pont-rean-le-30-avril-et-01-mai\/\" \/>\n<meta property=\"og:site_name\" content=\"Cano\u00eb-Kayak Club de Pont-R\u00e9an\" \/>\n<meta property=\"article:published_time\" content=\"2016-04-25T19:29:53+00:00\" \/>\n<meta name=\"author\" content=\"Fabien SPINDLER\" \/>\n<meta name=\"twitter:label1\" content=\"\u00c9crit par\" \/>\n\t<meta name=\"twitter:data1\" content=\"Fabien SPINDLER\" \/>\n\t<meta name=\"twitter:label2\" content=\"Dur\u00e9e de lecture estim\u00e9e\" \/>\n\t<meta name=\"twitter:data2\" content=\"2 minutes\" \/>\n<script type=\"application\/ld+json\" class=\"yoast-schema-graph\">{\"@context\":\"https:\\\/\\\/schema.org\",\"@graph\":[{\"@type\":\"Article\",\"@id\":\"https:\\\/\\\/ckcpr.fr\\\/index.php\\\/2016\\\/04\\\/25\\\/relai-pour-la-vie-a-pont-rean-le-30-avril-et-01-mai\\\/#article\",\"isPartOf\":{\"@id\":\"https:\\\/\\\/ckcpr.fr\\\/index.php\\\/2016\\\/04\\\/25\\\/relai-pour-la-vie-a-pont-rean-le-30-avril-et-01-mai\\\/\"},\"author\":{\"name\":\"Fabien SPINDLER\",\"@id\":\"https:\\\/\\\/ckcpr.fr\\\/#\\\/schema\\\/person\\\/77702215a818dc209589f38d0ef2a4ee\"},\"headline\":\"RELAI POUR LA VIE \u00e0 PONT REAN le 30 avril et 01 mai\",\"datePublished\":\"2016-04-25T19:29:53+00:00\",\"mainEntityOfPage\":{\"@id\":\"https:\\\/\\\/ckcpr.fr\\\/index.php\\\/2016\\\/04\\\/25\\\/relai-pour-la-vie-a-pont-rean-le-30-avril-et-01-mai\\\/\"},\"wordCount\":329,\"publisher\":{\"@id\":\"https:\\\/\\\/ckcpr.fr\\\/#organization\"},\"image\":{\"@id\":\"https:\\\/\\\/ckcpr.fr\\\/index.php\\\/2016\\\/04\\\/25\\\/relai-pour-la-vie-a-pont-rean-le-30-avril-et-01-mai\\\/#primaryimage\"},\"thumbnailUrl\":\"https:\\\/\\\/ckcpr.fr\\\/wp-content\\\/uploads\\\/2020\\\/12\\\/Reglement-Equipe-de-bretagne-2021-CEL-1-pdf.jpg\",\"articleSection\":[\"Autres\"],\"inLanguage\":\"fr-FR\"},{\"@type\":\"WebPage\",\"@id\":\"https:\\\/\\\/ckcpr.fr\\\/index.php\\\/2016\\\/04\\\/25\\\/relai-pour-la-vie-a-pont-rean-le-30-avril-et-01-mai\\\/\",\"url\":\"https:\\\/\\\/ckcpr.fr\\\/index.php\\\/2016\\\/04\\\/25\\\/relai-pour-la-vie-a-pont-rean-le-30-avril-et-01-mai\\\/\",\"name\":\"RELAI POUR LA VIE \u00e0 PONT REAN le 30 avril et 01 mai - Cano\u00eb-Kayak Club de Pont-R\u00e9an\",\"isPartOf\":{\"@id\":\"https:\\\/\\\/ckcpr.fr\\\/#website\"},\"primaryImageOfPage\":{\"@id\":\"https:\\\/\\\/ckcpr.fr\\\/index.php\\\/2016\\\/04\\\/25\\\/relai-pour-la-vie-a-pont-rean-le-30-avril-et-01-mai\\\/#primaryimage\"},\"image\":{\"@id\":\"https:\\\/\\\/ckcpr.fr\\\/index.php\\\/2016\\\/04\\\/25\\\/relai-pour-la-vie-a-pont-rean-le-30-avril-et-01-mai\\\/#primaryimage\"},\"thumbnailUrl\":\"https:\\\/\\\/ckcpr.fr\\\/wp-content\\\/uploads\\\/2020\\\/12\\\/Reglement-Equipe-de-bretagne-2021-CEL-1-pdf.jpg\",\"datePublished\":\"2016-04-25T19:29:53+00:00\",\"breadcrumb\":{\"@id\":\"https:\\\/\\\/ckcpr.fr\\\/index.php\\\/2016\\\/04\\\/25\\\/relai-pour-la-vie-a-pont-rean-le-30-avril-et-01-mai\\\/#breadcrumb\"},\"inLanguage\":\"fr-FR\",\"potentialAction\":[{\"@type\":\"ReadAction\",\"target\":[\"https:\\\/\\\/ckcpr.fr\\\/index.php\\\/2016\\\/04\\\/25\\\/relai-pour-la-vie-a-pont-rean-le-30-avril-et-01-mai\\\/\"]}]},{\"@type\":\"ImageObject\",\"inLanguage\":\"fr-FR\",\"@id\":\"https:\\\/\\\/ckcpr.fr\\\/index.php\\\/2016\\\/04\\\/25\\\/relai-pour-la-vie-a-pont-rean-le-30-avril-et-01-mai\\\/#primaryimage\",\"url\":\"https:\\\/\\\/ckcpr.fr\\\/wp-content\\\/uploads\\\/2020\\\/12\\\/Reglement-Equipe-de-bretagne-2021-CEL-1-pdf.jpg\",\"contentUrl\":\"https:\\\/\\\/ckcpr.fr\\\/wp-content\\\/uploads\\\/2020\\\/12\\\/Reglement-Equipe-de-bretagne-2021-CEL-1-pdf.jpg\"},{\"@type\":\"BreadcrumbList\",\"@id\":\"https:\\\/\\\/ckcpr.fr\\\/index.php\\\/2016\\\/04\\\/25\\\/relai-pour-la-vie-a-pont-rean-le-30-avril-et-01-mai\\\/#breadcrumb\",\"itemListElement\":[{\"@type\":\"ListItem\",\"position\":1,\"name\":\"Accueil\",\"item\":\"https:\\\/\\\/ckcpr.fr\\\/\"},{\"@type\":\"ListItem\",\"position\":2,\"name\":\"RELAI POUR LA VIE \u00e0 PONT REAN le 30 avril et 01 mai\"}]},{\"@type\":\"WebSite\",\"@id\":\"https:\\\/\\\/ckcpr.fr\\\/#website\",\"url\":\"https:\\\/\\\/ckcpr.fr\\\/\",\"name\":\"Cano\u00eb-Kayak Club de Pont-R\u00e9an\",\"description\":\"\",\"publisher\":{\"@id\":\"https:\\\/\\\/ckcpr.fr\\\/#organization\"},\"potentialAction\":[{\"@type\":\"SearchAction\",\"target\":{\"@type\":\"EntryPoint\",\"urlTemplate\":\"https:\\\/\\\/ckcpr.fr\\\/?s={search_term_string}\"},\"query-input\":{\"@type\":\"PropertyValueSpecification\",\"valueRequired\":true,\"valueName\":\"search_term_string\"}}],\"inLanguage\":\"fr-FR\"},{\"@type\":\"Organization\",\"@id\":\"https:\\\/\\\/ckcpr.fr\\\/#organization\",\"name\":\"Cano\u00eb-Kayak Club de Pont-R\u00e9an\",\"url\":\"https:\\\/\\\/ckcpr.fr\\\/\",\"logo\":{\"@type\":\"ImageObject\",\"inLanguage\":\"fr-FR\",\"@id\":\"https:\\\/\\\/ckcpr.fr\\\/#\\\/schema\\\/logo\\\/image\\\/\",\"url\":\"https:\\\/\\\/ckcpr.fr\\\/wp-content\\\/uploads\\\/2022\\\/03\\\/cropped-cropped-Logo_ckcpr_horizontal.jpg\",\"contentUrl\":\"https:\\\/\\\/ckcpr.fr\\\/wp-content\\\/uploads\\\/2022\\\/03\\\/cropped-cropped-Logo_ckcpr_horizontal.jpg\",\"width\":468,\"height\":156,\"caption\":\"Cano\u00eb-Kayak Club de Pont-R\u00e9an\"},\"image\":{\"@id\":\"https:\\\/\\\/ckcpr.fr\\\/#\\\/schema\\\/logo\\\/image\\\/\"}},{\"@type\":\"Person\",\"@id\":\"https:\\\/\\\/ckcpr.fr\\\/#\\\/schema\\\/person\\\/77702215a818dc209589f38d0ef2a4ee\",\"name\":\"Fabien SPINDLER\",\"image\":{\"@type\":\"ImageObject\",\"inLanguage\":\"fr-FR\",\"@id\":\"https:\\\/\\\/secure.gravatar.com\\\/avatar\\\/39bef6716eae516dda73823f2c63c704b712b863069634c8687b14a1230ea606?s=96&d=mm&r=g\",\"url\":\"https:\\\/\\\/secure.gravatar.com\\\/avatar\\\/39bef6716eae516dda73823f2c63c704b712b863069634c8687b14a1230ea606?s=96&d=mm&r=g\",\"contentUrl\":\"https:\\\/\\\/secure.gravatar.com\\\/avatar\\\/39bef6716eae516dda73823f2c63c704b712b863069634c8687b14a1230ea606?s=96&d=mm&r=g\",\"caption\":\"Fabien SPINDLER\"},\"url\":\"https:\\\/\\\/ckcpr.fr\\\/index.php\\\/author\\\/fabien-spindler35gmail-com\\\/\"}]}<\/script>\n<!-- \/ Yoast SEO plugin. -->","yoast_head_json":{"title":"RELAI POUR LA VIE \u00e0 PONT REAN le 30 avril et 01 mai - Cano\u00eb-Kayak Club de Pont-R\u00e9an","robots":{"index":"index","follow":"follow","max-snippet":"max-snippet:-1","max-image-preview":"max-image-preview:large","max-video-preview":"max-video-preview:-1"},"canonical":"https:\/\/ckcpr.fr\/index.php\/2016\/04\/25\/relai-pour-la-vie-a-pont-rean-le-30-avril-et-01-mai\/","og_locale":"fr_FR","og_type":"article","og_title":"RELAI POUR LA VIE \u00e0 PONT REAN le 30 avril et 01 mai - Cano\u00eb-Kayak Club de Pont-R\u00e9an","og_description":"Le CKCPR participe au RELAI POUR LA VIE, organis\u00e9 par le\u00a0Comit\u00e9 35 de la Ligue contre le cancer et\u00a0parrain\u00e9 par Dan ar Braz. Le Relais (course et\/ou marche) se d\u00e9roule \u00e0 la cale de Pont-R\u00e9an les 30 avril et 1er mai (du samedi 17h au dimanche 17h non-stop) et a pour objectif de collecter des [&hellip;]","og_url":"https:\/\/ckcpr.fr\/index.php\/2016\/04\/25\/relai-pour-la-vie-a-pont-rean-le-30-avril-et-01-mai\/","og_site_name":"Cano\u00eb-Kayak Club de Pont-R\u00e9an","article_published_time":"2016-04-25T19:29:53+00:00","author":"Fabien SPINDLER","twitter_misc":{"\u00c9crit par":"Fabien SPINDLER","Dur\u00e9e de lecture estim\u00e9e":"2 minutes"},"schema":{"@context":"https:\/\/schema.org","@graph":[{"@type":"Article","@id":"https:\/\/ckcpr.fr\/index.php\/2016\/04\/25\/relai-pour-la-vie-a-pont-rean-le-30-avril-et-01-mai\/#article","isPartOf":{"@id":"https:\/\/ckcpr.fr\/index.php\/2016\/04\/25\/relai-pour-la-vie-a-pont-rean-le-30-avril-et-01-mai\/"},"author":{"name":"Fabien SPINDLER","@id":"https:\/\/ckcpr.fr\/#\/schema\/person\/77702215a818dc209589f38d0ef2a4ee"},"headline":"RELAI POUR LA VIE \u00e0 PONT REAN le 30 avril et 01 mai","datePublished":"2016-04-25T19:29:53+00:00","mainEntityOfPage":{"@id":"https:\/\/ckcpr.fr\/index.php\/2016\/04\/25\/relai-pour-la-vie-a-pont-rean-le-30-avril-et-01-mai\/"},"wordCount":329,"publisher":{"@id":"https:\/\/ckcpr.fr\/#organization"},"image":{"@id":"https:\/\/ckcpr.fr\/index.php\/2016\/04\/25\/relai-pour-la-vie-a-pont-rean-le-30-avril-et-01-mai\/#primaryimage"},"thumbnailUrl":"https:\/\/ckcpr.fr\/wp-content\/uploads\/2020\/12\/Reglement-Equipe-de-bretagne-2021-CEL-1-pdf.jpg","articleSection":["Autres"],"inLanguage":"fr-FR"},{"@type":"WebPage","@id":"https:\/\/ckcpr.fr\/index.php\/2016\/04\/25\/relai-pour-la-vie-a-pont-rean-le-30-avril-et-01-mai\/","url":"https:\/\/ckcpr.fr\/index.php\/2016\/04\/25\/relai-pour-la-vie-a-pont-rean-le-30-avril-et-01-mai\/","name":"RELAI POUR LA VIE \u00e0 PONT REAN le 30 avril et 01 mai - Cano\u00eb-Kayak Club de Pont-R\u00e9an","isPartOf":{"@id":"https:\/\/ckcpr.fr\/#website"},"primaryImageOfPage":{"@id":"https:\/\/ckcpr.fr\/index.php\/2016\/04\/25\/relai-pour-la-vie-a-pont-rean-le-30-avril-et-01-mai\/#primaryimage"},"image":{"@id":"https:\/\/ckcpr.fr\/index.php\/2016\/04\/25\/relai-pour-la-vie-a-pont-rean-le-30-avril-et-01-mai\/#primaryimage"},"thumbnailUrl":"https:\/\/ckcpr.fr\/wp-content\/uploads\/2020\/12\/Reglement-Equipe-de-bretagne-2021-CEL-1-pdf.jpg","datePublished":"2016-04-25T19:29:53+00:00","breadcrumb":{"@id":"https:\/\/ckcpr.fr\/index.php\/2016\/04\/25\/relai-pour-la-vie-a-pont-rean-le-30-avril-et-01-mai\/#breadcrumb"},"inLanguage":"fr-FR","potentialAction":[{"@type":"ReadAction","target":["https:\/\/ckcpr.fr\/index.php\/2016\/04\/25\/relai-pour-la-vie-a-pont-rean-le-30-avril-et-01-mai\/"]}]},{"@type":"ImageObject","inLanguage":"fr-FR","@id":"https:\/\/ckcpr.fr\/index.php\/2016\/04\/25\/relai-pour-la-vie-a-pont-rean-le-30-avril-et-01-mai\/#primaryimage","url":"https:\/\/ckcpr.fr\/wp-content\/uploads\/2020\/12\/Reglement-Equipe-de-bretagne-2021-CEL-1-pdf.jpg","contentUrl":"https:\/\/ckcpr.fr\/wp-content\/uploads\/2020\/12\/Reglement-Equipe-de-bretagne-2021-CEL-1-pdf.jpg"},{"@type":"BreadcrumbList","@id":"https:\/\/ckcpr.fr\/index.php\/2016\/04\/25\/relai-pour-la-vie-a-pont-rean-le-30-avril-et-01-mai\/#breadcrumb","itemListElement":[{"@type":"ListItem","position":1,"name":"Accueil","item":"https:\/\/ckcpr.fr\/"},{"@type":"ListItem","position":2,"name":"RELAI POUR LA VIE \u00e0 PONT REAN le 30 avril et 01 mai"}]},{"@type":"WebSite","@id":"https:\/\/ckcpr.fr\/#website","url":"https:\/\/ckcpr.fr\/","name":"Cano\u00eb-Kayak Club de Pont-R\u00e9an","description":"","publisher":{"@id":"https:\/\/ckcpr.fr\/#organization"},"potentialAction":[{"@type":"SearchAction","target":{"@type":"EntryPoint","urlTemplate":"https:\/\/ckcpr.fr\/?s={search_term_string}"},"query-input":{"@type":"PropertyValueSpecification","valueRequired":true,"valueName":"search_term_string"}}],"inLanguage":"fr-FR"},{"@type":"Organization","@id":"https:\/\/ckcpr.fr\/#organization","name":"Cano\u00eb-Kayak Club de Pont-R\u00e9an","url":"https:\/\/ckcpr.fr\/","logo":{"@type":"ImageObject","inLanguage":"fr-FR","@id":"https:\/\/ckcpr.fr\/#\/schema\/logo\/image\/","url":"https:\/\/ckcpr.fr\/wp-content\/uploads\/2022\/03\/cropped-cropped-Logo_ckcpr_horizontal.jpg","contentUrl":"https:\/\/ckcpr.fr\/wp-content\/uploads\/2022\/03\/cropped-cropped-Logo_ckcpr_horizontal.jpg","width":468,"height":156,"caption":"Cano\u00eb-Kayak Club de Pont-R\u00e9an"},"image":{"@id":"https:\/\/ckcpr.fr\/#\/schema\/logo\/image\/"}},{"@type":"Person","@id":"https:\/\/ckcpr.fr\/#\/schema\/person\/77702215a818dc209589f38d0ef2a4ee","name":"Fabien SPINDLER","image":{"@type":"ImageObject","inLanguage":"fr-FR","@id":"https:\/\/secure.gravatar.com\/avatar\/39bef6716eae516dda73823f2c63c704b712b863069634c8687b14a1230ea606?s=96&d=mm&r=g","url":"https:\/\/secure.gravatar.com\/avatar\/39bef6716eae516dda73823f2c63c704b712b863069634c8687b14a1230ea606?s=96&d=mm&r=g","contentUrl":"https:\/\/secure.gravatar.com\/avatar\/39bef6716eae516dda73823f2c63c704b712b863069634c8687b14a1230ea606?s=96&d=mm&r=g","caption":"Fabien SPINDLER"},"url":"https:\/\/ckcpr.fr\/index.php\/author\/fabien-spindler35gmail-com\/"}]}},"_links":{"self":[{"href":"https:\/\/ckcpr.fr\/index.php\/wp-json\/wp\/v2\/posts\/963","targetHints":{"allow":["GET"]}}],"collection":[{"href":"https:\/\/ckcpr.fr\/index.php\/wp-json\/wp\/v2\/posts"}],"about":[{"href":"https:\/\/ckcpr.fr\/index.php\/wp-json\/wp\/v2\/types\/post"}],"author":[{"embeddable":true,"href":"https:\/\/ckcpr.fr\/index.php\/wp-json\/wp\/v2\/users\/11"}],"replies":[{"embeddable":true,"href":"https:\/\/ckcpr.fr\/index.php\/wp-json\/wp\/v2\/comments?post=963"}],"version-history":[{"count":0,"href":"https:\/\/ckcpr.fr\/index.php\/wp-json\/wp\/v2\/posts\/963\/revisions"}],"wp:featuredmedia":[{"embeddable":true,"href":"https:\/\/ckcpr.fr\/index.php\/wp-json\/wp\/v2\/media\/970"}],"wp:attachment":[{"href":"https:\/\/ckcpr.fr\/index.php\/wp-json\/wp\/v2\/media?parent=963"}],"wp:term":[{"taxonomy":"category","embeddable":true,"href":"https:\/\/ckcpr.fr\/index.php\/wp-json\/wp\/v2\/categories?post=963"},{"taxonomy":"post_tag","embeddable":true,"href":"https:\/\/ckcpr.fr\/index.php\/wp-json\/wp\/v2\/tags?post=963"}],"curies":[{"name":"wp","href":"https:\/\/api.w.org\/{rel}","templated":true}]}}