{"id":9958,"date":"2022-04-27T07:34:50","date_gmt":"2022-04-27T05:34:50","guid":{"rendered":"https:\/\/ckcpr.fr\/?p=9958"},"modified":"2022-05-03T08:13:47","modified_gmt":"2022-05-03T06:13:47","slug":"notre-champion-du-monde-tony-debray-pose-la-pagaie","status":"publish","type":"post","link":"https:\/\/ckcpr.fr\/index.php\/2022\/04\/27\/notre-champion-du-monde-tony-debray-pose-la-pagaie\/","title":{"rendered":"Notre champion du monde Tony Debray pose la pagaie"},"content":{"rendered":"\t\t<div data-elementor-type=\"wp-post\" data-elementor-id=\"9958\" class=\"elementor elementor-9958\">\n\t\t\t\t\t\t<section class=\"elementor-section elementor-top-section elementor-element elementor-element-0423b87 elementor-section-boxed elementor-section-height-default elementor-section-height-default\" data-id=\"0423b87\" data-element_type=\"section\" data-e-type=\"section\">\n\t\t\t\t\t\t<div class=\"elementor-container elementor-column-gap-default\">\n\t\t\t\t\t<div class=\"elementor-column elementor-col-100 elementor-top-column elementor-element elementor-element-463030a\" data-id=\"463030a\" data-element_type=\"column\" data-e-type=\"column\">\n\t\t\t<div class=\"elementor-widget-wrap elementor-element-populated\">\n\t\t\t\t\t\t<div class=\"elementor-element elementor-element-f7417d1 elementor-widget elementor-widget-text-editor\" data-id=\"f7417d1\" data-element_type=\"widget\" data-e-type=\"widget\" data-widget_type=\"text-editor.default\">\n\t\t\t\t<div class=\"elementor-widget-container\">\n\t\t\t\t\t\t\t\t\t<p>\u00c0 32 ans, Tony Debray licenci\u00e9 au CKCPR depuis ses d\u00e9buts prend sa retraite sportive \u00e0 l\u2019issue des s\u00e9lections \u00e9quipe de France qui se sont cl\u00f4tur\u00e9es lundi \u00e0 Treignac.<\/p><p><strong>\u00ab En 2004, j\u2019ai 14 ans. Je participe \u00e0 mon premier championnat de France sur la V\u00e9z\u00e8re. Je remporte mon premier titre de champion de France. C\u2019est donc 18 ans plus tard et sur cette m\u00eame rivi\u00e8re que je prends cette lourde et importante d\u00e9cision : je pose la pagaie. \u00bb<\/strong><\/p><p>Sp\u00e9cialiste de descente de rivi\u00e8re, le Bretillien a su marquer son empreinte dans la discipline, en monoplace ou biplace. <strong>\u00ab Je me dois, en premier lieu, de remercier mon sport. Merci de m\u2019avoir construit. Merci de m\u2019avoir permis d\u2019\u00eatre l\u2019homme que je suis aujourd\u2019hui. Le courage et l\u2019abn\u00e9gation m\u2019auront permis de toucher les plus hautes distinctions mondiales et europ\u00e9ennes de cette discipline. Obstin\u00e9 dans cet objectif, je n\u2019ai pas vu les ann\u00e9es d\u00e9filer tellement tous ces moments valaient de l\u2019or. \u00bb<\/strong><\/p><h4>Un nouveau challenge<\/h4><p>Celui qui a d\u00e9but\u00e9 par une s\u00e9lection dans les rangs tricolores chez les juniors, puis U23, est devenu au fil des ann\u00e9es un titulaire indiscutable de la s\u00e9lection senior. Au total, il aura remport\u00e9 trois titres mondiaux en individuel (2016, 2017, 2019), un doubl\u00e9 europ\u00e9en individuel en monoplace et biplace associ\u00e9 \u00e0 Louis Lapointe en 2019 et 22 m\u00e9dailles mondiales. <strong>\u00ab J\u2019ai pagay\u00e9 sur les plus belles rivi\u00e8res du globe \u00e0 travers de longs voyages avec l\u2019\u00e9quipe de France avec qui j\u2019ai v\u00e9cu s\u00fbrement les plus grandes \u00e9motions de ma vie. Lundi, les larmes ont coul\u00e9 sur la ligne d\u2019arriv\u00e9e de cette derni\u00e8re course. Non, ce n\u2019\u00e9tait pas la plus belle, non ce n\u2019\u00e9tait pas la plus rapide. Mais les souvenirs se sont bouscul\u00e9s l\u00e0-haut au rythme des coups de pagaie. Tous ces bons et mauvais moments qui font une carri\u00e8re de sportif de haut niveau. Des plus belles victoires aux plus lourdes d\u00e9sillusions. J\u2019aurais aim\u00e9 faire encore durer ce plaisir mais je suis \u00e0 un carrefour de ma vie et je dois prendre une d\u00e9cision. \u00bb<\/strong><\/p><p>Un nouveau challenge s\u2019impose d\u00e9sormais \u00e0 lui : apr\u00e8s avoir suivi une formation d\u2019\u00e9b\u00e9nisterie et travail du bois, Tony Debray a cr\u00e9\u00e9 son autoentreprise et rencontre un franc succ\u00e8s. Il encha\u00eene les chantiers et se r\u00e9jouit d\u2019\u00eatre \u00e0 pr\u00e9sent son propre patron. <strong>\u00ab J\u2019ai d\u00e9j\u00e0 h\u00e2te de conna\u00eetre la suite avec ce nouveau challenge que je m\u2019impose aujourd\u2019hui. Et c\u2019est donc avec le sentiment du travail accompli que je mets un terme \u00e0 ma carri\u00e8re. Je me dois aussi de remercier les acteurs de ces fameuses 18 ann\u00e9es. \u00bb<\/strong><\/p><p>Bravo et un grand merci \u00e0 notre champion qui aura su faire briller le club au plus haut niveau durant toutes ces ann\u00e9es.<\/p><p><em>NB: Cet article a \u00e9t\u00e9 publi\u00e9 sur le <time datetime=\"2022-04-19T16:16:01+02:00\">19\/04\/2022 \u00e0 16h16<\/time>sur le site de <a href=\"https:\/\/www.ouest-france.fr\/sport\/canoe-kayak\/canoe-kayak-tony-debray-pose-la-pagaie-e3555df6-bfe2-11ec-94e4-f6fcc9a6611e\">Ouest-France<\/a>.<\/em><\/p>\t\t\t\t\t\t\t\t<\/div>\n\t\t\t\t<\/div>\n\t\t\t\t\t<\/div>\n\t\t<\/div>\n\t\t\t\t\t<\/div>\n\t\t<\/section>\n\t\t\t\t<\/div>\n\t\t","protected":false},"excerpt":{"rendered":"<p>\u00c0 32 ans, Tony Debray licenci\u00e9 au CKCPR depuis ses d\u00e9buts prend sa retraite sportive \u00e0 l\u2019issue des s\u00e9lections \u00e9quipe de France qui se sont cl\u00f4tur\u00e9es lundi \u00e0 Treignac. \u00ab En 2004, j\u2019ai 14 ans. Je participe \u00e0 mon premier championnat de France sur la V\u00e9z\u00e8re. Je remporte mon premier titre de champion de France. [&hellip;]<\/p>\n","protected":false},"author":11,"featured_media":9957,"comment_status":"open","ping_status":"open","sticky":false,"template":"","format":"standard","meta":{"site-sidebar-layout":"default","site-content-layout":"","ast-site-content-layout":"default","site-content-style":"default","site-sidebar-style":"default","ast-global-header-display":"","ast-banner-title-visibility":"","ast-main-header-display":"","ast-hfb-above-header-display":"","ast-hfb-below-header-display":"","ast-hfb-mobile-header-display":"","site-post-title":"","ast-breadcrumbs-content":"","ast-featured-img":"","footer-sml-layout":"","ast-disable-related-posts":"","theme-transparent-header-meta":"","adv-header-id-meta":"","stick-header-meta":"","header-above-stick-meta":"","header-main-stick-meta":"","header-below-stick-meta":"","astra-migrate-meta-layouts":"default","ast-page-background-enabled":"default","ast-page-background-meta":{"desktop":{"background-color":"","background-image":"","background-repeat":"repeat","background-position":"center center","background-size":"auto","background-attachment":"scroll","background-type":"","background-media":"","overlay-type":"","overlay-color":"","overlay-opacity":"","overlay-gradient":""},"tablet":{"background-color":"","background-image":"","background-repeat":"repeat","background-position":"center center","background-size":"auto","background-attachment":"scroll","background-type":"","background-media":"","overlay-type":"","overlay-color":"","overlay-opacity":"","overlay-gradient":""},"mobile":{"background-color":"","background-image":"","background-repeat":"repeat","background-position":"center center","background-size":"auto","background-attachment":"scroll","background-type":"","background-media":"","overlay-type":"","overlay-color":"","overlay-opacity":"","overlay-gradient":""}},"ast-content-background-meta":{"desktop":{"background-color":"var(--ast-global-color-5)","background-image":"","background-repeat":"repeat","background-position":"center center","background-size":"auto","background-attachment":"scroll","background-type":"","background-media":"","overlay-type":"","overlay-color":"","overlay-opacity":"","overlay-gradient":""},"tablet":{"background-color":"var(--ast-global-color-5)","background-image":"","background-repeat":"repeat","background-position":"center center","background-size":"auto","background-attachment":"scroll","background-type":"","background-media":"","overlay-type":"","overlay-color":"","overlay-opacity":"","overlay-gradient":""},"mobile":{"background-color":"var(--ast-global-color-5)","background-image":"","background-repeat":"repeat","background-position":"center center","background-size":"auto","background-attachment":"scroll","background-type":"","background-media":"","overlay-type":"","overlay-color":"","overlay-opacity":"","overlay-gradient":""}},"footnotes":""},"categories":[102,104,50],"tags":[],"class_list":["post-9958","post","type-post","status-publish","format-standard","has-post-thumbnail","hentry","category-competitions","category-le-club","category-sport-competition"],"yoast_head":"<!-- This site is optimized with the Yoast SEO plugin v27.5 - https:\/\/yoast.com\/product\/yoast-seo-wordpress\/ -->\n<title>Notre champion du monde Tony Debray pose la pagaie - Cano\u00eb-Kayak Club de Pont-R\u00e9an<\/title>\n<meta name=\"robots\" content=\"index, follow, max-snippet:-1, max-image-preview:large, max-video-preview:-1\" \/>\n<link rel=\"canonical\" href=\"https:\/\/ckcpr.fr\/index.php\/2022\/04\/27\/notre-champion-du-monde-tony-debray-pose-la-pagaie\/\" \/>\n<meta property=\"og:locale\" content=\"fr_FR\" \/>\n<meta property=\"og:type\" content=\"article\" \/>\n<meta property=\"og:title\" content=\"Notre champion du monde Tony Debray pose la pagaie - Cano\u00eb-Kayak Club de Pont-R\u00e9an\" \/>\n<meta property=\"og:description\" content=\"\u00c0 32 ans, Tony Debray licenci\u00e9 au CKCPR depuis ses d\u00e9buts prend sa retraite sportive \u00e0 l\u2019issue des s\u00e9lections \u00e9quipe de France qui se sont cl\u00f4tur\u00e9es lundi \u00e0 Treignac. \u00ab En 2004, j\u2019ai 14 ans. Je participe \u00e0 mon premier championnat de France sur la V\u00e9z\u00e8re. Je remporte mon premier titre de champion de France. [&hellip;]\" \/>\n<meta property=\"og:url\" content=\"https:\/\/ckcpr.fr\/index.php\/2022\/04\/27\/notre-champion-du-monde-tony-debray-pose-la-pagaie\/\" \/>\n<meta property=\"og:site_name\" content=\"Cano\u00eb-Kayak Club de Pont-R\u00e9an\" \/>\n<meta property=\"article:published_time\" content=\"2022-04-27T05:34:50+00:00\" \/>\n<meta property=\"article:modified_time\" content=\"2022-05-03T06:13:47+00:00\" \/>\n<meta property=\"og:image\" content=\"https:\/\/ckcpr.fr\/wp-content\/uploads\/2022\/04\/Tony-C2.OF_.2022.04.jpg\" \/>\n\t<meta property=\"og:image:width\" content=\"1260\" \/>\n\t<meta property=\"og:image:height\" content=\"839\" \/>\n\t<meta property=\"og:image:type\" content=\"image\/jpeg\" \/>\n<meta name=\"author\" content=\"Fabien SPINDLER\" \/>\n<meta name=\"twitter:label1\" content=\"\u00c9crit par\" \/>\n\t<meta name=\"twitter:data1\" content=\"Fabien SPINDLER\" \/>\n\t<meta name=\"twitter:label2\" content=\"Dur\u00e9e de lecture estim\u00e9e\" \/>\n\t<meta name=\"twitter:data2\" content=\"3 minutes\" \/>\n<script type=\"application\/ld+json\" class=\"yoast-schema-graph\">{\"@context\":\"https:\\\/\\\/schema.org\",\"@graph\":[{\"@type\":\"Article\",\"@id\":\"https:\\\/\\\/ckcpr.fr\\\/index.php\\\/2022\\\/04\\\/27\\\/notre-champion-du-monde-tony-debray-pose-la-pagaie\\\/#article\",\"isPartOf\":{\"@id\":\"https:\\\/\\\/ckcpr.fr\\\/index.php\\\/2022\\\/04\\\/27\\\/notre-champion-du-monde-tony-debray-pose-la-pagaie\\\/\"},\"author\":{\"name\":\"Fabien SPINDLER\",\"@id\":\"https:\\\/\\\/ckcpr.fr\\\/#\\\/schema\\\/person\\\/77702215a818dc209589f38d0ef2a4ee\"},\"headline\":\"Notre champion du monde Tony Debray pose la pagaie\",\"datePublished\":\"2022-04-27T05:34:50+00:00\",\"dateModified\":\"2022-05-03T06:13:47+00:00\",\"mainEntityOfPage\":{\"@id\":\"https:\\\/\\\/ckcpr.fr\\\/index.php\\\/2022\\\/04\\\/27\\\/notre-champion-du-monde-tony-debray-pose-la-pagaie\\\/\"},\"wordCount\":515,\"commentCount\":0,\"publisher\":{\"@id\":\"https:\\\/\\\/ckcpr.fr\\\/#organization\"},\"image\":{\"@id\":\"https:\\\/\\\/ckcpr.fr\\\/index.php\\\/2022\\\/04\\\/27\\\/notre-champion-du-monde-tony-debray-pose-la-pagaie\\\/#primaryimage\"},\"thumbnailUrl\":\"https:\\\/\\\/ckcpr.fr\\\/wp-content\\\/uploads\\\/2022\\\/04\\\/Tony-C2.OF_.2022.04.jpg\",\"articleSection\":[\"Comp\u00e9titions\",\"Le club\",\"Sport Comp\u00e9tition\"],\"inLanguage\":\"fr-FR\",\"potentialAction\":[{\"@type\":\"CommentAction\",\"name\":\"Comment\",\"target\":[\"https:\\\/\\\/ckcpr.fr\\\/index.php\\\/2022\\\/04\\\/27\\\/notre-champion-du-monde-tony-debray-pose-la-pagaie\\\/#respond\"]}]},{\"@type\":\"WebPage\",\"@id\":\"https:\\\/\\\/ckcpr.fr\\\/index.php\\\/2022\\\/04\\\/27\\\/notre-champion-du-monde-tony-debray-pose-la-pagaie\\\/\",\"url\":\"https:\\\/\\\/ckcpr.fr\\\/index.php\\\/2022\\\/04\\\/27\\\/notre-champion-du-monde-tony-debray-pose-la-pagaie\\\/\",\"name\":\"Notre champion du monde Tony Debray pose la pagaie - Cano\u00eb-Kayak Club de Pont-R\u00e9an\",\"isPartOf\":{\"@id\":\"https:\\\/\\\/ckcpr.fr\\\/#website\"},\"primaryImageOfPage\":{\"@id\":\"https:\\\/\\\/ckcpr.fr\\\/index.php\\\/2022\\\/04\\\/27\\\/notre-champion-du-monde-tony-debray-pose-la-pagaie\\\/#primaryimage\"},\"image\":{\"@id\":\"https:\\\/\\\/ckcpr.fr\\\/index.php\\\/2022\\\/04\\\/27\\\/notre-champion-du-monde-tony-debray-pose-la-pagaie\\\/#primaryimage\"},\"thumbnailUrl\":\"https:\\\/\\\/ckcpr.fr\\\/wp-content\\\/uploads\\\/2022\\\/04\\\/Tony-C2.OF_.2022.04.jpg\",\"datePublished\":\"2022-04-27T05:34:50+00:00\",\"dateModified\":\"2022-05-03T06:13:47+00:00\",\"breadcrumb\":{\"@id\":\"https:\\\/\\\/ckcpr.fr\\\/index.php\\\/2022\\\/04\\\/27\\\/notre-champion-du-monde-tony-debray-pose-la-pagaie\\\/#breadcrumb\"},\"inLanguage\":\"fr-FR\",\"potentialAction\":[{\"@type\":\"ReadAction\",\"target\":[\"https:\\\/\\\/ckcpr.fr\\\/index.php\\\/2022\\\/04\\\/27\\\/notre-champion-du-monde-tony-debray-pose-la-pagaie\\\/\"]}]},{\"@type\":\"ImageObject\",\"inLanguage\":\"fr-FR\",\"@id\":\"https:\\\/\\\/ckcpr.fr\\\/index.php\\\/2022\\\/04\\\/27\\\/notre-champion-du-monde-tony-debray-pose-la-pagaie\\\/#primaryimage\",\"url\":\"https:\\\/\\\/ckcpr.fr\\\/wp-content\\\/uploads\\\/2022\\\/04\\\/Tony-C2.OF_.2022.04.jpg\",\"contentUrl\":\"https:\\\/\\\/ckcpr.fr\\\/wp-content\\\/uploads\\\/2022\\\/04\\\/Tony-C2.OF_.2022.04.jpg\",\"width\":1260,\"height\":839,\"caption\":\"Louis Lapointe and Tony Debray of France run and takes gold medal the Men's C2 Final during the 2019 ICF Canoe Wildwater World Championships at Parc Del Segre in la Seu d' Urgell, Spain. Photo: Manuel Blondeau\\\/KMSP || 000548_0247 SPORT SEPTEMBER GOLD MEDAL 2019 MEN C2 SLALOM WORLD CHAMPIONSHIPS CANOE SPAIN ESPAGNE\"},{\"@type\":\"BreadcrumbList\",\"@id\":\"https:\\\/\\\/ckcpr.fr\\\/index.php\\\/2022\\\/04\\\/27\\\/notre-champion-du-monde-tony-debray-pose-la-pagaie\\\/#breadcrumb\",\"itemListElement\":[{\"@type\":\"ListItem\",\"position\":1,\"name\":\"Accueil\",\"item\":\"https:\\\/\\\/ckcpr.fr\\\/\"},{\"@type\":\"ListItem\",\"position\":2,\"name\":\"Notre champion du monde Tony Debray pose la pagaie\"}]},{\"@type\":\"WebSite\",\"@id\":\"https:\\\/\\\/ckcpr.fr\\\/#website\",\"url\":\"https:\\\/\\\/ckcpr.fr\\\/\",\"name\":\"Cano\u00eb-Kayak Club de Pont-R\u00e9an\",\"description\":\"\",\"publisher\":{\"@id\":\"https:\\\/\\\/ckcpr.fr\\\/#organization\"},\"potentialAction\":[{\"@type\":\"SearchAction\",\"target\":{\"@type\":\"EntryPoint\",\"urlTemplate\":\"https:\\\/\\\/ckcpr.fr\\\/?s={search_term_string}\"},\"query-input\":{\"@type\":\"PropertyValueSpecification\",\"valueRequired\":true,\"valueName\":\"search_term_string\"}}],\"inLanguage\":\"fr-FR\"},{\"@type\":\"Organization\",\"@id\":\"https:\\\/\\\/ckcpr.fr\\\/#organization\",\"name\":\"Cano\u00eb-Kayak Club de Pont-R\u00e9an\",\"url\":\"https:\\\/\\\/ckcpr.fr\\\/\",\"logo\":{\"@type\":\"ImageObject\",\"inLanguage\":\"fr-FR\",\"@id\":\"https:\\\/\\\/ckcpr.fr\\\/#\\\/schema\\\/logo\\\/image\\\/\",\"url\":\"https:\\\/\\\/ckcpr.fr\\\/wp-content\\\/uploads\\\/2022\\\/03\\\/cropped-cropped-Logo_ckcpr_horizontal.jpg\",\"contentUrl\":\"https:\\\/\\\/ckcpr.fr\\\/wp-content\\\/uploads\\\/2022\\\/03\\\/cropped-cropped-Logo_ckcpr_horizontal.jpg\",\"width\":468,\"height\":156,\"caption\":\"Cano\u00eb-Kayak Club de Pont-R\u00e9an\"},\"image\":{\"@id\":\"https:\\\/\\\/ckcpr.fr\\\/#\\\/schema\\\/logo\\\/image\\\/\"}},{\"@type\":\"Person\",\"@id\":\"https:\\\/\\\/ckcpr.fr\\\/#\\\/schema\\\/person\\\/77702215a818dc209589f38d0ef2a4ee\",\"name\":\"Fabien SPINDLER\",\"image\":{\"@type\":\"ImageObject\",\"inLanguage\":\"fr-FR\",\"@id\":\"https:\\\/\\\/secure.gravatar.com\\\/avatar\\\/39bef6716eae516dda73823f2c63c704b712b863069634c8687b14a1230ea606?s=96&d=mm&r=g\",\"url\":\"https:\\\/\\\/secure.gravatar.com\\\/avatar\\\/39bef6716eae516dda73823f2c63c704b712b863069634c8687b14a1230ea606?s=96&d=mm&r=g\",\"contentUrl\":\"https:\\\/\\\/secure.gravatar.com\\\/avatar\\\/39bef6716eae516dda73823f2c63c704b712b863069634c8687b14a1230ea606?s=96&d=mm&r=g\",\"caption\":\"Fabien SPINDLER\"},\"url\":\"https:\\\/\\\/ckcpr.fr\\\/index.php\\\/author\\\/fabien-spindler35gmail-com\\\/\"}]}<\/script>\n<!-- \/ Yoast SEO plugin. -->","yoast_head_json":{"title":"Notre champion du monde Tony Debray pose la pagaie - Cano\u00eb-Kayak Club de Pont-R\u00e9an","robots":{"index":"index","follow":"follow","max-snippet":"max-snippet:-1","max-image-preview":"max-image-preview:large","max-video-preview":"max-video-preview:-1"},"canonical":"https:\/\/ckcpr.fr\/index.php\/2022\/04\/27\/notre-champion-du-monde-tony-debray-pose-la-pagaie\/","og_locale":"fr_FR","og_type":"article","og_title":"Notre champion du monde Tony Debray pose la pagaie - Cano\u00eb-Kayak Club de Pont-R\u00e9an","og_description":"\u00c0 32 ans, Tony Debray licenci\u00e9 au CKCPR depuis ses d\u00e9buts prend sa retraite sportive \u00e0 l\u2019issue des s\u00e9lections \u00e9quipe de France qui se sont cl\u00f4tur\u00e9es lundi \u00e0 Treignac. \u00ab En 2004, j\u2019ai 14 ans. Je participe \u00e0 mon premier championnat de France sur la V\u00e9z\u00e8re. Je remporte mon premier titre de champion de France. [&hellip;]","og_url":"https:\/\/ckcpr.fr\/index.php\/2022\/04\/27\/notre-champion-du-monde-tony-debray-pose-la-pagaie\/","og_site_name":"Cano\u00eb-Kayak Club de Pont-R\u00e9an","article_published_time":"2022-04-27T05:34:50+00:00","article_modified_time":"2022-05-03T06:13:47+00:00","og_image":[{"width":1260,"height":839,"url":"https:\/\/ckcpr.fr\/wp-content\/uploads\/2022\/04\/Tony-C2.OF_.2022.04.jpg","type":"image\/jpeg"}],"author":"Fabien SPINDLER","twitter_misc":{"\u00c9crit par":"Fabien SPINDLER","Dur\u00e9e de lecture estim\u00e9e":"3 minutes"},"schema":{"@context":"https:\/\/schema.org","@graph":[{"@type":"Article","@id":"https:\/\/ckcpr.fr\/index.php\/2022\/04\/27\/notre-champion-du-monde-tony-debray-pose-la-pagaie\/#article","isPartOf":{"@id":"https:\/\/ckcpr.fr\/index.php\/2022\/04\/27\/notre-champion-du-monde-tony-debray-pose-la-pagaie\/"},"author":{"name":"Fabien SPINDLER","@id":"https:\/\/ckcpr.fr\/#\/schema\/person\/77702215a818dc209589f38d0ef2a4ee"},"headline":"Notre champion du monde Tony Debray pose la pagaie","datePublished":"2022-04-27T05:34:50+00:00","dateModified":"2022-05-03T06:13:47+00:00","mainEntityOfPage":{"@id":"https:\/\/ckcpr.fr\/index.php\/2022\/04\/27\/notre-champion-du-monde-tony-debray-pose-la-pagaie\/"},"wordCount":515,"commentCount":0,"publisher":{"@id":"https:\/\/ckcpr.fr\/#organization"},"image":{"@id":"https:\/\/ckcpr.fr\/index.php\/2022\/04\/27\/notre-champion-du-monde-tony-debray-pose-la-pagaie\/#primaryimage"},"thumbnailUrl":"https:\/\/ckcpr.fr\/wp-content\/uploads\/2022\/04\/Tony-C2.OF_.2022.04.jpg","articleSection":["Comp\u00e9titions","Le club","Sport Comp\u00e9tition"],"inLanguage":"fr-FR","potentialAction":[{"@type":"CommentAction","name":"Comment","target":["https:\/\/ckcpr.fr\/index.php\/2022\/04\/27\/notre-champion-du-monde-tony-debray-pose-la-pagaie\/#respond"]}]},{"@type":"WebPage","@id":"https:\/\/ckcpr.fr\/index.php\/2022\/04\/27\/notre-champion-du-monde-tony-debray-pose-la-pagaie\/","url":"https:\/\/ckcpr.fr\/index.php\/2022\/04\/27\/notre-champion-du-monde-tony-debray-pose-la-pagaie\/","name":"Notre champion du monde Tony Debray pose la pagaie - Cano\u00eb-Kayak Club de Pont-R\u00e9an","isPartOf":{"@id":"https:\/\/ckcpr.fr\/#website"},"primaryImageOfPage":{"@id":"https:\/\/ckcpr.fr\/index.php\/2022\/04\/27\/notre-champion-du-monde-tony-debray-pose-la-pagaie\/#primaryimage"},"image":{"@id":"https:\/\/ckcpr.fr\/index.php\/2022\/04\/27\/notre-champion-du-monde-tony-debray-pose-la-pagaie\/#primaryimage"},"thumbnailUrl":"https:\/\/ckcpr.fr\/wp-content\/uploads\/2022\/04\/Tony-C2.OF_.2022.04.jpg","datePublished":"2022-04-27T05:34:50+00:00","dateModified":"2022-05-03T06:13:47+00:00","breadcrumb":{"@id":"https:\/\/ckcpr.fr\/index.php\/2022\/04\/27\/notre-champion-du-monde-tony-debray-pose-la-pagaie\/#breadcrumb"},"inLanguage":"fr-FR","potentialAction":[{"@type":"ReadAction","target":["https:\/\/ckcpr.fr\/index.php\/2022\/04\/27\/notre-champion-du-monde-tony-debray-pose-la-pagaie\/"]}]},{"@type":"ImageObject","inLanguage":"fr-FR","@id":"https:\/\/ckcpr.fr\/index.php\/2022\/04\/27\/notre-champion-du-monde-tony-debray-pose-la-pagaie\/#primaryimage","url":"https:\/\/ckcpr.fr\/wp-content\/uploads\/2022\/04\/Tony-C2.OF_.2022.04.jpg","contentUrl":"https:\/\/ckcpr.fr\/wp-content\/uploads\/2022\/04\/Tony-C2.OF_.2022.04.jpg","width":1260,"height":839,"caption":"Louis Lapointe and Tony Debray of France run and takes gold medal the Men's C2 Final during the 2019 ICF Canoe Wildwater World Championships at Parc Del Segre in la Seu d' Urgell, Spain. Photo: Manuel Blondeau\/KMSP || 000548_0247 SPORT SEPTEMBER GOLD MEDAL 2019 MEN C2 SLALOM WORLD CHAMPIONSHIPS CANOE SPAIN ESPAGNE"},{"@type":"BreadcrumbList","@id":"https:\/\/ckcpr.fr\/index.php\/2022\/04\/27\/notre-champion-du-monde-tony-debray-pose-la-pagaie\/#breadcrumb","itemListElement":[{"@type":"ListItem","position":1,"name":"Accueil","item":"https:\/\/ckcpr.fr\/"},{"@type":"ListItem","position":2,"name":"Notre champion du monde Tony Debray pose la pagaie"}]},{"@type":"WebSite","@id":"https:\/\/ckcpr.fr\/#website","url":"https:\/\/ckcpr.fr\/","name":"Cano\u00eb-Kayak Club de Pont-R\u00e9an","description":"","publisher":{"@id":"https:\/\/ckcpr.fr\/#organization"},"potentialAction":[{"@type":"SearchAction","target":{"@type":"EntryPoint","urlTemplate":"https:\/\/ckcpr.fr\/?s={search_term_string}"},"query-input":{"@type":"PropertyValueSpecification","valueRequired":true,"valueName":"search_term_string"}}],"inLanguage":"fr-FR"},{"@type":"Organization","@id":"https:\/\/ckcpr.fr\/#organization","name":"Cano\u00eb-Kayak Club de Pont-R\u00e9an","url":"https:\/\/ckcpr.fr\/","logo":{"@type":"ImageObject","inLanguage":"fr-FR","@id":"https:\/\/ckcpr.fr\/#\/schema\/logo\/image\/","url":"https:\/\/ckcpr.fr\/wp-content\/uploads\/2022\/03\/cropped-cropped-Logo_ckcpr_horizontal.jpg","contentUrl":"https:\/\/ckcpr.fr\/wp-content\/uploads\/2022\/03\/cropped-cropped-Logo_ckcpr_horizontal.jpg","width":468,"height":156,"caption":"Cano\u00eb-Kayak Club de Pont-R\u00e9an"},"image":{"@id":"https:\/\/ckcpr.fr\/#\/schema\/logo\/image\/"}},{"@type":"Person","@id":"https:\/\/ckcpr.fr\/#\/schema\/person\/77702215a818dc209589f38d0ef2a4ee","name":"Fabien SPINDLER","image":{"@type":"ImageObject","inLanguage":"fr-FR","@id":"https:\/\/secure.gravatar.com\/avatar\/39bef6716eae516dda73823f2c63c704b712b863069634c8687b14a1230ea606?s=96&d=mm&r=g","url":"https:\/\/secure.gravatar.com\/avatar\/39bef6716eae516dda73823f2c63c704b712b863069634c8687b14a1230ea606?s=96&d=mm&r=g","contentUrl":"https:\/\/secure.gravatar.com\/avatar\/39bef6716eae516dda73823f2c63c704b712b863069634c8687b14a1230ea606?s=96&d=mm&r=g","caption":"Fabien SPINDLER"},"url":"https:\/\/ckcpr.fr\/index.php\/author\/fabien-spindler35gmail-com\/"}]}},"_links":{"self":[{"href":"https:\/\/ckcpr.fr\/index.php\/wp-json\/wp\/v2\/posts\/9958","targetHints":{"allow":["GET"]}}],"collection":[{"href":"https:\/\/ckcpr.fr\/index.php\/wp-json\/wp\/v2\/posts"}],"about":[{"href":"https:\/\/ckcpr.fr\/index.php\/wp-json\/wp\/v2\/types\/post"}],"author":[{"embeddable":true,"href":"https:\/\/ckcpr.fr\/index.php\/wp-json\/wp\/v2\/users\/11"}],"replies":[{"embeddable":true,"href":"https:\/\/ckcpr.fr\/index.php\/wp-json\/wp\/v2\/comments?post=9958"}],"version-history":[{"count":0,"href":"https:\/\/ckcpr.fr\/index.php\/wp-json\/wp\/v2\/posts\/9958\/revisions"}],"wp:featuredmedia":[{"embeddable":true,"href":"https:\/\/ckcpr.fr\/index.php\/wp-json\/wp\/v2\/media\/9957"}],"wp:attachment":[{"href":"https:\/\/ckcpr.fr\/index.php\/wp-json\/wp\/v2\/media?parent=9958"}],"wp:term":[{"taxonomy":"category","embeddable":true,"href":"https:\/\/ckcpr.fr\/index.php\/wp-json\/wp\/v2\/categories?post=9958"},{"taxonomy":"post_tag","embeddable":true,"href":"https:\/\/ckcpr.fr\/index.php\/wp-json\/wp\/v2\/tags?post=9958"}],"curies":[{"name":"wp","href":"https:\/\/api.w.org\/{rel}","templated":true}]}}