{"id":9971,"date":"2022-04-27T07:55:21","date_gmt":"2022-04-27T05:55:21","guid":{"rendered":"https:\/\/ckcpr.fr\/?p=9971"},"modified":"2022-05-03T08:13:26","modified_gmt":"2022-05-03T06:13:26","slug":"louis-forgeard-selectionne-en-equipe-de-france-23ans","status":"publish","type":"post","link":"https:\/\/ckcpr.fr\/index.php\/2022\/04\/27\/louis-forgeard-selectionne-en-equipe-de-france-23ans\/","title":{"rendered":"Louis Forgeard s\u00e9lectionn\u00e9 en \u00e9quipe de France -23 ans"},"content":{"rendered":"\t\t<div data-elementor-type=\"wp-post\" data-elementor-id=\"9971\" class=\"elementor elementor-9971\">\n\t\t\t\t\t\t<section class=\"elementor-section elementor-top-section elementor-element elementor-element-0ea3312 elementor-section-boxed elementor-section-height-default elementor-section-height-default\" data-id=\"0ea3312\" data-element_type=\"section\" data-e-type=\"section\">\n\t\t\t\t\t\t<div class=\"elementor-container elementor-column-gap-default\">\n\t\t\t\t\t<div class=\"elementor-column elementor-col-100 elementor-top-column elementor-element elementor-element-43d9df4\" data-id=\"43d9df4\" data-element_type=\"column\" data-e-type=\"column\">\n\t\t\t<div class=\"elementor-widget-wrap elementor-element-populated\">\n\t\t\t\t\t\t<div class=\"elementor-element elementor-element-a7c72e4 elementor-widget elementor-widget-text-editor\" data-id=\"a7c72e4\" data-element_type=\"widget\" data-e-type=\"widget\" data-widget_type=\"text-editor.default\">\n\t\t\t\t<div class=\"elementor-widget-container\">\n\t\t\t\t\t\t\t\t\t<p><span class=\"break-words\"><span dir=\"ltr\">Apr\u00e8s l\u2019avoir rat\u00e9 de peu l\u2019ann\u00e9e derni\u00e8re, Louis Forgeard licenci\u00e9 au CKCPR d\u00e9croche cette ann\u00e9e sa place en \u00e9quipe de France -23 ans. \u00ab Des points positifs ainsi que des pistes \u00e0 travailler ressortent de cette semaine de s\u00e9lection. Il reste du travail\u2026 <\/span><\/span>\u00bb<\/p><p><span class=\"break-words\"><span dir=\"ltr\">Pour Louis, la prochaine \u00e9tape sera les championnats d\u2019Europe -23 ans en Bosnie en Ao\u00fbt ! <\/span><\/span><\/p><p>Toutes nos f\u00e9licitations \u00e0 notre champion.<\/p>\t\t\t\t\t\t\t\t<\/div>\n\t\t\t\t<\/div>\n\t\t\t\t\t<\/div>\n\t\t<\/div>\n\t\t\t\t\t<\/div>\n\t\t<\/section>\n\t\t\t\t<\/div>\n\t\t","protected":false},"excerpt":{"rendered":"<p>Apr\u00e8s l\u2019avoir rat\u00e9 de peu l\u2019ann\u00e9e derni\u00e8re, Louis Forgeard licenci\u00e9 au CKCPR d\u00e9croche cette ann\u00e9e sa place en \u00e9quipe de France -23 ans. \u00ab Des points positifs ainsi que des pistes \u00e0 travailler ressortent de cette semaine de s\u00e9lection. Il reste du travail\u2026 \u00bb Pour Louis, la prochaine \u00e9tape sera les championnats d\u2019Europe -23 ans [&hellip;]<\/p>\n","protected":false},"author":11,"featured_media":9970,"comment_status":"open","ping_status":"open","sticky":false,"template":"","format":"standard","meta":{"site-sidebar-layout":"default","site-content-layout":"","ast-site-content-layout":"default","site-content-style":"default","site-sidebar-style":"default","ast-global-header-display":"","ast-banner-title-visibility":"","ast-main-header-display":"","ast-hfb-above-header-display":"","ast-hfb-below-header-display":"","ast-hfb-mobile-header-display":"","site-post-title":"","ast-breadcrumbs-content":"","ast-featured-img":"","footer-sml-layout":"","ast-disable-related-posts":"","theme-transparent-header-meta":"","adv-header-id-meta":"","stick-header-meta":"","header-above-stick-meta":"","header-main-stick-meta":"","header-below-stick-meta":"","astra-migrate-meta-layouts":"default","ast-page-background-enabled":"default","ast-page-background-meta":{"desktop":{"background-color":"","background-image":"","background-repeat":"repeat","background-position":"center center","background-size":"auto","background-attachment":"scroll","background-type":"","background-media":"","overlay-type":"","overlay-color":"","overlay-opacity":"","overlay-gradient":""},"tablet":{"background-color":"","background-image":"","background-repeat":"repeat","background-position":"center center","background-size":"auto","background-attachment":"scroll","background-type":"","background-media":"","overlay-type":"","overlay-color":"","overlay-opacity":"","overlay-gradient":""},"mobile":{"background-color":"","background-image":"","background-repeat":"repeat","background-position":"center center","background-size":"auto","background-attachment":"scroll","background-type":"","background-media":"","overlay-type":"","overlay-color":"","overlay-opacity":"","overlay-gradient":""}},"ast-content-background-meta":{"desktop":{"background-color":"var(--ast-global-color-5)","background-image":"","background-repeat":"repeat","background-position":"center center","background-size":"auto","background-attachment":"scroll","background-type":"","background-media":"","overlay-type":"","overlay-color":"","overlay-opacity":"","overlay-gradient":""},"tablet":{"background-color":"var(--ast-global-color-5)","background-image":"","background-repeat":"repeat","background-position":"center center","background-size":"auto","background-attachment":"scroll","background-type":"","background-media":"","overlay-type":"","overlay-color":"","overlay-opacity":"","overlay-gradient":""},"mobile":{"background-color":"var(--ast-global-color-5)","background-image":"","background-repeat":"repeat","background-position":"center center","background-size":"auto","background-attachment":"scroll","background-type":"","background-media":"","overlay-type":"","overlay-color":"","overlay-opacity":"","overlay-gradient":""}},"footnotes":""},"categories":[102],"tags":[],"class_list":["post-9971","post","type-post","status-publish","format-standard","has-post-thumbnail","hentry","category-competitions"],"yoast_head":"<!-- This site is optimized with the Yoast SEO plugin v27.5 - https:\/\/yoast.com\/product\/yoast-seo-wordpress\/ -->\n<title>Louis Forgeard s\u00e9lectionn\u00e9 en \u00e9quipe de France -23 ans - Cano\u00eb-Kayak Club de Pont-R\u00e9an<\/title>\n<meta name=\"robots\" content=\"index, follow, max-snippet:-1, max-image-preview:large, max-video-preview:-1\" \/>\n<link rel=\"canonical\" href=\"https:\/\/ckcpr.fr\/index.php\/2022\/04\/27\/louis-forgeard-selectionne-en-equipe-de-france-23ans\/\" \/>\n<meta property=\"og:locale\" content=\"fr_FR\" \/>\n<meta property=\"og:type\" content=\"article\" \/>\n<meta property=\"og:title\" content=\"Louis Forgeard s\u00e9lectionn\u00e9 en \u00e9quipe de France -23 ans - Cano\u00eb-Kayak Club de Pont-R\u00e9an\" \/>\n<meta property=\"og:description\" content=\"Apr\u00e8s l\u2019avoir rat\u00e9 de peu l\u2019ann\u00e9e derni\u00e8re, Louis Forgeard licenci\u00e9 au CKCPR d\u00e9croche cette ann\u00e9e sa place en \u00e9quipe de France -23 ans. \u00ab Des points positifs ainsi que des pistes \u00e0 travailler ressortent de cette semaine de s\u00e9lection. Il reste du travail\u2026 \u00bb Pour Louis, la prochaine \u00e9tape sera les championnats d\u2019Europe -23 ans [&hellip;]\" \/>\n<meta property=\"og:url\" content=\"https:\/\/ckcpr.fr\/index.php\/2022\/04\/27\/louis-forgeard-selectionne-en-equipe-de-france-23ans\/\" \/>\n<meta property=\"og:site_name\" content=\"Cano\u00eb-Kayak Club de Pont-R\u00e9an\" \/>\n<meta property=\"article:published_time\" content=\"2022-04-27T05:55:21+00:00\" \/>\n<meta property=\"article:modified_time\" content=\"2022-05-03T06:13:26+00:00\" \/>\n<meta property=\"og:image\" content=\"https:\/\/ckcpr.fr\/wp-content\/uploads\/2022\/04\/Louis.jpg\" \/>\n\t<meta property=\"og:image:width\" content=\"800\" \/>\n\t<meta property=\"og:image:height\" content=\"928\" \/>\n\t<meta property=\"og:image:type\" content=\"image\/jpeg\" \/>\n<meta name=\"author\" content=\"Fabien SPINDLER\" \/>\n<meta name=\"twitter:label1\" content=\"\u00c9crit par\" \/>\n\t<meta name=\"twitter:data1\" content=\"Fabien SPINDLER\" \/>\n\t<meta name=\"twitter:label2\" content=\"Dur\u00e9e de lecture estim\u00e9e\" \/>\n\t<meta name=\"twitter:data2\" content=\"1 minute\" \/>\n<script type=\"application\/ld+json\" class=\"yoast-schema-graph\">{\"@context\":\"https:\\\/\\\/schema.org\",\"@graph\":[{\"@type\":\"Article\",\"@id\":\"https:\\\/\\\/ckcpr.fr\\\/index.php\\\/2022\\\/04\\\/27\\\/louis-forgeard-selectionne-en-equipe-de-france-23ans\\\/#article\",\"isPartOf\":{\"@id\":\"https:\\\/\\\/ckcpr.fr\\\/index.php\\\/2022\\\/04\\\/27\\\/louis-forgeard-selectionne-en-equipe-de-france-23ans\\\/\"},\"author\":{\"name\":\"Fabien SPINDLER\",\"@id\":\"https:\\\/\\\/ckcpr.fr\\\/#\\\/schema\\\/person\\\/77702215a818dc209589f38d0ef2a4ee\"},\"headline\":\"Louis Forgeard s\u00e9lectionn\u00e9 en \u00e9quipe de France -23 ans\",\"datePublished\":\"2022-04-27T05:55:21+00:00\",\"dateModified\":\"2022-05-03T06:13:26+00:00\",\"mainEntityOfPage\":{\"@id\":\"https:\\\/\\\/ckcpr.fr\\\/index.php\\\/2022\\\/04\\\/27\\\/louis-forgeard-selectionne-en-equipe-de-france-23ans\\\/\"},\"wordCount\":82,\"commentCount\":0,\"publisher\":{\"@id\":\"https:\\\/\\\/ckcpr.fr\\\/#organization\"},\"image\":{\"@id\":\"https:\\\/\\\/ckcpr.fr\\\/index.php\\\/2022\\\/04\\\/27\\\/louis-forgeard-selectionne-en-equipe-de-france-23ans\\\/#primaryimage\"},\"thumbnailUrl\":\"https:\\\/\\\/ckcpr.fr\\\/wp-content\\\/uploads\\\/2022\\\/04\\\/Louis.jpg\",\"articleSection\":[\"Comp\u00e9titions\"],\"inLanguage\":\"fr-FR\",\"potentialAction\":[{\"@type\":\"CommentAction\",\"name\":\"Comment\",\"target\":[\"https:\\\/\\\/ckcpr.fr\\\/index.php\\\/2022\\\/04\\\/27\\\/louis-forgeard-selectionne-en-equipe-de-france-23ans\\\/#respond\"]}]},{\"@type\":\"WebPage\",\"@id\":\"https:\\\/\\\/ckcpr.fr\\\/index.php\\\/2022\\\/04\\\/27\\\/louis-forgeard-selectionne-en-equipe-de-france-23ans\\\/\",\"url\":\"https:\\\/\\\/ckcpr.fr\\\/index.php\\\/2022\\\/04\\\/27\\\/louis-forgeard-selectionne-en-equipe-de-france-23ans\\\/\",\"name\":\"Louis Forgeard s\u00e9lectionn\u00e9 en \u00e9quipe de France -23 ans - Cano\u00eb-Kayak Club de Pont-R\u00e9an\",\"isPartOf\":{\"@id\":\"https:\\\/\\\/ckcpr.fr\\\/#website\"},\"primaryImageOfPage\":{\"@id\":\"https:\\\/\\\/ckcpr.fr\\\/index.php\\\/2022\\\/04\\\/27\\\/louis-forgeard-selectionne-en-equipe-de-france-23ans\\\/#primaryimage\"},\"image\":{\"@id\":\"https:\\\/\\\/ckcpr.fr\\\/index.php\\\/2022\\\/04\\\/27\\\/louis-forgeard-selectionne-en-equipe-de-france-23ans\\\/#primaryimage\"},\"thumbnailUrl\":\"https:\\\/\\\/ckcpr.fr\\\/wp-content\\\/uploads\\\/2022\\\/04\\\/Louis.jpg\",\"datePublished\":\"2022-04-27T05:55:21+00:00\",\"dateModified\":\"2022-05-03T06:13:26+00:00\",\"breadcrumb\":{\"@id\":\"https:\\\/\\\/ckcpr.fr\\\/index.php\\\/2022\\\/04\\\/27\\\/louis-forgeard-selectionne-en-equipe-de-france-23ans\\\/#breadcrumb\"},\"inLanguage\":\"fr-FR\",\"potentialAction\":[{\"@type\":\"ReadAction\",\"target\":[\"https:\\\/\\\/ckcpr.fr\\\/index.php\\\/2022\\\/04\\\/27\\\/louis-forgeard-selectionne-en-equipe-de-france-23ans\\\/\"]}]},{\"@type\":\"ImageObject\",\"inLanguage\":\"fr-FR\",\"@id\":\"https:\\\/\\\/ckcpr.fr\\\/index.php\\\/2022\\\/04\\\/27\\\/louis-forgeard-selectionne-en-equipe-de-france-23ans\\\/#primaryimage\",\"url\":\"https:\\\/\\\/ckcpr.fr\\\/wp-content\\\/uploads\\\/2022\\\/04\\\/Louis.jpg\",\"contentUrl\":\"https:\\\/\\\/ckcpr.fr\\\/wp-content\\\/uploads\\\/2022\\\/04\\\/Louis.jpg\",\"width\":800,\"height\":928},{\"@type\":\"BreadcrumbList\",\"@id\":\"https:\\\/\\\/ckcpr.fr\\\/index.php\\\/2022\\\/04\\\/27\\\/louis-forgeard-selectionne-en-equipe-de-france-23ans\\\/#breadcrumb\",\"itemListElement\":[{\"@type\":\"ListItem\",\"position\":1,\"name\":\"Accueil\",\"item\":\"https:\\\/\\\/ckcpr.fr\\\/\"},{\"@type\":\"ListItem\",\"position\":2,\"name\":\"Louis Forgeard s\u00e9lectionn\u00e9 en \u00e9quipe de France -23 ans\"}]},{\"@type\":\"WebSite\",\"@id\":\"https:\\\/\\\/ckcpr.fr\\\/#website\",\"url\":\"https:\\\/\\\/ckcpr.fr\\\/\",\"name\":\"Cano\u00eb-Kayak Club de Pont-R\u00e9an\",\"description\":\"\",\"publisher\":{\"@id\":\"https:\\\/\\\/ckcpr.fr\\\/#organization\"},\"potentialAction\":[{\"@type\":\"SearchAction\",\"target\":{\"@type\":\"EntryPoint\",\"urlTemplate\":\"https:\\\/\\\/ckcpr.fr\\\/?s={search_term_string}\"},\"query-input\":{\"@type\":\"PropertyValueSpecification\",\"valueRequired\":true,\"valueName\":\"search_term_string\"}}],\"inLanguage\":\"fr-FR\"},{\"@type\":\"Organization\",\"@id\":\"https:\\\/\\\/ckcpr.fr\\\/#organization\",\"name\":\"Cano\u00eb-Kayak Club de Pont-R\u00e9an\",\"url\":\"https:\\\/\\\/ckcpr.fr\\\/\",\"logo\":{\"@type\":\"ImageObject\",\"inLanguage\":\"fr-FR\",\"@id\":\"https:\\\/\\\/ckcpr.fr\\\/#\\\/schema\\\/logo\\\/image\\\/\",\"url\":\"https:\\\/\\\/ckcpr.fr\\\/wp-content\\\/uploads\\\/2022\\\/03\\\/cropped-cropped-Logo_ckcpr_horizontal.jpg\",\"contentUrl\":\"https:\\\/\\\/ckcpr.fr\\\/wp-content\\\/uploads\\\/2022\\\/03\\\/cropped-cropped-Logo_ckcpr_horizontal.jpg\",\"width\":468,\"height\":156,\"caption\":\"Cano\u00eb-Kayak Club de Pont-R\u00e9an\"},\"image\":{\"@id\":\"https:\\\/\\\/ckcpr.fr\\\/#\\\/schema\\\/logo\\\/image\\\/\"}},{\"@type\":\"Person\",\"@id\":\"https:\\\/\\\/ckcpr.fr\\\/#\\\/schema\\\/person\\\/77702215a818dc209589f38d0ef2a4ee\",\"name\":\"Fabien SPINDLER\",\"image\":{\"@type\":\"ImageObject\",\"inLanguage\":\"fr-FR\",\"@id\":\"https:\\\/\\\/secure.gravatar.com\\\/avatar\\\/39bef6716eae516dda73823f2c63c704b712b863069634c8687b14a1230ea606?s=96&d=mm&r=g\",\"url\":\"https:\\\/\\\/secure.gravatar.com\\\/avatar\\\/39bef6716eae516dda73823f2c63c704b712b863069634c8687b14a1230ea606?s=96&d=mm&r=g\",\"contentUrl\":\"https:\\\/\\\/secure.gravatar.com\\\/avatar\\\/39bef6716eae516dda73823f2c63c704b712b863069634c8687b14a1230ea606?s=96&d=mm&r=g\",\"caption\":\"Fabien SPINDLER\"},\"url\":\"https:\\\/\\\/ckcpr.fr\\\/index.php\\\/author\\\/fabien-spindler35gmail-com\\\/\"}]}<\/script>\n<!-- \/ Yoast SEO plugin. -->","yoast_head_json":{"title":"Louis Forgeard s\u00e9lectionn\u00e9 en \u00e9quipe de France -23 ans - Cano\u00eb-Kayak Club de Pont-R\u00e9an","robots":{"index":"index","follow":"follow","max-snippet":"max-snippet:-1","max-image-preview":"max-image-preview:large","max-video-preview":"max-video-preview:-1"},"canonical":"https:\/\/ckcpr.fr\/index.php\/2022\/04\/27\/louis-forgeard-selectionne-en-equipe-de-france-23ans\/","og_locale":"fr_FR","og_type":"article","og_title":"Louis Forgeard s\u00e9lectionn\u00e9 en \u00e9quipe de France -23 ans - Cano\u00eb-Kayak Club de Pont-R\u00e9an","og_description":"Apr\u00e8s l\u2019avoir rat\u00e9 de peu l\u2019ann\u00e9e derni\u00e8re, Louis Forgeard licenci\u00e9 au CKCPR d\u00e9croche cette ann\u00e9e sa place en \u00e9quipe de France -23 ans. \u00ab Des points positifs ainsi que des pistes \u00e0 travailler ressortent de cette semaine de s\u00e9lection. Il reste du travail\u2026 \u00bb Pour Louis, la prochaine \u00e9tape sera les championnats d\u2019Europe -23 ans [&hellip;]","og_url":"https:\/\/ckcpr.fr\/index.php\/2022\/04\/27\/louis-forgeard-selectionne-en-equipe-de-france-23ans\/","og_site_name":"Cano\u00eb-Kayak Club de Pont-R\u00e9an","article_published_time":"2022-04-27T05:55:21+00:00","article_modified_time":"2022-05-03T06:13:26+00:00","og_image":[{"width":800,"height":928,"url":"https:\/\/ckcpr.fr\/wp-content\/uploads\/2022\/04\/Louis.jpg","type":"image\/jpeg"}],"author":"Fabien SPINDLER","twitter_misc":{"\u00c9crit par":"Fabien SPINDLER","Dur\u00e9e de lecture estim\u00e9e":"1 minute"},"schema":{"@context":"https:\/\/schema.org","@graph":[{"@type":"Article","@id":"https:\/\/ckcpr.fr\/index.php\/2022\/04\/27\/louis-forgeard-selectionne-en-equipe-de-france-23ans\/#article","isPartOf":{"@id":"https:\/\/ckcpr.fr\/index.php\/2022\/04\/27\/louis-forgeard-selectionne-en-equipe-de-france-23ans\/"},"author":{"name":"Fabien SPINDLER","@id":"https:\/\/ckcpr.fr\/#\/schema\/person\/77702215a818dc209589f38d0ef2a4ee"},"headline":"Louis Forgeard s\u00e9lectionn\u00e9 en \u00e9quipe de France -23 ans","datePublished":"2022-04-27T05:55:21+00:00","dateModified":"2022-05-03T06:13:26+00:00","mainEntityOfPage":{"@id":"https:\/\/ckcpr.fr\/index.php\/2022\/04\/27\/louis-forgeard-selectionne-en-equipe-de-france-23ans\/"},"wordCount":82,"commentCount":0,"publisher":{"@id":"https:\/\/ckcpr.fr\/#organization"},"image":{"@id":"https:\/\/ckcpr.fr\/index.php\/2022\/04\/27\/louis-forgeard-selectionne-en-equipe-de-france-23ans\/#primaryimage"},"thumbnailUrl":"https:\/\/ckcpr.fr\/wp-content\/uploads\/2022\/04\/Louis.jpg","articleSection":["Comp\u00e9titions"],"inLanguage":"fr-FR","potentialAction":[{"@type":"CommentAction","name":"Comment","target":["https:\/\/ckcpr.fr\/index.php\/2022\/04\/27\/louis-forgeard-selectionne-en-equipe-de-france-23ans\/#respond"]}]},{"@type":"WebPage","@id":"https:\/\/ckcpr.fr\/index.php\/2022\/04\/27\/louis-forgeard-selectionne-en-equipe-de-france-23ans\/","url":"https:\/\/ckcpr.fr\/index.php\/2022\/04\/27\/louis-forgeard-selectionne-en-equipe-de-france-23ans\/","name":"Louis Forgeard s\u00e9lectionn\u00e9 en \u00e9quipe de France -23 ans - Cano\u00eb-Kayak Club de Pont-R\u00e9an","isPartOf":{"@id":"https:\/\/ckcpr.fr\/#website"},"primaryImageOfPage":{"@id":"https:\/\/ckcpr.fr\/index.php\/2022\/04\/27\/louis-forgeard-selectionne-en-equipe-de-france-23ans\/#primaryimage"},"image":{"@id":"https:\/\/ckcpr.fr\/index.php\/2022\/04\/27\/louis-forgeard-selectionne-en-equipe-de-france-23ans\/#primaryimage"},"thumbnailUrl":"https:\/\/ckcpr.fr\/wp-content\/uploads\/2022\/04\/Louis.jpg","datePublished":"2022-04-27T05:55:21+00:00","dateModified":"2022-05-03T06:13:26+00:00","breadcrumb":{"@id":"https:\/\/ckcpr.fr\/index.php\/2022\/04\/27\/louis-forgeard-selectionne-en-equipe-de-france-23ans\/#breadcrumb"},"inLanguage":"fr-FR","potentialAction":[{"@type":"ReadAction","target":["https:\/\/ckcpr.fr\/index.php\/2022\/04\/27\/louis-forgeard-selectionne-en-equipe-de-france-23ans\/"]}]},{"@type":"ImageObject","inLanguage":"fr-FR","@id":"https:\/\/ckcpr.fr\/index.php\/2022\/04\/27\/louis-forgeard-selectionne-en-equipe-de-france-23ans\/#primaryimage","url":"https:\/\/ckcpr.fr\/wp-content\/uploads\/2022\/04\/Louis.jpg","contentUrl":"https:\/\/ckcpr.fr\/wp-content\/uploads\/2022\/04\/Louis.jpg","width":800,"height":928},{"@type":"BreadcrumbList","@id":"https:\/\/ckcpr.fr\/index.php\/2022\/04\/27\/louis-forgeard-selectionne-en-equipe-de-france-23ans\/#breadcrumb","itemListElement":[{"@type":"ListItem","position":1,"name":"Accueil","item":"https:\/\/ckcpr.fr\/"},{"@type":"ListItem","position":2,"name":"Louis Forgeard s\u00e9lectionn\u00e9 en \u00e9quipe de France -23 ans"}]},{"@type":"WebSite","@id":"https:\/\/ckcpr.fr\/#website","url":"https:\/\/ckcpr.fr\/","name":"Cano\u00eb-Kayak Club de Pont-R\u00e9an","description":"","publisher":{"@id":"https:\/\/ckcpr.fr\/#organization"},"potentialAction":[{"@type":"SearchAction","target":{"@type":"EntryPoint","urlTemplate":"https:\/\/ckcpr.fr\/?s={search_term_string}"},"query-input":{"@type":"PropertyValueSpecification","valueRequired":true,"valueName":"search_term_string"}}],"inLanguage":"fr-FR"},{"@type":"Organization","@id":"https:\/\/ckcpr.fr\/#organization","name":"Cano\u00eb-Kayak Club de Pont-R\u00e9an","url":"https:\/\/ckcpr.fr\/","logo":{"@type":"ImageObject","inLanguage":"fr-FR","@id":"https:\/\/ckcpr.fr\/#\/schema\/logo\/image\/","url":"https:\/\/ckcpr.fr\/wp-content\/uploads\/2022\/03\/cropped-cropped-Logo_ckcpr_horizontal.jpg","contentUrl":"https:\/\/ckcpr.fr\/wp-content\/uploads\/2022\/03\/cropped-cropped-Logo_ckcpr_horizontal.jpg","width":468,"height":156,"caption":"Cano\u00eb-Kayak Club de Pont-R\u00e9an"},"image":{"@id":"https:\/\/ckcpr.fr\/#\/schema\/logo\/image\/"}},{"@type":"Person","@id":"https:\/\/ckcpr.fr\/#\/schema\/person\/77702215a818dc209589f38d0ef2a4ee","name":"Fabien SPINDLER","image":{"@type":"ImageObject","inLanguage":"fr-FR","@id":"https:\/\/secure.gravatar.com\/avatar\/39bef6716eae516dda73823f2c63c704b712b863069634c8687b14a1230ea606?s=96&d=mm&r=g","url":"https:\/\/secure.gravatar.com\/avatar\/39bef6716eae516dda73823f2c63c704b712b863069634c8687b14a1230ea606?s=96&d=mm&r=g","contentUrl":"https:\/\/secure.gravatar.com\/avatar\/39bef6716eae516dda73823f2c63c704b712b863069634c8687b14a1230ea606?s=96&d=mm&r=g","caption":"Fabien SPINDLER"},"url":"https:\/\/ckcpr.fr\/index.php\/author\/fabien-spindler35gmail-com\/"}]}},"_links":{"self":[{"href":"https:\/\/ckcpr.fr\/index.php\/wp-json\/wp\/v2\/posts\/9971","targetHints":{"allow":["GET"]}}],"collection":[{"href":"https:\/\/ckcpr.fr\/index.php\/wp-json\/wp\/v2\/posts"}],"about":[{"href":"https:\/\/ckcpr.fr\/index.php\/wp-json\/wp\/v2\/types\/post"}],"author":[{"embeddable":true,"href":"https:\/\/ckcpr.fr\/index.php\/wp-json\/wp\/v2\/users\/11"}],"replies":[{"embeddable":true,"href":"https:\/\/ckcpr.fr\/index.php\/wp-json\/wp\/v2\/comments?post=9971"}],"version-history":[{"count":0,"href":"https:\/\/ckcpr.fr\/index.php\/wp-json\/wp\/v2\/posts\/9971\/revisions"}],"wp:featuredmedia":[{"embeddable":true,"href":"https:\/\/ckcpr.fr\/index.php\/wp-json\/wp\/v2\/media\/9970"}],"wp:attachment":[{"href":"https:\/\/ckcpr.fr\/index.php\/wp-json\/wp\/v2\/media?parent=9971"}],"wp:term":[{"taxonomy":"category","embeddable":true,"href":"https:\/\/ckcpr.fr\/index.php\/wp-json\/wp\/v2\/categories?post=9971"},{"taxonomy":"post_tag","embeddable":true,"href":"https:\/\/ckcpr.fr\/index.php\/wp-json\/wp\/v2\/tags?post=9971"}],"curies":[{"name":"wp","href":"https:\/\/api.w.org\/{rel}","templated":true}]}}